{"id":339223,"date":"2026-09-02T02:09:14","date_gmt":"2026-09-02T02:09:14","guid":{"rendered":"https:\/\/www.europesays.com\/fi\/339223\/"},"modified":"2026-09-02T02:09:14","modified_gmt":"2026-09-02T02:09:14","slug":"dovre-group-oyj-saneerauksessa-on-myynyt-jaljella-olevat-liiketoimintaa-harjoittavat-tytaryhtionsa-dovren-konserni-on-purkautunut","status":"publish","type":"post","link":"https:\/\/www.europesays.com\/fi\/339223\/","title":{"rendered":"Dovre Group Oyj (saneerauksessa) on myynyt j\u00e4ljell\u00e4 olevat, liiketoimintaa harjoittavat tyt\u00e4ryhti\u00f6ns\u00e4, Dovren konserni on purkautunut"},"content":{"rendered":"<p>Dovre Group Oyj | P\u00f6rssitiedote | 1.9.2026 klo 18.00<\/p>\n<p><strong>Dovre Group Oyj (saneerauksessa) on myynyt j\u00e4ljell\u00e4 olevat, liiketoimintaa harjoittavat tyt\u00e4ryhti\u00f6ns\u00e4, Dovren konserni on purkautunut<\/strong><\/p>\n<p>Osana yrityssaneerausta Dovre Group Oyj (\u201dDovre\u201d) on myynyt k\u00e4teiskaupalla t\u00e4ysin omistusoikeuksin tyt\u00e4ryhti\u00f6ns\u00e4 Renetec Oy:n ja Proha Oy:n osakekannat sek\u00e4 omistusosuutensa singaporelaisessa Sararasa Bioindo Pte. Ltd:ss\u00e4 (19,86 prosenttia osakekannasta) Navdata Oy:lle.<\/p>\n<p>Samalla Dovren johtama konserni on purkautunut. Dovrella ei en\u00e4\u00e4 ole operatiivista liiketoimintaa harjoittavia tyt\u00e4ryhti\u00f6it\u00e4 eik\u00e4 osakkuusyhti\u00f6it\u00e4.<\/p>\n<p>Yhteenlaskettu k\u00e4teiskauppahinta on 615 000 euroa.<\/p>\n<p>Dovre uudistaa 21.5.2026 julkistamassaan tiedotteessa olleen n\u00e4kemyksen. Dovren etua palvelevana vaihtoehtona voidaan pit\u00e4\u00e4 j\u00e4rjestely\u00e4, jossa yrityssaneerausmenettelyn p\u00e4\u00e4tytty\u00e4 jokin Nasdaq Helsinki Oy:n listalle ottamisen edellytykset t\u00e4ytt\u00e4v\u00e4 yhteis\u00f6 yhdistyisi Dovren kanssa.<\/p>\n<p>Dovren tiedottama t\u00e4rke\u00e4 edellytys Dovren jatkamiselle p\u00f6rssiyhti\u00f6n\u00e4: ett\u00e4 Yhti\u00f6n nykyinen omaisuus realisoidaan joko yrityssaneerausmenettelyn aikana tai k\u00e4r\u00e4j\u00e4oikeudessa vahvistettavan saneerausohjelman m\u00e4\u00e4r\u00e4ysten perusteella, on nyt k\u00e4yt\u00e4nn\u00f6ss\u00e4 t\u00e4yttynyt.<\/p>\n<p><strong>Lis\u00e4tietoja<\/strong><br \/>Dovre Group Oyj<br \/>Kalervo R\u00f6ts\u00e4, hallituksen puheenjohtaja<br \/>Puh. 040 560 9891<br \/><a href=\"https:\/\/www.inderes.fi\/releases\/mailto:kalervo.rotsa@dovregroup.com\" rel=\"noopener nofollow\" target=\"_blank\">kalervo.rotsa@dovregroup.com<\/a><\/p>\n<p>Dovre Group Oyj<br \/>Markku Taskinen, toimitusjohtaja<br \/>Puh. 050\u00a0343 14 82<br \/><a href=\"https:\/\/www.inderes.fi\/releases\/mailto:markku.taskinen@dovregroup.com\" rel=\"noopener nofollow\" target=\"_blank\">markku.taskinen@dovregroup.com<\/a><\/p>\n<p><strong>Jakelu<\/strong><strong><br \/><\/strong>Nasdaq Helsinki<br \/>Keskeiset tiedotusv\u00e4lineet<br \/><a href=\"http:\/\/www.dovregroup.com\/\" rel=\"noopener nofollow\" target=\"_blank\">www.dovregroup.com<\/a><\/p>\n","protected":false},"excerpt":{"rendered":"Dovre Group Oyj | P\u00f6rssitiedote | 1.9.2026 klo 18.00 Dovre Group Oyj (saneerauksessa) on myynyt j\u00e4ljell\u00e4 olevat, liiketoimintaa&hellip;\n","protected":false},"author":2,"featured_media":339224,"comment_status":"","ping_status":"","sticky":false,"template":"","format":"standard","meta":{"footnotes":"","_share_on_mastodon":"0"},"categories":[76],"tags":[79,77,33,31,30,32,78],"class_list":["post-339223","post","type-post","status-publish","format-standard","has-post-thumbnail","category-talous","tag-business","tag-economy","tag-fi","tag-finland","tag-finnish","tag-suomi","tag-talous"],"share_on_mastodon":{"url":"https:\/\/pubeurope.com\/@fi\/117199016110831534","error":""},"_links":{"self":[{"href":"https:\/\/www.europesays.com\/fi\/wp-json\/wp\/v2\/posts\/339223","targetHints":{"allow":["GET"]}}],"collection":[{"href":"https:\/\/www.europesays.com\/fi\/wp-json\/wp\/v2\/posts"}],"about":[{"href":"https:\/\/www.europesays.com\/fi\/wp-json\/wp\/v2\/types\/post"}],"author":[{"embeddable":true,"href":"https:\/\/www.europesays.com\/fi\/wp-json\/wp\/v2\/users\/2"}],"replies":[{"embeddable":true,"href":"https:\/\/www.europesays.com\/fi\/wp-json\/wp\/v2\/comments?post=339223"}],"version-history":[{"count":0,"href":"https:\/\/www.europesays.com\/fi\/wp-json\/wp\/v2\/posts\/339223\/revisions"}],"wp:featuredmedia":[{"embeddable":true,"href":"https:\/\/www.europesays.com\/fi\/wp-json\/wp\/v2\/media\/339224"}],"wp:attachment":[{"href":"https:\/\/www.europesays.com\/fi\/wp-json\/wp\/v2\/media?parent=339223"}],"wp:term":[{"taxonomy":"category","embeddable":true,"href":"https:\/\/www.europesays.com\/fi\/wp-json\/wp\/v2\/categories?post=339223"},{"taxonomy":"post_tag","embeddable":true,"href":"https:\/\/www.europesays.com\/fi\/wp-json\/wp\/v2\/tags?post=339223"}],"curies":[{"name":"wp","href":"https:\/\/api.w.org\/{rel}","templated":true}]}}