{"id":339227,"date":"2026-09-02T02:11:12","date_gmt":"2026-09-02T02:11:12","guid":{"rendered":"https:\/\/www.europesays.com\/fi\/339227\/"},"modified":"2026-09-02T02:11:12","modified_gmt":"2026-09-02T02:11:12","slug":"veista-kantanut-motoristi-yritti-tarttua-poliisia-kaulasta-paikalliset","status":"publish","type":"post","link":"https:\/\/www.europesays.com\/fi\/339227\/","title":{"rendered":"Veist\u00e4 kantanut motoristi yritti tarttua poliisia kaulasta | Paikalliset"},"content":{"rendered":"<p>Motoristi suuttui ja yritti tarttua yll\u00e4tt\u00e4en moottoripy\u00f6r\u00e4poliisia kaulasta Vantaalla.<\/p>\n<p>Tapaus sattui elokuun loppupuolella pys\u00e4ytystilanteessa, kun poliisi mainitsi moottoripy\u00f6r\u00e4ilij\u00e4lle, ett\u00e4 t\u00e4m\u00e4n moottoripy\u00f6r\u00e4st\u00e4 puuttuu ajokilpi ja t\u00e4m\u00e4 on ajokiellossa.<\/p>\n<p><strong class=\"diks-storyline__impact\">Poliisi sai viety\u00e4<\/strong> aggressiivisen henkil\u00f6n maahan k\u00e4sivarresta. Poliisi piti rimpuilleen henkil\u00f6n aloillaan ja pyysi paikalle tukea.<\/p>\n<p>Motoristi vastusti poliisia toisen partion saapumiseen saakka. Toinen poliisipartio raudoitti motoristin. T\u00e4m\u00e4n taskusta l\u00f6ytyi keitti\u00f6veitsi.<\/p>\n<p>Poliisi ep\u00e4ilee henkil\u00f6\u00e4 virkamiehen v\u00e4kivaltaisesta vastustamisesta, toisen vakavaan vahingoittamiseen soveltuvan esineen tai aineen hallussapidosta, kulkuneuvon kuljettamisesta oikeudetta, liikenneturvallisuuden vaarantamisesta ja ajoneuvorikoksesta.<\/p>\n<p><strong class=\"diks-storyline__impact\">T\u00e4ss\u00e4 on esimerkki<\/strong> tapauksesta, jossa poliisi on joutunut k\u00e4ytt\u00e4m\u00e4\u00e4n voimakeinoja t\u00e4n\u00e4 vuonna. Tiedotteen mukaan poliisin voimank\u00e4ytt\u00f6tilanteita on kirjattu t\u00e4n\u00e4 vuonna Suomessa yli 10\u2009000.<\/p>\n<p>Voimank\u00e4ytt\u00f6tilanteiden m\u00e4\u00e4r\u00e4 on kasvanut samalla, kun poliisin v\u00e4kivaltainen vastustaminen on kaksinkertaistunut vuosina 2015\u20132025.<\/p>\n<p>Poliisihallituksen mukaan vuonna 2024 poliisi varautui voimakeinojen k\u00e4ytt\u00f6\u00f6n tai k\u00e4ytti niit\u00e4 l\u00e4hes 17\u2009000 tilanteessa, kun viime vuonna m\u00e4\u00e4r\u00e4 lis\u00e4\u00e4ntyi yli 18\u2009500 tapaukseen.<\/p>\n<p>\u2212 Poliisitoiminnan periaatteena on v\u00e4ltt\u00e4\u00e4 voimakeinojen k\u00e4ytt\u00f6\u00e4. Poliisi yritt\u00e4\u00e4 ratkaista tilanteet ensisijaisesti neuvomalla, kehottamalla, k\u00e4skytt\u00e4m\u00e4ll\u00e4 ja muun vuorovaikutuksen keinoin. Voimaa k\u00e4ytet\u00e4\u00e4n vain silloin, kun poliisin virkateht\u00e4v\u00e4n hoitaminen sit\u00e4 v\u00e4ltt\u00e4m\u00e4tt\u00e4 edellytt\u00e4\u00e4, kertoo tiedotteessa poliisin valvonta- ja h\u00e4lytystoiminnasta vastaava poliisiylitarkastaja <strong>Sami H\u00e4t\u00f6nen<\/strong> Poliisihallituksesta.<\/p>\n<p>\u2212 P\u00e4\u00e4t\u00f6s k\u00e4ytett\u00e4vist\u00e4 voimakeinoista joudutaan usein tekem\u00e4\u00e4n nopeasti ja paineen alaisena. K\u00e4ytett\u00e4v\u00e4n voimakeinon tulee olla samanaikaisesti lievin, tilanteeseen soveltuva ja riitt\u00e4v\u00e4n tehokas, H\u00e4t\u00f6nen sanoo.<\/p>\n","protected":false},"excerpt":{"rendered":"Motoristi suuttui ja yritti tarttua yll\u00e4tt\u00e4en moottoripy\u00f6r\u00e4poliisia kaulasta Vantaalla. Tapaus sattui elokuun loppupuolella pys\u00e4ytystilanteessa, kun poliisi mainitsi moottoripy\u00f6r\u00e4ilij\u00e4lle,&hellip;\n","protected":false},"author":2,"featured_media":339228,"comment_status":"","ping_status":"","sticky":false,"template":"","format":"standard","meta":{"footnotes":"","_share_on_mastodon":"0"},"categories":[12],"tags":[22,23,26,27,33,31,30,17,55,53,24,25,28,29,15,18,21,52,32,128,19,20,546,16],"class_list":["post-339227","post","type-post","status-publish","format-standard","has-post-thumbnail","category-suomi","tag-breaking-news","tag-breakingnews","tag-featured-news","tag-featurednews","tag-fi","tag-finland","tag-finnish","tag-headlines","tag-lainvalvonta","tag-laki-oikeus-ja-rikos","tag-latest-news","tag-latestnews","tag-main-news","tag-mainnews","tag-news","tag-otsikot","tag-paauutiset","tag-poliisi","tag-suomi","tag-tieliikenne","tag-top-stories","tag-topstories","tag-turvallisuus","tag-uutiset"],"share_on_mastodon":{"url":"https:\/\/pubeurope.com\/@fi\/117199024338057047","error":""},"_links":{"self":[{"href":"https:\/\/www.europesays.com\/fi\/wp-json\/wp\/v2\/posts\/339227","targetHints":{"allow":["GET"]}}],"collection":[{"href":"https:\/\/www.europesays.com\/fi\/wp-json\/wp\/v2\/posts"}],"about":[{"href":"https:\/\/www.europesays.com\/fi\/wp-json\/wp\/v2\/types\/post"}],"author":[{"embeddable":true,"href":"https:\/\/www.europesays.com\/fi\/wp-json\/wp\/v2\/users\/2"}],"replies":[{"embeddable":true,"href":"https:\/\/www.europesays.com\/fi\/wp-json\/wp\/v2\/comments?post=339227"}],"version-history":[{"count":0,"href":"https:\/\/www.europesays.com\/fi\/wp-json\/wp\/v2\/posts\/339227\/revisions"}],"wp:featuredmedia":[{"embeddable":true,"href":"https:\/\/www.europesays.com\/fi\/wp-json\/wp\/v2\/media\/339228"}],"wp:attachment":[{"href":"https:\/\/www.europesays.com\/fi\/wp-json\/wp\/v2\/media?parent=339227"}],"wp:term":[{"taxonomy":"category","embeddable":true,"href":"https:\/\/www.europesays.com\/fi\/wp-json\/wp\/v2\/categories?post=339227"},{"taxonomy":"post_tag","embeddable":true,"href":"https:\/\/www.europesays.com\/fi\/wp-json\/wp\/v2\/tags?post=339227"}],"curies":[{"name":"wp","href":"https:\/\/api.w.org\/{rel}","templated":true}]}}