{"id":339233,"date":"2026-09-02T02:32:15","date_gmt":"2026-09-02T02:32:15","guid":{"rendered":"https:\/\/www.europesays.com\/fi\/339233\/"},"modified":"2026-09-02T02:32:15","modified_gmt":"2026-09-02T02:32:15","slug":"tama-mies-antoi-cheekille-kenkaa-sitten-han-sai-itse-potkut","status":"publish","type":"post","link":"https:\/\/www.europesays.com\/fi\/339233\/","title":{"rendered":"T\u00e4m\u00e4 mies antoi Cheekille kenk\u00e4\u00e4 \u2013 Sitten h\u00e4n sai itse potkut"},"content":{"rendered":"<p>Kimmo Valtanen nousi musiikkibisneksen huipulle ja tuli rytin\u00e4ll\u00e4 alas, kahdesti. <\/p>\n<p class=\"paragraph\"><a href=\"https:\/\/www.iltalehti.fi\/henkilot\/Kimmo Valtanen\" class=\"article-link-person-page\" rel=\"nofollow noopener\" target=\"_blank\">Kimmo Valtasella<\/a> on \u201dmeriitti\u201d, joka harvalla on, eik\u00e4 h\u00e4n ujostele kertoa sit\u00e4.<\/p>\n<p class=\"paragraph\">\u2013 M\u00e4 olen ainoa Suomessa, joka on antanut <a href=\"https:\/\/www.iltalehti.fi\/henkilot\/Cheek\" class=\"article-link-person-page\" rel=\"nofollow noopener\" target=\"_blank\">Cheekille<\/a> kenk\u00e4\u00e4, Valtanen nauraa.<\/p>\n<p class=\"paragraph\">Tosiaan, Valtanen, Sony BMG:n toimitusjohtaja, ei jatkanut Cheekin levytyssopimusta. Cheek siirtyi R\u00e4hin\u00e4 Recordsille vuonna 2007, ja h\u00e4nest\u00e4 tuli Suomen suosituin artisti.<\/p>\n<p class=\"paragraph\">\u2013 Cheek on siin\u00e4 mieless\u00e4 hyv\u00e4 esimerkki, ettei sit\u00e4 voi voittaa, jos ei tule vastoink\u00e4ymisi\u00e4 vastaan, joista sitten oppii, nousee ja jatkaa eteenp\u00e4in.<\/p>\n<p class=\"paragraph\">Juuri siin\u00e4 tilanteessa Valtanenkin on ollut. H\u00e4n nousi melko nopeasti musiikkimaailman huipulle. H\u00e4nest\u00e4 tuli Sonyn toimitusjohtaja ja my\u00f6hemmin Universalin toimitusjohtaja. Molemmista pesteist\u00e4 h\u00e4n sai potkut.<\/p>\n<p><img decoding=\"async\" class=\"image image-show image-preview\" src=\"https:\/\/www.europesays.com\/fi\/wp-content\/uploads\/2026\/09\/9265b256b7b1af488e61ed13e3f4891bcb198780c15267848bfece5069831739.jpg\" alt=\"\"\/><img decoding=\"async\" class=\"image image-show\" src=\"https:\/\/www.europesays.com\/fi\/wp-content\/uploads\/2026\/09\/1788316335_296_9265b256b7b1af488e61ed13e3f4891bcb198780c15267848bfece5069831739.jpg\" alt=\"\"\/><\/p>\n<p>Kimmo Valtanen on tehnyt pitk\u00e4n uran musiikkimaailmassa.  Maarit Pohjanpalo<\/p>\n<p class=\"paragraph\">Varsinkin potkut Sonylta kuulostavat suorastaan brutaaleilta.<\/p>\n<p class=\"paragraph\">Valtanen oli kutsuttu hotelli K\u00e4mpiin aamiaiselle Sony Music Euroopan ison pomon <strong>Adam Graniten<\/strong> kanssa.<\/p>\n<p class=\"paragraph\">Valtanen oli kysym\u00e4ss\u00e4, miten lento Helsinkiin sujui, mutta jutustelu j\u00e4i lyhyeksi. Granite sanoi Valtasen pestin p\u00e4\u00e4ttyv\u00e4n. Samaan aikaan Sonyn toimistolla ty\u00f6ntekij\u00f6ille esiteltiin uusi johto. Valtanen ei saanut k\u00e4yd\u00e4 sanomassa hyv\u00e4stej\u00e4 entisille alaisilleen. Henkil\u00f6kohtaiset tavaratkin h\u00e4n sai k\u00e4yd\u00e4 hakemassa viikonloppuna, kun paikalla ei ollut muita.<\/p>\n<p class=\"paragraph\">\u2013 Se tuntui pahalta. Tuntui kuin olisi jossain jenkkileffassa, ett\u00e4 voiko t\u00e4m\u00e4 olla totta, n\u00e4ink\u00f6 peli\u00e4 on pelattu selk\u00e4ni takana.<\/p>\n<p class=\"paragraph\">Valtanen sanoo katkeruuden olevan v\u00e4\u00e4r\u00e4 sana kuvailemaan h\u00e4nen senhetkisi\u00e4 tuntemuksiaan. Surullinen, pettynyt ja yll\u00e4ttynyt ovat niit\u00e4 oikeita sanoja.<\/p>\n<p class=\"paragraph\">\u2013 Muiden tai itsens\u00e4 syyttely siin\u00e4 tilanteessa on ihan turhaa. Siin\u00e4 vaiheessa, kun on tavallaan kakat housuissa, ei syyllisi\u00e4 kannata mietti\u00e4 vaan on ment\u00e4v\u00e4 eteenp\u00e4in.<\/p>\n<p class=\"paragraph\">Mit\u00e4\u00e4n tarkempaa selityst\u00e4 potkuilleen Valtanen ei saanut. Selityksi\u00e4 ei yleens\u00e4k\u00e4\u00e4n anneta tuollaisissa tilanteissa.<\/p>\n<p class=\"paragraph\">Valtanen ei j\u00e4\u00e4nyt tyhj\u00e4n p\u00e4\u00e4lle taloudellisesti, eropaketti kun oli Valtasen mukaan \u201dihan hyv\u00e4\u201d.<\/p>\n<p class=\"paragraph\">\u2013 Mutta aika hurjaa oli se, ett\u00e4 lapsen koulussa puhuttiin, ett\u00e4 \u201dhei sun isk\u00e4 on ty\u00f6t\u00f6n\u201d.<\/p>\n<p class=\"paragraph\">Potkut Valtanen sai perjantaina 13. p\u00e4iv\u00e4n\u00e4 vuonna 2012.<\/p>\n<p class=\"paragraph\">\u2013 Ihmisarvoaan ja toivoaan ei saa menett\u00e4\u00e4. Min\u00e4 p\u00e4\u00e4tin, ett\u00e4 jatkossa perjantai 13. p\u00e4iv\u00e4 on minun onnenp\u00e4iv\u00e4ni.<\/p>\n<p>Kimmo Valtanen ei k\u00e4y nyky\u00e4\u00e4n keikoilla levy-yhti\u00f6pomona vaan omana itsen\u00e4\u00e4n.  Maarit Pohjanpalo<\/p>\n<p>Lordin viisuvoitto<\/p>\n<p class=\"paragraph\">Sonyn vuosiin mahtuu Valtasen uran huippuhetki, Sonyn artisti Lordin viisuvoitto vuonna 2006.<\/p>\n<p class=\"paragraph\">\u2013 Se oli niin poikkeuksellista. Olimme tottuneet h\u00e4vi\u00e4m\u00e4\u00e4n. Homma meni aika lailla niin, ett\u00e4 ensin on kotimaan kilpailu. Yksi voittaa, muut h\u00e4vi\u00e4\u00e4. Ja sitten se, joka l\u00e4hetet\u00e4\u00e4n ulkomaille, h\u00e4vi\u00e4\u00e4kin viel\u00e4 enemm\u00e4n. Ura tavallaan tuhoutuu sit\u00e4 kautta, kun oman kyl\u00e4n tytt\u00f6 tai poika ei tuonutkaan sit\u00e4 voittoa.<\/p>\n<p class=\"paragraph\">Toista voittoa ei ole tullut, mutta Suomen viisukarsinnoista, Uuden musiikin kilpailusta, on tullut laadukas kisa, jonne artistit ja levy-yhti\u00f6t haluavat.<\/p>\n<p class=\"paragraph\">Valtanen muistelee, miten k\u00e4\u00e4nteentekev\u00e4 vuosi oli 2021, jolloin Universalin Teflon Brothers yhdess\u00e4 <a href=\"https:\/\/www.iltalehti.fi\/henkilot\/Pandora\" class=\"article-link-person-page\" rel=\"nofollow noopener\" target=\"_blank\">Pandoran<\/a> kanssa osallistui UMK:hon. Silloin UMK:n vaikutus alkoi n\u00e4ky\u00e4 artistien striimausm\u00e4\u00e4riss\u00e4. Aiemmin n\u00e4in ei ollut.<\/p>\n<p class=\"paragraph\">\u2013 Se mihin emme voineet vaikuttaa, oli se milt\u00e4 esitys n\u00e4ytt\u00e4\u00e4. Se esitys telkkarissa oli ihan kauhea. Siis aivan kauhea. Ensimm\u00e4isen puolentoista minuutin aikana ei tapahtunut mit\u00e4\u00e4n, Pandora vain j\u00f6p\u00f6tti staattisesti siell\u00e4. Ajattelin, ett\u00e4 ei herran jestas, t\u00e4m\u00e4 ei n\u00e4yt\u00e4 hyv\u00e4lt\u00e4. Koko homma l\u00e4ss\u00e4hti.<\/p>\n<p class=\"paragraph\">Muiksi huippuhetkiksi Valtanen nostaa ty\u00f6skentelyn Ville Valon ja HIMin kanssa sek\u00e4 ylip\u00e4\u00e4ns\u00e4 ty\u00f6nteon suomalaisten artistien kanssa.<\/p>\n<p class=\"paragraph\">\u2013 Merkitt\u00e4v\u00e4n\u00e4 pid\u00e4n my\u00f6s sit\u00e4, ett\u00e4 olen saanut rekrytoida alalle paljon uusia ihmisi\u00e4. Sanoisin, ett\u00e4 heist\u00e4 v\u00e4hint\u00e4\u00e4n kaksi kolmasosaa on ollut naisia. Monimuotoisuutta on tullut todella paljon ja se on tapahtunut puhtaasti sen takia, ett\u00e4 niihin rooleihin siin\u00e4 hetkess\u00e4 rekrytoidut naiset ovat olleet yksinkertaisesti parhaita.<\/p>\n<p>Kimmo Valtanen sanoo t\u00f6rm\u00e4nneens\u00e4 Jare Tiihoseen, siis Cheekiin kerran sattumalta. Miehet moikkasivat toisiaan hyv\u00e4ss\u00e4 hengess\u00e4.  Maarit Pohjanpalo<\/p>\n<p>Uusi ty\u00f6 Universalilla<\/p>\n<p class=\"paragraph\">Valtasesta tuli toisen suuren, Universal Music Finlandin, markkinointijohtaja vuonna 2012. Universalin toimitusjohtaja Valtasesta tuli vuonna 2015.<\/p>\n<p class=\"paragraph\">Suomen Universal teki hyv\u00e4\u00e4 tulosta. Kaikista Pohjoismaista se teki parasta tulosta.<\/p>\n<p class=\"paragraph\">Potkut tuli silti elokuussa 2024. Verrattuna Sonyyn potkut olivat inhimillisemm\u00e4t, ja Valtanen sai itse kertoa asiasta alaisilleen.<\/p>\n<p class=\"paragraph\">Mit\u00e4 Valtanen olisi voinut tehd\u00e4 paremmin?<\/p>\n<p class=\"paragraph\">\u2013 No&#8230; ei mit\u00e4\u00e4n. Peli liike-el\u00e4m\u00e4ss\u00e4 on tietyll\u00e4 tavalla samanlaista kuin Game of Thronesissa, sellaista, mit\u00e4 on vuosisatojen ajan tapahtunut johtamisen ja positioiden ymp\u00e4rill\u00e4. Ehk\u00e4 jos minut olisi nostettu johtamaan Pohjoismaiden kaikkia maita (Universalin yksik\u00f6it\u00e4), olisin voinut toimia samalla tavalla.<\/p>\n<p class=\"paragraph\">Valtasen mukaan peli voi olla raadollista ja kovaa. Se voi perustua muihinkin asioihin kuin mittareilla mitattuna hyv\u00e4\u00e4n suorittamiseen.<\/p>\n<p>Vaikeat sopimusneuvottelut<\/p>\n<p class=\"paragraph\">Valtanen on urallaan joutunut sanomaan artisteille, muillekin kuin Cheekille, ei. Ein sanominen on Valtasen mukaan aina haastavaa, samoin sopimusneuvottelut ovat vaikea paikka.<\/p>\n<p class=\"paragraph\">\u2013 Siin\u00e4 voi olla hyv\u00e4 meininki ja hyv\u00e4 tekeminen. Yht\u00e4kki\u00e4 se saattaakin muuttua semmoiseksi liiketaloudelliseksi peliksi. Sit\u00e4 pit\u00e4\u00e4 oppia, ett\u00e4 vaikka ollaan artistin kanssa symbioosissa ja suhteessa, se kaikki saattaa p\u00e4\u00e4tty\u00e4.<\/p>\n<p>Kimmo Valtanen iloitsee siit\u00e4, ett\u00e4 h\u00e4n p\u00e4\u00e4see edelleen tekem\u00e4\u00e4n merkityksellisi\u00e4 asioita.  Maarit Pohjanpalo<\/p>\n<p class=\"paragraph\">Valtanen antaa nyky\u00e4\u00e4n sparrausapua musiikkialan ihmisille, opettaa musiikkibisnest\u00e4 Tampereen ammattikorkeakoulussa ja on mukana Sein\u00e4joen ammattikorkeakoulun Musiikkibisneksen tulevaisuuden tekij\u00e4t -hankkeessa.<\/p>\n<p class=\"paragraph\">Musiikkimaailman tapahtumia h\u00e4n seuraa et\u00e4\u00e4mm\u00e4lt\u00e4.<\/p>\n<p class=\"paragraph\">\u2013 Ilolla seuraan esimerkiksi <a href=\"https:\/\/www.iltalehti.fi\/henkilot\/Mirella\" class=\"article-link-person-page\" rel=\"nofollow noopener\" target=\"_blank\">Mirellaa,<\/a> <strong>Minttua<\/strong>, Kuumaata ja muita, joiden kanssa olen p\u00e4\u00e4ssyt tekem\u00e4\u00e4n t\u00f6it\u00e4.<\/p>\n<p class=\"paragraph\">Kokemuksistaan levy-yhti\u00f6maailmassa Valtanen muistelee tuoreessa kirjassaan Kimmo Valtanen: Perjantai 13. p\u00e4iv\u00e4 (Anna Laine,  Johnny Kniga, 2026).<\/p>\n<p class=\"paragraph\">Kirja syntyi Valtasen mukaan v\u00e4h\u00e4n vahingossa. Valtanen oli ensin ep\u00e4varma, kannattaako kirjaa tehd\u00e4.<\/p>\n<p class=\"paragraph\">\u2013 Sanoin sitten, ett\u00e4 okei, jos tehd\u00e4\u00e4n, tehd\u00e4\u00e4n hyv\u00e4 kirja.<\/p>\n<p class=\"paragraph\">Ent\u00e4, jos jokin levy-yhti\u00f6 tarjoaisi toimitusjohtajan paikkaa?<\/p>\n<p class=\"paragraph\">\u2013Pid\u00e4n sit\u00e4 ep\u00e4todenn\u00e4k\u00f6isen\u00e4, mutta en usko, ett\u00e4 voisin seireenien kutsua vastustaa.<\/p>\n<p class=\"paragraph\">Kimmo Valtanen: Perjantai 13. p\u00e4iv\u00e4 (Anna Laine, Johnny Kniga, 2026) ilmestyy 1.9.<\/p>\n","protected":false},"excerpt":{"rendered":"Kimmo Valtanen nousi musiikkibisneksen huipulle ja tuli rytin\u00e4ll\u00e4 alas, kahdesti. Kimmo Valtasella on \u201dmeriitti\u201d, joka harvalla on, eik\u00e4&hellip;\n","protected":false},"author":2,"featured_media":339234,"comment_status":"","ping_status":"","sticky":false,"template":"","format":"standard","meta":{"footnotes":"","_share_on_mastodon":"0"},"categories":[130],"tags":[35,138,137,33,31,30,47,141,742,32,484,109],"class_list":["post-339233","post","type-post","status-publish","format-standard","has-post-thumbnail","category-viihde","tag-24h","tag-audio","tag-entertainment","tag-fi","tag-finland","tag-finnish","tag-musiikki","tag-muusikot-bandit","tag-suomalainen-musiikki","tag-suomi","tag-taiteellinen-ilmaisu-ja-mediat","tag-viihde"],"share_on_mastodon":{"url":"https:\/\/pubeurope.com\/@fi\/117199107019751944","error":""},"_links":{"self":[{"href":"https:\/\/www.europesays.com\/fi\/wp-json\/wp\/v2\/posts\/339233","targetHints":{"allow":["GET"]}}],"collection":[{"href":"https:\/\/www.europesays.com\/fi\/wp-json\/wp\/v2\/posts"}],"about":[{"href":"https:\/\/www.europesays.com\/fi\/wp-json\/wp\/v2\/types\/post"}],"author":[{"embeddable":true,"href":"https:\/\/www.europesays.com\/fi\/wp-json\/wp\/v2\/users\/2"}],"replies":[{"embeddable":true,"href":"https:\/\/www.europesays.com\/fi\/wp-json\/wp\/v2\/comments?post=339233"}],"version-history":[{"count":0,"href":"https:\/\/www.europesays.com\/fi\/wp-json\/wp\/v2\/posts\/339233\/revisions"}],"wp:featuredmedia":[{"embeddable":true,"href":"https:\/\/www.europesays.com\/fi\/wp-json\/wp\/v2\/media\/339234"}],"wp:attachment":[{"href":"https:\/\/www.europesays.com\/fi\/wp-json\/wp\/v2\/media?parent=339233"}],"wp:term":[{"taxonomy":"category","embeddable":true,"href":"https:\/\/www.europesays.com\/fi\/wp-json\/wp\/v2\/categories?post=339233"},{"taxonomy":"post_tag","embeddable":true,"href":"https:\/\/www.europesays.com\/fi\/wp-json\/wp\/v2\/tags?post=339233"}],"curies":[{"name":"wp","href":"https:\/\/api.w.org\/{rel}","templated":true}]}}