{"id":339235,"date":"2026-09-02T02:35:17","date_gmt":"2026-09-02T02:35:17","guid":{"rendered":"https:\/\/www.europesays.com\/fi\/339235\/"},"modified":"2026-09-02T02:35:17","modified_gmt":"2026-09-02T02:35:17","slug":"mikkeliin-miljardiluokan-datakeskus-enintaan-250-tyopaikkaa","status":"publish","type":"post","link":"https:\/\/www.europesays.com\/fi\/339235\/","title":{"rendered":"Mikkeliin miljardiluokan datakeskus \u2013 enint\u00e4\u00e4n 250 ty\u00f6paikkaa"},"content":{"rendered":"<p><strong class=\"typography-bold\">Mikkeliin tulee uusi datakeskus teko\u00e4lylaskentaa varten.<\/strong><\/p>\n<p>Mikkelin datakeskushankkeen takana ovat yhdysvaltalainen siruyhti\u00f6 Cerebras ja datakeskuksia kehitt\u00e4v\u00e4 yritys Compute Nordic Finland. Yhti\u00f6iden tiedotteen <a class=\"underline\" data-testid=\"external-link\" href=\"https:\/\/www.globenewswire.com\/news-release\/2026\/09\/01\/3353779\/0\/en\/cerebras-and-compute-nordic-finland-announce-new-165-mw-ai-data-centre-in-mikkeli-finland.html\" rel=\"noopener nofollow\" target=\"_blank\">mukaan<\/a> datakeskuksen ensimm\u00e4inen, 50 megawatin vaihe on jo rakenteilla. Kapasiteettia on tarkoitus lis\u00e4t\u00e4 v\u00e4hitellen 165 megawattiin asti.<\/p>\n<p>Yhti\u00f6iden mukaan konsulttiyhti\u00f6 Ramboll on arvioinut, ett\u00e4 t\u00e4ydess\u00e4 kapasiteetissaan hanke merkitsisi yli miljardin euron investointia alueelle. Datakeskus voisi my\u00f6s luoda enint\u00e4\u00e4n 250 suoraa ty\u00f6paikkaa.<\/p>\n","protected":false},"excerpt":{"rendered":"Mikkeliin tulee uusi datakeskus teko\u00e4lylaskentaa varten. Mikkelin datakeskushankkeen takana ovat yhdysvaltalainen siruyhti\u00f6 Cerebras ja datakeskuksia kehitt\u00e4v\u00e4 yritys Compute&hellip;\n","protected":false},"author":2,"featured_media":339236,"comment_status":"","ping_status":"","sticky":false,"template":"","format":"standard","meta":{"footnotes":"","_share_on_mastodon":"0"},"categories":[76],"tags":[79,77,33,31,30,32,78],"class_list":["post-339235","post","type-post","status-publish","format-standard","has-post-thumbnail","category-talous","tag-business","tag-economy","tag-fi","tag-finland","tag-finnish","tag-suomi","tag-talous"],"share_on_mastodon":{"url":"https:\/\/pubeurope.com\/@fi\/117199118439263522","error":""},"_links":{"self":[{"href":"https:\/\/www.europesays.com\/fi\/wp-json\/wp\/v2\/posts\/339235","targetHints":{"allow":["GET"]}}],"collection":[{"href":"https:\/\/www.europesays.com\/fi\/wp-json\/wp\/v2\/posts"}],"about":[{"href":"https:\/\/www.europesays.com\/fi\/wp-json\/wp\/v2\/types\/post"}],"author":[{"embeddable":true,"href":"https:\/\/www.europesays.com\/fi\/wp-json\/wp\/v2\/users\/2"}],"replies":[{"embeddable":true,"href":"https:\/\/www.europesays.com\/fi\/wp-json\/wp\/v2\/comments?post=339235"}],"version-history":[{"count":0,"href":"https:\/\/www.europesays.com\/fi\/wp-json\/wp\/v2\/posts\/339235\/revisions"}],"wp:featuredmedia":[{"embeddable":true,"href":"https:\/\/www.europesays.com\/fi\/wp-json\/wp\/v2\/media\/339236"}],"wp:attachment":[{"href":"https:\/\/www.europesays.com\/fi\/wp-json\/wp\/v2\/media?parent=339235"}],"wp:term":[{"taxonomy":"category","embeddable":true,"href":"https:\/\/www.europesays.com\/fi\/wp-json\/wp\/v2\/categories?post=339235"},{"taxonomy":"post_tag","embeddable":true,"href":"https:\/\/www.europesays.com\/fi\/wp-json\/wp\/v2\/tags?post=339235"}],"curies":[{"name":"wp","href":"https:\/\/api.w.org\/{rel}","templated":true}]}}