{"id":339239,"date":"2026-09-02T02:37:17","date_gmt":"2026-09-02T02:37:17","guid":{"rendered":"https:\/\/www.europesays.com\/fi\/339239\/"},"modified":"2026-09-02T02:37:17","modified_gmt":"2026-09-02T02:37:17","slug":"ruokavirasto-selvittaa-aidan-rakentamista-sikaruton-tartunta-alueelle","status":"publish","type":"post","link":"https:\/\/www.europesays.com\/fi\/339239\/","title":{"rendered":"Ruokavirasto selvitt\u00e4\u00e4 aidan rakentamista sikaruton tartunta-alueelle"},"content":{"rendered":"<p>Tiistaista l\u00e4htien Ruokavirasto maksaa 500 euron mets\u00e4stys- ja ilmoituspalkkioita kuolleista villisioista.<\/p>\n<p>1.9. 19:36<\/p>\n<p class=\"article-body mb-(--paragraph-margin-b) px-nof-16\">Ruokavirasto kertoi tiistaina j\u00e4rjestetyss\u00e4 tiedotustilaisuudessa, ett\u00e4 afrikkalaisen sikaruton tartunta-alueen mahdollista aitaamista selvitet\u00e4\u00e4n.<\/p>\n<p class=\"article-body mb-(--paragraph-margin-b) px-nof-16\">Aitaaminen voisi koskea uutta Virolahdella sijaitsevaa ydinaluetta. Ruokavirasto harkitsee my\u00f6s uuden ydinalueen perustamista alueen l\u00e4nsiosaan. Taustalla on perjantaina Pyht\u00e4\u00e4lt\u00e4 l\u00f6ydetty tautitapaus.<\/p>\n<p class=\"article-body mb-(--paragraph-margin-b) px-nof-16\">Ruokavirasto selvitt\u00e4\u00e4 t\u00e4ll\u00e4 hetkell\u00e4, onko Pyht\u00e4\u00e4n kuolleella villisialla todettu tauti samaa virustyyppi\u00e4 kuin Virolahden alueella todetut. Selvityksen on tarkoitus valmistua ensi viikon alussa.<\/p>\n<p class=\"article-body mb-(--paragraph-margin-b) px-nof-16\">Pyht\u00e4\u00e4n alueella aloitetaan l\u00e4hip\u00e4ivin\u00e4 my\u00f6s maastoetsinn\u00e4t.<\/p>\n<p class=\"article-body mb-(--paragraph-margin-b) px-nof-16\">Hallitus tiedotti <a class=\"underline underline-offset-[0.12em] [text-decoration-thickness:var(--generic-link-underline-thickness)] [text-decoration-color:var(--generic-link-underline-color)] [text-decoration-skip-ink:var(--generic-link-underline-skip-ink)] break-words\" href=\"https:\/\/www.is.fi\/kotimaa\/art-2000012244926.html\" rel=\"nofollow noopener\" target=\"_blank\">aiemmin tiistaina<\/a>, ett\u00e4 Suomeen voidaan rakentaa aita, joka est\u00e4\u00e4 afrikkalaisen sikaruton levi\u00e4mist\u00e4. Ruokavirasto ei kommentoi tiedotustilaisuudessa mahdollista aitaamista tarkemmin.<\/p>\n<p class=\"article-body mb-(--paragraph-margin-b) px-nof-16\">Nykyisten tartuntavy\u00f6hykkeiden lis\u00e4ksi Ruokavirasto suunnittelee erillisen lis\u00e4vy\u00f6hykealueen perustamista. Alue olisi k\u00e4yt\u00e4nn\u00f6ss\u00e4 5\u201310 kilometrin matka tartuntavy\u00f6hykkeen ulkorajasta ulosp\u00e4in. Kyseess\u00e4 olisi niin kutsuttu seuranta-alue, jolla ei olisi voimassa samanlaisia rajoituksia kuin tartuntavy\u00f6hykkeell\u00e4. Lis\u00e4vy\u00f6hykealue perustetaan EU-lains\u00e4\u00e4d\u00e4nn\u00f6n perusteella.<\/p>\n<p><img decoding=\"async\" src=\"https:\/\/images.sanoma-sndp.fi\/a44c7624dfb3e6db66a034618515f929.svg\" alt=\"\" class=\"_Img_1rerz_1\" style=\"aspect-ratio:217\/150\" loading=\"eager\"\/><\/p>\n<p class=\"article-body mb-(--paragraph-margin-b) px-nof-16\">Puskurivy\u00f6hykkeell\u00e4 rajoitettaisiin kuitenkin luonnonvaraisen villisian lihan k\u00e4ytt\u00f6\u00e4. Alueella mets\u00e4stetyist\u00e4 villisioista tulisi my\u00f6s l\u00e4hett\u00e4\u00e4 n\u00e4yte Ruokavirastoon.<\/p>\n<p class=\"article-body mb-(--paragraph-margin-b) px-nof-16\">P\u00e4\u00e4t\u00f6s puskurialueen perustamisesta valmistellaan ja annetaan mahdollisesti jo t\u00e4ll\u00e4 viikolla, Ruokavirastosta kerrotaan.<\/p>\n<p class=\"article-body mb-(--paragraph-margin-b) px-nof-16\">Sikaruttotapauksia on viimeisimm\u00e4n tiedon mukaan todettu Suomessa 35. Virolahdelta l\u00f6ytyy Ruokaviraston mukaan edelleen \u201dvarsin runsaasti\u201d kuolleita villisikoja.<\/p>\n<p class=\"article-body mb-(--paragraph-margin-b) px-nof-16\">\u2013 L\u00f6yd\u00f6ksi\u00e4 tulee varmasti lis\u00e4\u00e4, kertoo el\u00e4inten terveyden ja l\u00e4\u00e4kitsemisen yksik\u00f6njohtaja <a class=\"font-bold underline-offset-[0.12em] [text-decoration:var(--person-link-text-decoration)] [text-decoration-color:var(--person-link-text-decoration-color)]!\" href=\"https:\/\/www.is.fi\/haku\/?query=Sirpa%20Kiviruusu\" rel=\"nofollow noopener\" target=\"_blank\">Sirpa Kiviruusu<\/a> Ruokavirastosta.<\/p>\n<p class=\"article-body mb-(--paragraph-margin-b) px-nof-16\">Tiistaista l\u00e4htien sikaruton tutkimuksiin l\u00e4hetetyist\u00e4 mets\u00e4stettyjen villisikojen n\u00e4ytteist\u00e4 maksetaan korotettu 500 euron palkkio. Ruokavirasto maksaa my\u00f6s kuolleena tai sairaana l\u00f6ydetyist\u00e4 villisioista 500 euron ilmoittamispalkkion.<\/p>\n<p class=\"article-body mb-(--paragraph-margin-b) px-nof-16\">Korotettu palkkio on voimassa vuoden 2026 loppuun saakka.<\/p>\n<p class=\"article-body mb-(--paragraph-margin-b) px-nof-16\">Aiemmin tiistaina <a class=\"underline underline-offset-[0.12em] [text-decoration-thickness:var(--generic-link-underline-thickness)] [text-decoration-color:var(--generic-link-underline-color)] [text-decoration-skip-ink:var(--generic-link-underline-skip-ink)] break-words\" href=\"https:\/\/www.is.fi\/kotimaa\/art-2000012245110.html\" rel=\"nofollow noopener\" target=\"_blank\">Ruokavirasto tiedotti<\/a> sikaruton tartuntavy\u00f6hykkeiden rajoitusten muutoksista. Osalla alueista jotkin rajoitukset lieventyiv\u00e4t. Kiviruusun mukaan rajoituksia h\u00f6llennet\u00e4\u00e4n alueilla, joilla se on mahdollista.<\/p>\n<p class=\"article-body mb-(--paragraph-margin-b) px-nof-16\">\u2013 Pyrimme purkamaan rajoituksia, jotka eiv\u00e4t ole taudin levi\u00e4misen est\u00e4misen kannalta v\u00e4ltt\u00e4m\u00e4tt\u00f6mi\u00e4. Rajoitukset hankaloittivat muun muassa elinkeinon harjoittamista.<\/p>\n<p>Fakta<\/p>\n<p>Tartuntavy\u00f6hykkeen muutetut rajoitukset<\/p>\n<ul class=\"mb-nof-16 px-nof-16 article-unordered-list unordered-list\">\n<li class=\"unordered-list-item\">\n<p class=\"article-body\">Mets\u00e4talousty\u00f6t ja maanmuokkaus ovat sallittuja lukuun ottamatta kulotusta.<\/p>\n<\/li>\n<li class=\"unordered-list-item\">\n<p class=\"article-body\">Maastossa j\u00e4rjestetyt yleis\u00f6- ja urheilutapahtumat ovat sallittuja, jos niihin osallistuu korkeintaan 100 henkil\u00f6\u00e4.<\/p>\n<\/li>\n<li class=\"unordered-list-item\">\n<p class=\"article-body\">Maastossa j\u00e4rjestetyt koiratapahtumat, kuten kilpailut, ovat sallittuja, jos niihin osallistuu korkeintaan 100 henkil\u00f6\u00e4 ja koirat pidet\u00e4\u00e4n kytkettyin\u00e4.<\/p>\n<\/li>\n<li class=\"unordered-list-item\">\n<p class=\"article-body\">Pienpetojen loukkupyynti sek\u00e4 merimetsojen ja hylkeiden mets\u00e4stys ovat sallittuja.<\/p>\n<\/li>\n<li class=\"unordered-list-item\">\n<p class=\"article-body\">Sikael\u00e4inten ruokkiminen alueelta ker\u00e4tyll\u00e4 viljalla tai muilla kasveilla on kielletty, ellei niit\u00e4 ole k\u00e4sitelty rehualan laitoksessa menetelm\u00e4ll\u00e4, joka tuhoaa afrikkalaisen sikaruton viruksen, taikka varastoitu sikael\u00e4inten ulottumattomissa v\u00e4hint\u00e4\u00e4n 30 vuorokauden ajan yli nollan asteen l\u00e4mp\u00f6tilassa ennen k\u00e4ytt\u00f6\u00e4.<\/p>\n<\/li>\n<li class=\"unordered-list-item\">\n<p class=\"article-body\">Moottoriajoneuvolla liikkuminen maastossa ja koirien pit\u00e4minen kytkettyn\u00e4 maastossa eiv\u00e4t ole en\u00e4\u00e4 kiellettyj\u00e4 lukuun ottamatta koiratapahtumia.<\/p>\n<\/li>\n<\/ul>\n<p class=\"nof-ui-body-medium break-words mb-(--paragraph-margin-b) px-nof-16\">L\u00e4hde: Ruokavirasto<\/p>\n","protected":false},"excerpt":{"rendered":"Tiistaista l\u00e4htien Ruokavirasto maksaa 500 euron mets\u00e4stys- ja ilmoituspalkkioita kuolleista villisioista. 1.9. 19:36 Ruokavirasto kertoi tiistaina j\u00e4rjestetyss\u00e4 tiedotustilaisuudessa,&hellip;\n","protected":false},"author":2,"featured_media":339240,"comment_status":"","ping_status":"","sticky":false,"template":"","format":"standard","meta":{"footnotes":"","_share_on_mastodon":"0"},"categories":[12],"tags":[22,23,26,27,33,31,30,17,34,24,25,28,29,15,18,21,32,19,20,16],"class_list":["post-339239","post","type-post","status-publish","format-standard","has-post-thumbnail","category-suomi","tag-breaking-news","tag-breakingnews","tag-featured-news","tag-featurednews","tag-fi","tag-finland","tag-finnish","tag-headlines","tag-ilta-sanomat","tag-latest-news","tag-latestnews","tag-main-news","tag-mainnews","tag-news","tag-otsikot","tag-paauutiset","tag-suomi","tag-top-stories","tag-topstories","tag-uutiset"],"share_on_mastodon":{"url":"https:\/\/pubeurope.com\/@fi\/117199126802025111","error":""},"_links":{"self":[{"href":"https:\/\/www.europesays.com\/fi\/wp-json\/wp\/v2\/posts\/339239","targetHints":{"allow":["GET"]}}],"collection":[{"href":"https:\/\/www.europesays.com\/fi\/wp-json\/wp\/v2\/posts"}],"about":[{"href":"https:\/\/www.europesays.com\/fi\/wp-json\/wp\/v2\/types\/post"}],"author":[{"embeddable":true,"href":"https:\/\/www.europesays.com\/fi\/wp-json\/wp\/v2\/users\/2"}],"replies":[{"embeddable":true,"href":"https:\/\/www.europesays.com\/fi\/wp-json\/wp\/v2\/comments?post=339239"}],"version-history":[{"count":0,"href":"https:\/\/www.europesays.com\/fi\/wp-json\/wp\/v2\/posts\/339239\/revisions"}],"wp:featuredmedia":[{"embeddable":true,"href":"https:\/\/www.europesays.com\/fi\/wp-json\/wp\/v2\/media\/339240"}],"wp:attachment":[{"href":"https:\/\/www.europesays.com\/fi\/wp-json\/wp\/v2\/media?parent=339239"}],"wp:term":[{"taxonomy":"category","embeddable":true,"href":"https:\/\/www.europesays.com\/fi\/wp-json\/wp\/v2\/categories?post=339239"},{"taxonomy":"post_tag","embeddable":true,"href":"https:\/\/www.europesays.com\/fi\/wp-json\/wp\/v2\/tags?post=339239"}],"curies":[{"name":"wp","href":"https:\/\/api.w.org\/{rel}","templated":true}]}}