{"id":339241,"date":"2026-09-02T02:38:16","date_gmt":"2026-09-02T02:38:16","guid":{"rendered":"https:\/\/www.europesays.com\/fi\/339241\/"},"modified":"2026-09-02T02:38:16","modified_gmt":"2026-09-02T02:38:16","slug":"ukraina-juuri-nyt-usa-jyrahtaa-venajalle-sodan-on-loputtava-aamulehti","status":"publish","type":"post","link":"https:\/\/www.europesays.com\/fi\/339241\/","title":{"rendered":"Ukraina juuri nyt | USA jyr\u00e4ht\u00e4\u00e4 Ven\u00e4j\u00e4lle \u2013 &quot;Sodan on loputtava&quot; &#8211; Aamulehti"},"content":{"rendered":"<ol>\n<li><a href=\"https:\/\/news.google.com\/rss\/articles\/CBMiZ0FVX3lxTE11NkcwUHpEQzZWT3hSWHJPOUl4eEZuZFJnbHJadFBHbnd2OEhZOG5CTXB0TngyS20wTlpQVkpEXzVNaWZmbGNlajBMMjVVZFhsYnpDSUdwN0p3Y2lxTy1udXo4NWpyUnc?oc=5\" target=\"_blank\" rel=\"nofollow noopener\">Ukraina juuri nyt | USA jyr\u00e4ht\u00e4\u00e4 Ven\u00e4j\u00e4lle \u2013 &#8221;Sodan on loputtava&#8221;<\/a>&nbsp;&nbsp;Aamulehti<\/li>\n<li><a href=\"https:\/\/news.google.com\/rss\/articles\/CBMiXEFVX3lxTE1sbWd4ekFxYlkyeWd4QnFfaTJLcXdnVWdRQlBFVElHOE1SUFpnS3NqMWU2RkhJQTEzcVUtMTQ3dkZXcW45YWFLUElNcnNFS1JPcjJUQVZEdGR3VVJU?oc=5\" target=\"_blank\" rel=\"nofollow noopener\">Diplomatia | Ven\u00e4j\u00e4n valtiovarainministeri saapui yll\u00e4tt\u00e4en G20-huippukokoukseen<\/a>&nbsp;&nbsp;HS.fi<\/li>\n<li><a href=\"https:\/\/news.google.com\/rss\/articles\/CBMiV0FVX3lxTFAxR25zaU16VVZBOWJMMllteWJSRE9lM0xSZnJnbW90OGN3Y1kxSlBuMm1wbTBhQTFwTkhrTmYwNVh3V2ZyOE02QThoMjhhMEZmS3RaRXdaaw?oc=5\" target=\"_blank\" rel=\"nofollow noopener\">Trumpin ministerilt\u00e4 kylm\u00e4 suihku Ven\u00e4j\u00e4lle<\/a>&nbsp;&nbsp;ksml.fi<\/li>\n<li><a href=\"https:\/\/news.google.com\/rss\/articles\/CBMibkFVX3lxTE11ZHU4S29pZXd6a3lDT0x2NkV0dG4yb1ZoLVBCVzZaYnptUGlPWUxFZV9YdmZpWkFaelV5QlczN1hBUnh2X1l6cUNDVmxrRmxlWEFpZzRhZXVtZXhESEI5U2ZUdkR5MGF1MDRZcldB?oc=5\" target=\"_blank\" rel=\"nofollow noopener\">Ukraina juuri nyt | USA jyr\u00e4ht\u00e4\u00e4 Ven\u00e4j\u00e4lle \u2013 \u201dSodan on loputtava\u201d<\/a>&nbsp;&nbsp;Satakunnan Kansa<\/li>\n<li><a href=\"https:\/\/news.google.com\/rss\/articles\/CBMie0FVX3lxTE8tN3ZHaG9wNUozdllBYzlwNTlRMTA2Z0R2WFRWa2V1SU9qZUpwOURhMnJ5eG5IM0tTRGg5dW5kdGY2Zi1wb1V4UVlRUHZCS2dKd0xQSDJDWFBlVmZqa0pOTWJwYjZRVC04R0RRdmk2S0QxblB0MFp6YWZ5RQ?oc=5\" target=\"_blank\" rel=\"nofollow noopener\">USA:lta tyly vastaus Ven\u00e4j\u00e4lle, kertovat l\u00e4hteet<\/a>&nbsp;&nbsp;Uusi Suomi<\/li>\n<\/ol>\n","protected":false},"excerpt":{"rendered":"Ukraina juuri nyt | USA jyr\u00e4ht\u00e4\u00e4 Ven\u00e4j\u00e4lle \u2013 &#8221;Sodan on loputtava&#8221;&nbsp;&nbsp;Aamulehti Diplomatia | Ven\u00e4j\u00e4n valtiovarainministeri saapui yll\u00e4tt\u00e4en G20-huippukokoukseen&nbsp;&nbsp;HS.fi&hellip;\n","protected":false},"author":2,"featured_media":339242,"comment_status":"","ping_status":"","sticky":false,"template":"","format":"standard","meta":{"footnotes":"","_share_on_mastodon":"0"},"categories":[5],"tags":[157,22,23,26,27,33,31,30,17,24,25,28,29,15,18,21,32,19,20,16],"class_list":["post-339241","post","type-post","status-publish","format-standard","has-post-thumbnail","category-otsikot","tag-aamulehti","tag-breaking-news","tag-breakingnews","tag-featured-news","tag-featurednews","tag-fi","tag-finland","tag-finnish","tag-headlines","tag-latest-news","tag-latestnews","tag-main-news","tag-mainnews","tag-news","tag-otsikot","tag-paauutiset","tag-suomi","tag-top-stories","tag-topstories","tag-uutiset"],"share_on_mastodon":{"url":"https:\/\/pubeurope.com\/@fi\/117199129952233996","error":""},"_links":{"self":[{"href":"https:\/\/www.europesays.com\/fi\/wp-json\/wp\/v2\/posts\/339241","targetHints":{"allow":["GET"]}}],"collection":[{"href":"https:\/\/www.europesays.com\/fi\/wp-json\/wp\/v2\/posts"}],"about":[{"href":"https:\/\/www.europesays.com\/fi\/wp-json\/wp\/v2\/types\/post"}],"author":[{"embeddable":true,"href":"https:\/\/www.europesays.com\/fi\/wp-json\/wp\/v2\/users\/2"}],"replies":[{"embeddable":true,"href":"https:\/\/www.europesays.com\/fi\/wp-json\/wp\/v2\/comments?post=339241"}],"version-history":[{"count":0,"href":"https:\/\/www.europesays.com\/fi\/wp-json\/wp\/v2\/posts\/339241\/revisions"}],"wp:featuredmedia":[{"embeddable":true,"href":"https:\/\/www.europesays.com\/fi\/wp-json\/wp\/v2\/media\/339242"}],"wp:attachment":[{"href":"https:\/\/www.europesays.com\/fi\/wp-json\/wp\/v2\/media?parent=339241"}],"wp:term":[{"taxonomy":"category","embeddable":true,"href":"https:\/\/www.europesays.com\/fi\/wp-json\/wp\/v2\/categories?post=339241"},{"taxonomy":"post_tag","embeddable":true,"href":"https:\/\/www.europesays.com\/fi\/wp-json\/wp\/v2\/tags?post=339241"}],"curies":[{"name":"wp","href":"https:\/\/api.w.org\/{rel}","templated":true}]}}