{"id":339245,"date":"2026-09-02T02:58:15","date_gmt":"2026-09-02T02:58:15","guid":{"rendered":"https:\/\/www.europesays.com\/fi\/339245\/"},"modified":"2026-09-02T02:58:15","modified_gmt":"2026-09-02T02:58:15","slug":"max-seeckin-tv-sarja-etenee-vihdoin-hollywoodissa-keski-suomi","status":"publish","type":"post","link":"https:\/\/www.europesays.com\/fi\/339245\/","title":{"rendered":"Max Seeckin tv-sarja etenee vihdoin Hollywoodissa | Keski-Suomi"},"content":{"rendered":"<p>Kirjailija<strong> Max Seeckin<\/strong> kirjaan perustuva tv-sarja l\u00e4henee vihdoin tuotantoa Hollywoodissa.<\/p>\n<p>Seeckin kansainv\u00e4lisi\u00e4 asioita hoitava Ahlb\u00e4ck Agency kertoo tiedotteessaan, ett\u00e4 Uskollinen lukija -sarjalle on nimetty ohjaajaksi ja tuottajaksi <strong>Danny Cannon<\/strong>. Cannonin aiempiin t\u00f6ihin lukeutuvat esimerkiksi CSI, Gotham ja Pennyworth.<\/p>\n","protected":false},"excerpt":{"rendered":"Kirjailija Max Seeckin kirjaan perustuva tv-sarja l\u00e4henee vihdoin tuotantoa Hollywoodissa. Seeckin kansainv\u00e4lisi\u00e4 asioita hoitava Ahlb\u00e4ck Agency kertoo tiedotteessaan,&hellip;\n","protected":false},"author":2,"featured_media":339246,"comment_status":"","ping_status":"","sticky":false,"template":"","format":"standard","meta":{"footnotes":"","_share_on_mastodon":"0"},"categories":[130],"tags":[153,137,33,31,30,2001,108,7082,32,140,2107,109],"class_list":["post-339245","post","type-post","status-publish","format-standard","has-post-thumbnail","category-viihde","tag-audiovisuaalinen-media","tag-entertainment","tag-fi","tag-finland","tag-finnish","tag-kirjailijat","tag-kulttuuri","tag-kulttuuriala","tag-suomi","tag-tv-ja-elokuvat","tag-vapaa-aika","tag-viihde"],"share_on_mastodon":{"url":"https:\/\/pubeurope.com\/@fi\/117199208821914814","error":""},"_links":{"self":[{"href":"https:\/\/www.europesays.com\/fi\/wp-json\/wp\/v2\/posts\/339245","targetHints":{"allow":["GET"]}}],"collection":[{"href":"https:\/\/www.europesays.com\/fi\/wp-json\/wp\/v2\/posts"}],"about":[{"href":"https:\/\/www.europesays.com\/fi\/wp-json\/wp\/v2\/types\/post"}],"author":[{"embeddable":true,"href":"https:\/\/www.europesays.com\/fi\/wp-json\/wp\/v2\/users\/2"}],"replies":[{"embeddable":true,"href":"https:\/\/www.europesays.com\/fi\/wp-json\/wp\/v2\/comments?post=339245"}],"version-history":[{"count":0,"href":"https:\/\/www.europesays.com\/fi\/wp-json\/wp\/v2\/posts\/339245\/revisions"}],"wp:featuredmedia":[{"embeddable":true,"href":"https:\/\/www.europesays.com\/fi\/wp-json\/wp\/v2\/media\/339246"}],"wp:attachment":[{"href":"https:\/\/www.europesays.com\/fi\/wp-json\/wp\/v2\/media?parent=339245"}],"wp:term":[{"taxonomy":"category","embeddable":true,"href":"https:\/\/www.europesays.com\/fi\/wp-json\/wp\/v2\/categories?post=339245"},{"taxonomy":"post_tag","embeddable":true,"href":"https:\/\/www.europesays.com\/fi\/wp-json\/wp\/v2\/tags?post=339245"}],"curies":[{"name":"wp","href":"https:\/\/api.w.org\/{rel}","templated":true}]}}