{"id":339253,"date":"2026-09-02T03:04:15","date_gmt":"2026-09-02T03:04:15","guid":{"rendered":"https:\/\/www.europesays.com\/fi\/339253\/"},"modified":"2026-09-02T03:04:15","modified_gmt":"2026-09-02T03:04:15","slug":"nain-palkkasi-verotus-kevenee-ensi-vuonna-katso-summa-omilla-tuloillasi","status":"publish","type":"post","link":"https:\/\/www.europesays.com\/fi\/339253\/","title":{"rendered":"N\u00e4in palkkasi verotus kevenee ensi vuonna \u2013 katso summa omilla tuloillasi"},"content":{"rendered":"<p>Hallitus kertoi tiistaina budjettiriihens\u00e4 tuloksista. Veronmaksajain Keskusliiton laskelmien mukaan palkansaajien verotus kevenee ensi vuonna kaikilla tulotasoilla. Katso taulukosta, kuinka paljon omilla tuloillasi s\u00e4\u00e4st\u00e4t.<\/p>\n<p><img decoding=\"async\" src=\"https:\/\/www.europesays.com\/fi\/wp-content\/uploads\/2026\/09\/1788318255_314_468.jpg\" alt=\"Hallitus piti tiedotustilaisuuden budjettiriihen tuloksista tiistaina 1. syyskuuta kello kahdeksan aikaan illalla.\" class=\"_Img_1rerz_1\" style=\"aspect-ratio:1920\/1280\" loading=\"eager\"\/><\/p>\n<p class=\"font-(family-name:--picture-caption-font-family) text-(length:--picture-caption-font-size) leading-(--picture-caption-leading) font-(--picture-caption-font-weight) text-(color:--picture-caption-color)\">Hallitus piti tiedotustilaisuuden budjettiriihen tuloksista tiistaina 1. syyskuuta kello kahdeksan aikaan illalla. Kuva:\u00a0Vesa Moilanen<\/p>\n<p>1.9. 22:13<\/p>\n<p class=\"article-body mb-(--paragraph-margin-b) px-nof-16\">Aamulehti<\/p>\n<p class=\"article-body mb-(--paragraph-margin-b) px-nof-16\">Palkansaajien verotus kevenee ensi vuonna kaikilla tulotasoilla, k\u00e4y ilmi Veronmaksajain Keskusliiton laskelmista.<\/p>\n<p class=\"article-body mb-(--paragraph-margin-b) px-nof-16\">Esimerkiksi 4\u202f000 euroa kuukaudessa ansaitsevan verotus kevenee noin 200 eurolla vuodessa.<\/p>\n<p class=\"article-body mb-(--paragraph-margin-b) px-nof-16\">Veronkevennys on Veronmaksajien laskelmassa eurom\u00e4\u00e4r\u00e4isesti suurimmillaan juuri 4\u202f000 euroa kuukaudessa ansaitsevalla. Esimerkiksi 2\u202f000 euron kuukausipalkalla veroja maksetaan ensi vuonna noin 150 euroa v\u00e4hemm\u00e4n ja 6\u202f000 euron palkalla noin 105 euroa v\u00e4hemm\u00e4n kuin t\u00e4n\u00e4 vuonna.<\/p>\n","protected":false},"excerpt":{"rendered":"Hallitus kertoi tiistaina budjettiriihens\u00e4 tuloksista. Veronmaksajain Keskusliiton laskelmien mukaan palkansaajien verotus kevenee ensi vuonna kaikilla tulotasoilla. Katso taulukosta,&hellip;\n","protected":false},"author":2,"featured_media":339254,"comment_status":"","ping_status":"","sticky":false,"template":"","format":"standard","meta":{"footnotes":"","_share_on_mastodon":"0"},"categories":[5],"tags":[157,22,23,26,27,33,31,30,17,24,25,28,29,15,18,21,32,19,20,16],"class_list":["post-339253","post","type-post","status-publish","format-standard","has-post-thumbnail","category-otsikot","tag-aamulehti","tag-breaking-news","tag-breakingnews","tag-featured-news","tag-featurednews","tag-fi","tag-finland","tag-finnish","tag-headlines","tag-latest-news","tag-latestnews","tag-main-news","tag-mainnews","tag-news","tag-otsikot","tag-paauutiset","tag-suomi","tag-top-stories","tag-topstories","tag-uutiset"],"share_on_mastodon":{"url":"https:\/\/pubeurope.com\/@fi\/117199232930783568","error":""},"_links":{"self":[{"href":"https:\/\/www.europesays.com\/fi\/wp-json\/wp\/v2\/posts\/339253","targetHints":{"allow":["GET"]}}],"collection":[{"href":"https:\/\/www.europesays.com\/fi\/wp-json\/wp\/v2\/posts"}],"about":[{"href":"https:\/\/www.europesays.com\/fi\/wp-json\/wp\/v2\/types\/post"}],"author":[{"embeddable":true,"href":"https:\/\/www.europesays.com\/fi\/wp-json\/wp\/v2\/users\/2"}],"replies":[{"embeddable":true,"href":"https:\/\/www.europesays.com\/fi\/wp-json\/wp\/v2\/comments?post=339253"}],"version-history":[{"count":0,"href":"https:\/\/www.europesays.com\/fi\/wp-json\/wp\/v2\/posts\/339253\/revisions"}],"wp:featuredmedia":[{"embeddable":true,"href":"https:\/\/www.europesays.com\/fi\/wp-json\/wp\/v2\/media\/339254"}],"wp:attachment":[{"href":"https:\/\/www.europesays.com\/fi\/wp-json\/wp\/v2\/media?parent=339253"}],"wp:term":[{"taxonomy":"category","embeddable":true,"href":"https:\/\/www.europesays.com\/fi\/wp-json\/wp\/v2\/categories?post=339253"},{"taxonomy":"post_tag","embeddable":true,"href":"https:\/\/www.europesays.com\/fi\/wp-json\/wp\/v2\/tags?post=339253"}],"curies":[{"name":"wp","href":"https:\/\/api.w.org\/{rel}","templated":true}]}}