{"id":339263,"date":"2026-09-02T03:28:11","date_gmt":"2026-09-02T03:28:11","guid":{"rendered":"https:\/\/www.europesays.com\/fi\/339263\/"},"modified":"2026-09-02T03:28:11","modified_gmt":"2026-09-02T03:28:11","slug":"paakirjoitus-islannin-paatos-ei-kuvaa-eun-vetovoimaa-paakirjoitus-mielipide","status":"publish","type":"post","link":"https:\/\/www.europesays.com\/fi\/339263\/","title":{"rendered":"P\u00e4\u00e4kirjoitus | Islannin p\u00e4\u00e4t\u00f6s ei kuvaa EU:n vetovoimaa | P\u00e4\u00e4kirjoitus &#038; mielipide"},"content":{"rendered":"<p>Alle 400 000 asukkaan Islanti sanoi viikonloppuna ei maan EU-j\u00e4senyysneuvotteluiden jatkamiselle. Prosentein ilmaistuna tulos oli varsin selke\u00e4 52,8-47,2 etenkin siihen n\u00e4hden, ett\u00e4 neuvottelujen jatkamista ajoivat voimallisesti niin p\u00e4\u00e4ministeri Kristr\u00fan Frostad\u00f3ttir kuin ulkoministeri \u00deorger\u00f0ur Katr\u00edn Gunnarsd\u00f3ttir.<\/p>\n<p>Ei-\u00e4\u00e4nten voittoa on selitetty erityisesti maataloudella, luonnonvaroilla ja kalastuksella sek\u00e4 yleisemmin p\u00e4\u00e4t\u00f6svallan s\u00e4ilytt\u00e4misell\u00e4 omissa k\u00e4siss\u00e4. T\u00e4m\u00e4 kaikki on varmasti totta. Samalla ei-\u00e4\u00e4ni\u00e4 lis\u00e4si sekin, ett\u00e4 Islanti on paitsi Nato-maa my\u00f6s Euroopan talousalueen j\u00e4sen. Se kuuluu my\u00f6s Schengen-alueeseen. Toisaalta EU-j\u00e4senyys tuskin lis\u00e4isi Islannin \u00e4\u00e4nen kuuluvuutta EU:n parlamentissa tai unionissa ylip\u00e4\u00e4t\u00e4\u00e4n.<\/p>\n<blockquote class=\"voice-no-read rs_skip diks-blockquote\">\n<p class=\"diks-blockquote__text\">EU:n olemus on muuttunut valtavasti.<\/p>\n<\/blockquote>\n<p>Voisiko olla muita syit\u00e4, miksi EU ei kiinnosta maata, joka olisi heitt\u00e4m\u00e4ll\u00e4 EU-j\u00e4senyyskelpoinen? Islanti on aito oikeusvaltio, korruptio ei ole ongelma ja demokratian rakenteet ovat kunnossa. On todenn\u00e4k\u00f6ist\u00e4, ett\u00e4 enemmist\u00f6 Islannissa laski EU-j\u00e4senyyden mahdollisesti rajoittavan maan mahdollisuuksia luoda kahdenv\u00e4lisi\u00e4 suhteita niin Yhdysvaltoihin kuin Kiinaan.<\/p>\n<p>Toisin kuin Islanti, moni it\u00e4isen Euroopan maa himoitsee p\u00e4\u00e4st\u00e4 EU:n j\u00e4seneksi. EU:n ovella kolkuttelee per\u00e4ti yhdeks\u00e4n valtiota. L\u00e4nsi-Balkanilta j\u00e4seneksi pyrkiv\u00e4t Montenegro, Albania, Bosnia-Hertsegovina, Pohjois-Makedonia ja Serbia. Georgia, Moldova ja Ukraina ovat it\u00e4isen kumppanuuden maita. Yhdeks\u00e4s ehdokasmaa on Turkki.<\/p>\n<p>On tullut tavaksi puhua Ukrainan nopeasta integroimisesta EU:n j\u00e4seneksi. Suomen kuuluu ilman muuta tukea Ukrainaa kaikin k\u00e4ytett\u00e4viss\u00e4 olevin keinoin sodassa Ven\u00e4j\u00e4\u00e4 vastaan. Pitk\u00e4ll\u00e4 t\u00e4ht\u00e4imell\u00e4 Ukrainan EU-j\u00e4senyyskin mahtuu mahdollisuuksien ikkunaan. Juuri nyt on sanottava, ett\u00e4 Ukrainalla on viel\u00e4 matkaa EU-j\u00e4senyyteen. Mahdollisuutta on silti pidett\u00e4v\u00e4 tarjolla maalle, joka taistelee koko Euroopan puolesta.<\/p>\n<p>EU:n olemus on muuttunut valtavasti vuoden 2004 j\u00e4lkeen. Tuolloin unionin j\u00e4seneksi tuli kymmenen uutta maata: Kypros, Latvia, Liettua, Malta, Puola, Slovenia, Slovakia, Tshekki, Unkari ja Viro. Vuonna 2007 j\u00e4seneksi p\u00e4\u00e4siv\u00e4t Bulgaria ja Romania ja 2013 viel\u00e4 Kroatia. N\u00e4iss\u00e4 maissa ilmeisesti n\u00e4hd\u00e4\u00e4n ne vahvuudet, joita EU:lla oikeasti on.<\/p>\n<p>Teko\u00e4lyn, kvanttilaskennan ja kyberturvallisuuden vakavat haasteet ovat omiaan yhdist\u00e4m\u00e4\u00e4n unionia, jonka merkitys nimenomaan turvallisuusyhteis\u00f6n\u00e4 kasvaa. Kriisit ovat ennenkin vahvistaneet unionia ja sama kaava n\u00e4ytt\u00e4\u00e4 toistuvan.<\/p>\n","protected":false},"excerpt":{"rendered":"Alle 400 000 asukkaan Islanti sanoi viikonloppuna ei maan EU-j\u00e4senyysneuvotteluiden jatkamiselle. Prosentein ilmaistuna tulos oli varsin selke\u00e4 52,8-47,2&hellip;\n","protected":false},"author":2,"featured_media":339264,"comment_status":"","ping_status":"","sticky":false,"template":"","format":"standard","meta":{"footnotes":"","_share_on_mastodon":"0"},"categories":[14],"tags":[22,23,26,27,33,31,30,17,46,104,5679,24,25,28,29,2582,2579,15,18,21,637,32,19,20,21377,56,16,59,60,61],"class_list":["post-339263","post","type-post","status-publish","format-standard","has-post-thumbnail","category-ulkomaat","tag-breaking-news","tag-breakingnews","tag-featured-news","tag-featurednews","tag-fi","tag-finland","tag-finnish","tag-headlines","tag-helsingin-sanomat","tag-helsinki","tag-kansainvaliset-organisaatiot-ja-sopimukset","tag-latest-news","tag-latestnews","tag-main-news","tag-mainnews","tag-moldova","tag-nato","tag-news","tag-otsikot","tag-paauutiset","tag-politiikka","tag-suomi","tag-top-stories","tag-topstories","tag-ukrainan-kriisi","tag-ulkomaat","tag-uutiset","tag-world","tag-world-news","tag-worldnews"],"share_on_mastodon":{"url":"https:\/\/pubeurope.com\/@fi\/117199326888510650","error":""},"_links":{"self":[{"href":"https:\/\/www.europesays.com\/fi\/wp-json\/wp\/v2\/posts\/339263","targetHints":{"allow":["GET"]}}],"collection":[{"href":"https:\/\/www.europesays.com\/fi\/wp-json\/wp\/v2\/posts"}],"about":[{"href":"https:\/\/www.europesays.com\/fi\/wp-json\/wp\/v2\/types\/post"}],"author":[{"embeddable":true,"href":"https:\/\/www.europesays.com\/fi\/wp-json\/wp\/v2\/users\/2"}],"replies":[{"embeddable":true,"href":"https:\/\/www.europesays.com\/fi\/wp-json\/wp\/v2\/comments?post=339263"}],"version-history":[{"count":0,"href":"https:\/\/www.europesays.com\/fi\/wp-json\/wp\/v2\/posts\/339263\/revisions"}],"wp:featuredmedia":[{"embeddable":true,"href":"https:\/\/www.europesays.com\/fi\/wp-json\/wp\/v2\/media\/339264"}],"wp:attachment":[{"href":"https:\/\/www.europesays.com\/fi\/wp-json\/wp\/v2\/media?parent=339263"}],"wp:term":[{"taxonomy":"category","embeddable":true,"href":"https:\/\/www.europesays.com\/fi\/wp-json\/wp\/v2\/categories?post=339263"},{"taxonomy":"post_tag","embeddable":true,"href":"https:\/\/www.europesays.com\/fi\/wp-json\/wp\/v2\/tags?post=339263"}],"curies":[{"name":"wp","href":"https:\/\/api.w.org\/{rel}","templated":true}]}}