{"id":339267,"date":"2026-09-02T03:30:13","date_gmt":"2026-09-02T03:30:13","guid":{"rendered":"https:\/\/www.europesays.com\/fi\/339267\/"},"modified":"2026-09-02T03:30:13","modified_gmt":"2026-09-02T03:30:13","slug":"tama-tiedetaan-yhdysvaltojen-ja-iranin-tiistaina-aloittamista-iskuista-2","status":"publish","type":"post","link":"https:\/\/www.europesays.com\/fi\/339267\/","title":{"rendered":"T\u00e4m\u00e4 tiedet\u00e4\u00e4n Yhdysvaltojen ja Iranin tiistaina aloittamista iskuista"},"content":{"rendered":"<p class=\"article-body mb-(--paragraph-margin-b) px-nof-16\">Yhdysvallat ja Iran ovat j\u00e4lleen kiihdytt\u00e4neet iskuja toisiaan vastaan.<\/p>\n<p class=\"article-body mb-(--paragraph-margin-b) px-nof-16\">Tiistaina Yhdysvallat kertoi tehneens\u00e4 uusia iskuja Iranin vallankumouskaartin kohteisiin Iranissa.<\/p>\n<p class=\"article-body mb-(--paragraph-margin-b) px-nof-16\">Iskut aloitettiin keskip\u00e4iv\u00e4ll\u00e4 Yhdysvaltain it\u00e4rannikon aikaa eli seitsem\u00e4lt\u00e4 illalla Suomen aikaa. Iran aloitti iskuihin vastaamisen my\u00f6hemmin tiistai-iltana.<\/p>\n<p class=\"article-body mb-(--paragraph-margin-b) px-nof-16\">T\u00e4ss\u00e4 artikkelissa kerrotaan, mit\u00e4 tilanteesta L\u00e4hi-id\u00e4ss\u00e4 tiedet\u00e4\u00e4n t\u00e4ll\u00e4 hetkell\u00e4.<\/p>\n<p class=\"article-body mb-(--paragraph-margin-b) px-nof-16\">N\u00e4in Yhdysvallat on kommentoinut iskujen syyt\u00e4 <\/p>\n<p class=\"article-body mb-(--paragraph-margin-b) px-nof-16\">Yhdysvaltojen sotatoimista L\u00e4hi-id\u00e4ss\u00e4 vastaavan komentokeskus Centcom kertoi tiistaina, ett\u00e4 iskut ovat seurausta Iranin vallankumouskaartin viimeaikaisista hy\u00f6kk\u00e4ysyrityksist\u00e4 kaupallista merenkulkua vastaan Hormuzinsalmessa sek\u00e4 iskuista alueelle sijoitettuja yhdysvaltalaisia sotilaita vastaan.<\/p>\n<p class=\"article-body mb-(--paragraph-margin-b) px-nof-16\">Centcomin mukaan Yhdysvaltain joukot iskiv\u00e4t vallankumouskaartin kohteisiin kuten ilmatorjunta-asemiin, tutkaj\u00e4rjestelmiin, merellisiin voimavaroihin ja laitoksiin, miinoituskykyyn sek\u00e4 viestint\u00e4kohteisiin.<\/p>\n<p class=\"article-body mb-(--paragraph-margin-b) px-nof-16\">Yhdysvaltain presidentti <a class=\"font-bold underline-offset-[0.12em] [text-decoration:var(--person-link-text-decoration)] [text-decoration-color:var(--person-link-text-decoration-color)]!\" href=\"https:\/\/www.hs.fi\/haku\/?query=Donald%20Trump\" rel=\"nofollow noopener\" target=\"_blank\">Donald Trump <\/a>uhkasi Yhdysvaltojen iskev\u00e4n uudelleen ja kovempaa, mik\u00e4li Iran vastaa iskuihin.<\/p>\n<p class=\"article-body mb-(--paragraph-margin-b) px-nof-16\">Axios: Yhdysvallat ottanut k\u00e4ytt\u00f6\u00f6n \u201dtankkeri tankkerista\u201d -periaatteen<\/p>\n<p class=\"article-body mb-(--paragraph-margin-b) px-nof-16\">Yhdysvaltalainen uutissivusto <a class=\"underline underline-offset-[0.12em] [text-decoration-thickness:var(--generic-link-underline-thickness)] [text-decoration-color:var(--generic-link-underline-color)] [text-decoration-skip-ink:var(--generic-link-underline-skip-ink)] break-words\" href=\"https:\/\/www.axios.com\/2026\/09\/02\/iran-tankers-hormuz-attacks-oil\" rel=\"nofollow noopener\" target=\"_blank\">Axios <\/a>kertoo, ett\u00e4 Yhdysvaltain asevoimat iskiv\u00e4t my\u00f6s kahteen Iranin hallituksen tankkeriin osana tiistaina tehty\u00e4 iskuaaltoa. Axios viittaa saamiinsa viranomaistietoihin.<\/p>\n<p class=\"article-body mb-(--paragraph-margin-b) px-nof-16\">Kyseess\u00e4 olisi sivuston mukaan ensimm\u00e4inen kerta, kun Yhdysvaltain asevoimat iskev\u00e4t iranilaisiin tankkereihin vastatoimena Iranin tekemiin hy\u00f6kk\u00e4yksiin aluksia vastaan Hormuzinsalmessa. Aiemmin tankkereihin on isketty, jotta niit\u00e4 estett\u00e4isiin rikkomasta merisaartoa.<\/p>\n<p class=\"article-body mb-(--paragraph-margin-b) px-nof-16\">Yhdysvaltalaisviranomaisen mukaan isku oli osa Trumpin hyv\u00e4ksym\u00e4\u00e4 uutta \u201dtankkeri tankkerista\u201d -periaatetta, jonka tarkoituksena on entisest\u00e4\u00e4n ehk\u00e4ist\u00e4 Irania hy\u00f6kk\u00e4\u00e4m\u00e4st\u00e4 Hormuzinsalmen kautta kulkevia tankkereita vastaan.<\/p>\n<p class=\"article-body mb-(--paragraph-margin-b) px-nof-16\">Iran iski vastaukseksi Yhdysvaltain tukikohtiin<\/p>\n<p class=\"article-body mb-(--paragraph-margin-b) px-nof-16\">Iran vastasi Yhdysvaltojen iskuihin iskem\u00e4ll\u00e4 Yhdysvaltain kohteisiin Jordaniassa, Bahrainissa ja Irakissa, Reuters kertoo.<\/p>\n<p class=\"article-body mb-(--paragraph-margin-b) px-nof-16\">Iranin vallankumouskaarti v\u00e4itt\u00e4\u00e4 surmanneensa \u201dsuuren m\u00e4\u00e4r\u00e4n yhdysvaltalaisjoukkoja\u201d. Lis\u00e4ksi se v\u00e4itt\u00e4\u00e4 tuhonneensa \u201duseita kohteita ja vihollisen taisteluhelikoptereita\u201d ballistisella ohjusiskulla Yhdysvaltain merijalkav\u00e4en tukikohdassa Jordaniassa.<\/p>\n<p class=\"article-body mb-(--paragraph-margin-b) px-nof-16\">Kaksi yhdysvaltalaisviranomaista on kuitenkin kiist\u00e4nyt v\u00e4itteet, The Guardian <a class=\"underline underline-offset-[0.12em] [text-decoration-thickness:var(--generic-link-underline-thickness)] [text-decoration-color:var(--generic-link-underline-color)] [text-decoration-skip-ink:var(--generic-link-underline-skip-ink)] break-words\" href=\"https:\/\/www.theguardian.com\/world\/live\/2026\/sep\/01\/us-iran-military-strikes-live-updates&#039;\" rel=\"nofollow noopener\" target=\"_blank\">kertoo<\/a>.<\/p>\n<p class=\"article-body mb-(--paragraph-margin-b) px-nof-16\">Jordanian armeijan mukaan 10 Iranin laukaisemasta 13 ballistisesta ohjuksesta torjuttiin ja kolme muuta putosi syrj\u00e4isille alueille.<\/p>\n<p class=\"article-body mb-(--paragraph-margin-b) px-nof-16\">Iran on varoittanut est\u00e4v\u00e4ns\u00e4 \u00f6ljyn viennin Persianlahdelta Trumpin uhkauksista huolimatta.<\/p>\n<p class=\"article-body mb-(--paragraph-margin-b) px-nof-16\">Ainakin viiden kerrotaan kuolleen ja yli 50 loukkaantuneen <\/p>\n<p class=\"article-body mb-(--paragraph-margin-b) px-nof-16\">Iranilaismediat kertovat ainakin viiden ihmisen kerrotaan kuolleen ja yli viidenkymmenen loukkaantuneen Yhdysvaltojen iskuissa Iraniin. Kuolleiden joukossa kerrotaan olevan pieni lapsi.<\/p>\n<p class=\"article-body mb-(--paragraph-margin-b) px-nof-16\">Iranin kansallisen humanitaarisen avustusj\u00e4rjest\u00f6n eli Iranin Punaisen Puolikuun mukaan yhdysvaltalaisen ohjusiskun sirpaleita osui asuintaloon, jossa vietettiin h\u00e4it\u00e4 Kuhestakin rannikkokaupungissa Sirikin piirikunnassa Hormozganin maakunnassa.<\/p>\n<p class=\"article-body mb-(--paragraph-margin-b) px-nof-16\">Yhdysvallat ei ole toistaiseksi kommentoinut tapausta.<\/p>\n<p class=\"article-body mb-(--paragraph-margin-b) px-nof-16\">Iranin vastaiskujen ei ole toistaiseksi vahvistettu aiheuttaneen kuolonuhreja.<\/p>\n<p class=\"article-body mb-(--paragraph-margin-b) px-nof-16\">Kumpikaan osapuoli ei kuitenkaan ole virallisesti vahvistanut kuolonuhrien tai loukkaantuneiden m\u00e4\u00e4ri\u00e4.<\/p>\n<p class=\"article-body mb-(--paragraph-margin-b) px-nof-16\">Iskuja tehtiin jo viikonloppuna<\/p>\n<p class=\"article-body mb-(--paragraph-margin-b) px-nof-16\">Yhdysvallat ja Iran iskiv\u00e4t viikonloppuna toisiaan vastaan ensimm\u00e4ist\u00e4 kertaa yli kuukauteen.<\/p>\n<p class=\"article-body mb-(--paragraph-margin-b) px-nof-16\">Yhdysvallat aloitti iskut iskem\u00e4ll\u00e4 sunnuntaina Hormuzinsalmella sijaitsevaan Larakin saareen. Iran vastasi iskuihin laukaisemalla ballistisia ohjuksia Yhdysvaltain sotilaskohteisiin Jordaniassa.<\/p>\n<p class=\"article-body mb-(--paragraph-margin-b) px-nof-16\">My\u00f6s maanantai-iltana kerrottiin kahteen Saudi-Arabian \u00f6ljy\u00e4 kuljettavaan \u00f6ljytankkeriin tehdyist\u00e4 iskuista Hormuzinsalmessa.<\/p>\n<p class=\"article-body mb-(--paragraph-margin-b) px-nof-16\">Konfliktin keski\u00f6ss\u00e4 oleva Hormuzinsalmi on maailman \u00f6ljynkuljetusten kannalta keskeinen merireitti, jonka Iran on k\u00e4yt\u00e4nn\u00f6ss\u00e4 sulkenut laivaliikenteelt\u00e4.<\/p>\n<p class=\"article-body mb-(--paragraph-margin-b) px-nof-16\">\u00d6ljyn maailmanmarkkinahinta nousi tiistaina iskujen seurauksena yli nelj\u00e4 dollaria barrelilta ja p\u00e4\u00e4tyi korkeimmalle tasolleen viiteen viikkoon, kertoo Reuters.<\/p>\n","protected":false},"excerpt":{"rendered":"Yhdysvallat ja Iran ovat j\u00e4lleen kiihdytt\u00e4neet iskuja toisiaan vastaan. Tiistaina Yhdysvallat kertoi tehneens\u00e4 uusia iskuja Iranin vallankumouskaartin kohteisiin&hellip;\n","protected":false},"author":2,"featured_media":339268,"comment_status":"","ping_status":"","sticky":false,"template":"","format":"standard","meta":{"footnotes":"","_share_on_mastodon":"0"},"categories":[5],"tags":[22,23,26,27,33,31,30,17,46,24,25,28,29,15,18,21,32,19,20,16],"class_list":["post-339267","post","type-post","status-publish","format-standard","has-post-thumbnail","category-otsikot","tag-breaking-news","tag-breakingnews","tag-featured-news","tag-featurednews","tag-fi","tag-finland","tag-finnish","tag-headlines","tag-helsingin-sanomat","tag-latest-news","tag-latestnews","tag-main-news","tag-mainnews","tag-news","tag-otsikot","tag-paauutiset","tag-suomi","tag-top-stories","tag-topstories","tag-uutiset"],"share_on_mastodon":{"url":"https:\/\/pubeurope.com\/@fi\/117199334737148643","error":""},"_links":{"self":[{"href":"https:\/\/www.europesays.com\/fi\/wp-json\/wp\/v2\/posts\/339267","targetHints":{"allow":["GET"]}}],"collection":[{"href":"https:\/\/www.europesays.com\/fi\/wp-json\/wp\/v2\/posts"}],"about":[{"href":"https:\/\/www.europesays.com\/fi\/wp-json\/wp\/v2\/types\/post"}],"author":[{"embeddable":true,"href":"https:\/\/www.europesays.com\/fi\/wp-json\/wp\/v2\/users\/2"}],"replies":[{"embeddable":true,"href":"https:\/\/www.europesays.com\/fi\/wp-json\/wp\/v2\/comments?post=339267"}],"version-history":[{"count":0,"href":"https:\/\/www.europesays.com\/fi\/wp-json\/wp\/v2\/posts\/339267\/revisions"}],"wp:featuredmedia":[{"embeddable":true,"href":"https:\/\/www.europesays.com\/fi\/wp-json\/wp\/v2\/media\/339268"}],"wp:attachment":[{"href":"https:\/\/www.europesays.com\/fi\/wp-json\/wp\/v2\/media?parent=339267"}],"wp:term":[{"taxonomy":"category","embeddable":true,"href":"https:\/\/www.europesays.com\/fi\/wp-json\/wp\/v2\/categories?post=339267"},{"taxonomy":"post_tag","embeddable":true,"href":"https:\/\/www.europesays.com\/fi\/wp-json\/wp\/v2\/tags?post=339267"}],"curies":[{"name":"wp","href":"https:\/\/api.w.org\/{rel}","templated":true}]}}