{"id":339275,"date":"2026-09-02T03:53:10","date_gmt":"2026-09-02T03:53:10","guid":{"rendered":"https:\/\/www.europesays.com\/fi\/339275\/"},"modified":"2026-09-02T03:53:10","modified_gmt":"2026-09-02T03:53:10","slug":"oulussa-remontoidaan-bensa-asemia-isolla-rahalla-vaikka-autoilijat-siirtyvat-kiihtyvaa-tahtia-sahkoon","status":"publish","type":"post","link":"https:\/\/www.europesays.com\/fi\/339275\/","title":{"rendered":"Oulussa remontoidaan bensa-asemia isolla rahalla, vaikka autoilijat siirtyv\u00e4t kiihtyv\u00e4\u00e4 tahtia s\u00e4hk\u00f6\u00f6n"},"content":{"rendered":"<p>    <img decoding=\"async\" class=\"responsive-image article__image-image lozad\"   src=\"https:\/\/www.europesays.com\/fi\/wp-content\/uploads\/2026\/09\/ORjbU51VAnWtroWOIoacolvnTUJcDicPvAECkmN_QEeW2yQNqZbxWVgMWpNaJTuwi-o3oS-A09XJsZbYQItWiPAL6CIMKFOXpep2.jpeg\" alt=\"Pateniemen ST1 on suljettu syksyn ajaksi mittavan elinkaariremontin takia.\"\/><\/p>\n<p>\n                Pateniemen ST1 on suljettu syksyn ajaksi mittavan elinkaariremontin takia.\n              <\/p>\n<p>\n                Kuva: Pekka Peura\n              <\/p>\n<p class=\"article__paragraph\">\n      Vanhoja bensa-asemia remontoidaan edelleen isolla rahalla, vaikka autokanta s\u00e4hk\u00f6istyy nopeasti.\n    <\/p>\n<p class=\"article__paragraph\">\n      Oulun seudulla kunnostetaan juuri nyt perusteellisesti ainakin kahta asemaa: Laanilan Nestett\u00e4 ja Pateniemen ST1-asemaa.\n    <\/p>\n<p class=\"article__paragraph\">\n      Remonteilla t\u00e4hd\u00e4t\u00e4\u00e4n siihen, ett\u00e4 perinteisten liikennepolttoaineiden myynti\u00e4 voidaan jatkaa huoltoasemilla viel\u00e4 vuosikymmenien ajan.\n    <\/p>\n<p class=\"article__paragraph\">\n      \u2013\u202fLaanilan Nesteell\u00e4 tehd\u00e4\u00e4n s\u00e4ili\u00f6iden uusintaa. Se on urakka, joka tulee eteen harvoin, mutta kuitenkin aika ajoin.<\/p>\n<p>    Tilaa Kaleva Digi ensimm\u00e4iset 2 kk yhteens\u00e4 9,90 \u20ac<\/p>\n","protected":false},"excerpt":{"rendered":"Pateniemen ST1 on suljettu syksyn ajaksi mittavan elinkaariremontin takia. Kuva: Pekka Peura Vanhoja bensa-asemia remontoidaan edelleen isolla rahalla,&hellip;\n","protected":false},"author":2,"featured_media":339276,"comment_status":"","ping_status":"","sticky":false,"template":"","format":"standard","meta":{"footnotes":"","_share_on_mastodon":"0"},"categories":[76],"tags":[79,77,33,31,30,32,78],"class_list":["post-339275","post","type-post","status-publish","format-standard","has-post-thumbnail","category-talous","tag-business","tag-economy","tag-fi","tag-finland","tag-finnish","tag-suomi","tag-talous"],"share_on_mastodon":{"url":"https:\/\/pubeurope.com\/@fi\/117199425675102294","error":""},"_links":{"self":[{"href":"https:\/\/www.europesays.com\/fi\/wp-json\/wp\/v2\/posts\/339275","targetHints":{"allow":["GET"]}}],"collection":[{"href":"https:\/\/www.europesays.com\/fi\/wp-json\/wp\/v2\/posts"}],"about":[{"href":"https:\/\/www.europesays.com\/fi\/wp-json\/wp\/v2\/types\/post"}],"author":[{"embeddable":true,"href":"https:\/\/www.europesays.com\/fi\/wp-json\/wp\/v2\/users\/2"}],"replies":[{"embeddable":true,"href":"https:\/\/www.europesays.com\/fi\/wp-json\/wp\/v2\/comments?post=339275"}],"version-history":[{"count":0,"href":"https:\/\/www.europesays.com\/fi\/wp-json\/wp\/v2\/posts\/339275\/revisions"}],"wp:featuredmedia":[{"embeddable":true,"href":"https:\/\/www.europesays.com\/fi\/wp-json\/wp\/v2\/media\/339276"}],"wp:attachment":[{"href":"https:\/\/www.europesays.com\/fi\/wp-json\/wp\/v2\/media?parent=339275"}],"wp:term":[{"taxonomy":"category","embeddable":true,"href":"https:\/\/www.europesays.com\/fi\/wp-json\/wp\/v2\/categories?post=339275"},{"taxonomy":"post_tag","embeddable":true,"href":"https:\/\/www.europesays.com\/fi\/wp-json\/wp\/v2\/tags?post=339275"}],"curies":[{"name":"wp","href":"https:\/\/api.w.org\/{rel}","templated":true}]}}