{"id":339279,"date":"2026-09-02T03:55:11","date_gmt":"2026-09-02T03:55:11","guid":{"rendered":"https:\/\/www.europesays.com\/fi\/339279\/"},"modified":"2026-09-02T03:55:11","modified_gmt":"2026-09-02T03:55:11","slug":"suomi-jai-naapureiden-kyydista-etla-talla-reseptilla-voisimme-kiria-ruotsin-elintasolle-25-vuodessa-ts-fi","status":"publish","type":"post","link":"https:\/\/www.europesays.com\/fi\/339279\/","title":{"rendered":"Suomi j\u00e4i naapureiden kyydist\u00e4 \u2013 Etla: T\u00e4ll\u00e4 reseptill\u00e4 voisimme kiri\u00e4 Ruotsin elintasolle 25 vuodessa &#8211; ts.fi"},"content":{"rendered":"<ol>\n<li><a href=\"https:\/\/news.google.com\/rss\/articles\/CBMiQEFVX3lxTE1yOHJNVGlKdVBfdzBUWFVFelBXZng0VTI0VVZxQlM0UDFaR3Nzd2xPZXBMNWtnbDRKRlRTeHY2WHI?oc=5\" target=\"_blank\" rel=\"nofollow noopener\">Suomi j\u00e4i naapureiden kyydist\u00e4 \u2013 Etla: T\u00e4ll\u00e4 reseptill\u00e4 voisimme kiri\u00e4 Ruotsin elintasolle 25 vuodessa<\/a>&nbsp;&nbsp;ts.fi<\/li>\n<li><a href=\"https:\/\/news.google.com\/rss\/articles\/CBMiQkFVX3lxTE5TVWotaFVsYklOVDBjZHpaU1psZHBwRHNhb29mWUJKUTQyVWN5NTBTTGk1dzh0NFlZdVlvUnNUdklnZw?oc=5\" target=\"_blank\" rel=\"nofollow noopener\">Yksi kuva n\u00e4ytt\u00e4\u00e4 Suomen talouskasvua uhkaavan kehityksen \u2013 \u201dKorkeakouluun koko ajan vaikeampi p\u00e4\u00e4st\u00e4\u201d<\/a>&nbsp;&nbsp;Yle<\/li>\n<li><a href=\"https:\/\/news.google.com\/rss\/articles\/CBMipAFBVV95cUxNX0h1eGJYVTZrczl3ZUUwVjlkRmx6bFBaZ09ibnhKMjd6V0FCXzRFRGZKVmZBY2tuQlRUZ1lFaV90MW5KMXU3QVBWR1BYUXhYdzc1ZWlMZGtYRDhUTW9Eb1g5S24wU2xWQ2k0VHBYd0p1S0w4YU51R3dOaHFiTC0yVW9KcXNZMm04UnlJSkRuUkgtNmRqdUZNVEM1dy1Uak5WMl9tYw?oc=5\" target=\"_blank\" rel=\"nofollow noopener\">Etlan juhlavuosi huipentuu \u2013 logo vaihtuu syyskuun ajaksi kultaiseksi<\/a>&nbsp;&nbsp;Elinkeinoel\u00e4m\u00e4n tutkimuslaitos<\/li>\n<li><a href=\"https:\/\/news.google.com\/rss\/articles\/CBMi1AJBVV95cUxQeHlmUjRfTThrVlFrMnowcE9ia1lUZXJVV015eF9kaTVXeXNSc05TMXpGVEtHRU9seEJrdk1GRXQ5TDJPMDVNWHVmMmJrelIyU3hiZHY1NzZkXzc5NkMyam8wRmwwRDF5X0V1d2hVdEdUQWp2RzgtN3l6WHJrTXl2UEk1YmZXV2VyV21wWGJ3SHdnNWpyRC1KNkp1bE94U0RZRHFmSnBSRWlCdERsb2Q1S1RocVJaRmRiQ3NBc2xtd01KNnBGczMyQmwxQXBuSDgtWGdvVEhPbUl4Z3N3NkYzWGJhVk5HNEhLU0lmS3F1ekloQWstNHhMaUNfRldLeGUxNW9yUHF0aEEzdDk3R2ZhSjk3SWlYWlRwT3QwQXJlbFhiSDUzWm1WV0IyNlZtNHp1cGdKSEw2Z2NkZkpsOTM0a3FHaEM4Q0dxaWRrSDZPX2NnXzg3?oc=5\" target=\"_blank\" rel=\"nofollow noopener\">N\u00e4in Suomi saavuttaa muun Pohjolan elintason vuoteen 2051 menness\u00e4 \u2013 Etlan juhlakirja vaatii rohkeita kokeiluja, osaajapulan ratkaisemista ja julkisen sektorin alustamallia<\/a>&nbsp;&nbsp;STT Info<\/li>\n<\/ol>\n","protected":false},"excerpt":{"rendered":"Suomi j\u00e4i naapureiden kyydist\u00e4 \u2013 Etla: T\u00e4ll\u00e4 reseptill\u00e4 voisimme kiri\u00e4 Ruotsin elintasolle 25 vuodessa&nbsp;&nbsp;ts.fi Yksi kuva n\u00e4ytt\u00e4\u00e4 Suomen&hellip;\n","protected":false},"author":2,"featured_media":339280,"comment_status":"","ping_status":"","sticky":false,"template":"","format":"standard","meta":{"footnotes":"","_share_on_mastodon":"0"},"categories":[12],"tags":[22,23,32928,26,27,33,31,30,17,1433,379,24,25,28,29,15,18,21,637,721,2408,32,19,20,31614,546,16],"class_list":["post-339279","post","type-post","status-publish","format-standard","has-post-thumbnail","category-suomi","tag-breaking-news","tag-breakingnews","tag-etla","tag-featured-news","tag-featurednews","tag-fi","tag-finland","tag-finnish","tag-headlines","tag-historia","tag-kirjallisuus","tag-latest-news","tag-latestnews","tag-main-news","tag-mainnews","tag-news","tag-otsikot","tag-paauutiset","tag-politiikka","tag-rahoitus","tag-rahoitusmarkkinat","tag-suomi","tag-top-stories","tag-topstories","tag-ts-kirja","tag-turvallisuus","tag-uutiset"],"share_on_mastodon":{"url":"","error":""},"_links":{"self":[{"href":"https:\/\/www.europesays.com\/fi\/wp-json\/wp\/v2\/posts\/339279","targetHints":{"allow":["GET"]}}],"collection":[{"href":"https:\/\/www.europesays.com\/fi\/wp-json\/wp\/v2\/posts"}],"about":[{"href":"https:\/\/www.europesays.com\/fi\/wp-json\/wp\/v2\/types\/post"}],"author":[{"embeddable":true,"href":"https:\/\/www.europesays.com\/fi\/wp-json\/wp\/v2\/users\/2"}],"replies":[{"embeddable":true,"href":"https:\/\/www.europesays.com\/fi\/wp-json\/wp\/v2\/comments?post=339279"}],"version-history":[{"count":0,"href":"https:\/\/www.europesays.com\/fi\/wp-json\/wp\/v2\/posts\/339279\/revisions"}],"wp:featuredmedia":[{"embeddable":true,"href":"https:\/\/www.europesays.com\/fi\/wp-json\/wp\/v2\/media\/339280"}],"wp:attachment":[{"href":"https:\/\/www.europesays.com\/fi\/wp-json\/wp\/v2\/media?parent=339279"}],"wp:term":[{"taxonomy":"category","embeddable":true,"href":"https:\/\/www.europesays.com\/fi\/wp-json\/wp\/v2\/categories?post=339279"},{"taxonomy":"post_tag","embeddable":true,"href":"https:\/\/www.europesays.com\/fi\/wp-json\/wp\/v2\/tags?post=339279"}],"curies":[{"name":"wp","href":"https:\/\/api.w.org\/{rel}","templated":true}]}}