{"id":339281,"date":"2026-09-02T03:56:10","date_gmt":"2026-09-02T03:56:10","guid":{"rendered":"https:\/\/www.europesays.com\/fi\/339281\/"},"modified":"2026-09-02T03:56:10","modified_gmt":"2026-09-02T03:56:10","slug":"kari-jalonen-letkautti-kauden-aloituksesta-myonsi-erikoisen-hetken-jannittaneen","status":"publish","type":"post","link":"https:\/\/www.europesays.com\/fi\/339281\/","title":{"rendered":"Kari Jalonen letkautti kauden aloituksesta \u2013 my\u00f6nsi erikoisen hetken j\u00e4nnitt\u00e4neen"},"content":{"rendered":"<p>Kari Jalosen liigadebyytti Tapparan k\u00e4skij\u00e4n\u00e4 p\u00e4\u00e4ttyi tappioon SaiPan vieraana. \u201dMielenkiintoinen vastus tuo SaiPa\u201d, h\u00e4n sanoi.<\/p>\n<p><img decoding=\"async\" src=\"https:\/\/www.europesays.com\/fi\/wp-content\/uploads\/2026\/09\/1788321370_997_468.jpg\" alt=\"Kari Jalosen liigaura Tapparan penkin takana alkoi tappiolla.\" class=\"_Img_1rerz_1\" style=\"aspect-ratio:1920\/1280\" loading=\"eager\"\/><\/p>\n<p class=\"font-(family-name:--picture-caption-font-family) text-(length:--picture-caption-font-size) leading-(--picture-caption-leading) font-(--picture-caption-font-weight) text-(color:--picture-caption-color)\">Kari Jalosen liigaura Tapparan penkin takana alkoi tappiolla. Kuva:\u00a0Mikko Lieri \/ All Over Press<\/p>\n<p class=\"article-body mb-(--paragraph-margin-b) px-nof-16\">Aamulehti<\/p>\n<p class=\"article-body mb-(--paragraph-margin-b) px-nof-16\">Tapparan uusi p\u00e4\u00e4valmentaja <a class=\"font-bold underline-offset-[0.12em] [text-decoration:var(--person-link-text-decoration)] [text-decoration-color:var(--person-link-text-decoration-color)]!\" href=\"https:\/\/www.aamulehti.fi\/haku\/?query=Kari%20Jalonen\" rel=\"nofollow noopener\" target=\"_blank\">Kari Jalonen<\/a>, 66, on n\u00e4hnyt pitk\u00e4ll\u00e4 ja komealla urallaan yht\u00e4 jos toista ja menestynyt k\u00e4yt\u00e4nn\u00f6ss\u00e4 kaikkialla, mutta silti kokenut kiekkomies oli j\u00e4nn\u00e4n \u00e4\u00e4rell\u00e4, kun miesten j\u00e4\u00e4kiekkoliiga k\u00e4ynnistyi tiistaina.<\/p>\n<p class=\"article-body mb-(--paragraph-margin-b) px-nof-16\">Tappara korkkasi kauden SaiPan vieraana, ja se oli erityinen hetki my\u00f6s Jaloselle.<\/p>\n","protected":false},"excerpt":{"rendered":"Kari Jalosen liigadebyytti Tapparan k\u00e4skij\u00e4n\u00e4 p\u00e4\u00e4ttyi tappioon SaiPan vieraana. \u201dMielenkiintoinen vastus tuo SaiPa\u201d, h\u00e4n sanoi. Kari Jalosen liigaura&hellip;\n","protected":false},"author":2,"featured_media":339282,"comment_status":"","ping_status":"","sticky":false,"template":"","format":"standard","meta":{"footnotes":"","_share_on_mastodon":"0"},"categories":[5],"tags":[157,22,23,26,27,33,31,30,17,24,25,28,29,15,18,21,32,19,20,16],"class_list":["post-339281","post","type-post","status-publish","format-standard","has-post-thumbnail","category-otsikot","tag-aamulehti","tag-breaking-news","tag-breakingnews","tag-featured-news","tag-featurednews","tag-fi","tag-finland","tag-finnish","tag-headlines","tag-latest-news","tag-latestnews","tag-main-news","tag-mainnews","tag-news","tag-otsikot","tag-paauutiset","tag-suomi","tag-top-stories","tag-topstories","tag-uutiset"],"share_on_mastodon":{"url":"https:\/\/pubeurope.com\/@fi\/117199437438761560","error":""},"_links":{"self":[{"href":"https:\/\/www.europesays.com\/fi\/wp-json\/wp\/v2\/posts\/339281","targetHints":{"allow":["GET"]}}],"collection":[{"href":"https:\/\/www.europesays.com\/fi\/wp-json\/wp\/v2\/posts"}],"about":[{"href":"https:\/\/www.europesays.com\/fi\/wp-json\/wp\/v2\/types\/post"}],"author":[{"embeddable":true,"href":"https:\/\/www.europesays.com\/fi\/wp-json\/wp\/v2\/users\/2"}],"replies":[{"embeddable":true,"href":"https:\/\/www.europesays.com\/fi\/wp-json\/wp\/v2\/comments?post=339281"}],"version-history":[{"count":0,"href":"https:\/\/www.europesays.com\/fi\/wp-json\/wp\/v2\/posts\/339281\/revisions"}],"wp:featuredmedia":[{"embeddable":true,"href":"https:\/\/www.europesays.com\/fi\/wp-json\/wp\/v2\/media\/339282"}],"wp:attachment":[{"href":"https:\/\/www.europesays.com\/fi\/wp-json\/wp\/v2\/media?parent=339281"}],"wp:term":[{"taxonomy":"category","embeddable":true,"href":"https:\/\/www.europesays.com\/fi\/wp-json\/wp\/v2\/categories?post=339281"},{"taxonomy":"post_tag","embeddable":true,"href":"https:\/\/www.europesays.com\/fi\/wp-json\/wp\/v2\/tags?post=339281"}],"curies":[{"name":"wp","href":"https:\/\/api.w.org\/{rel}","templated":true}]}}