{"id":339291,"date":"2026-09-02T04:19:11","date_gmt":"2026-09-02T04:19:11","guid":{"rendered":"https:\/\/www.europesays.com\/fi\/339291\/"},"modified":"2026-09-02T04:19:11","modified_gmt":"2026-09-02T04:19:11","slug":"pandan-tehtaan-kohtalo-ratkeaa-muutosneuvottelut-alkavat","status":"publish","type":"post","link":"https:\/\/www.europesays.com\/fi\/339291\/","title":{"rendered":"Pandan tehtaan kohtalo ratkeaa \u2013 muutosneuvottelut alkavat"},"content":{"rendered":"<p>Pandan ty\u00f6ntekij\u00e4t eiv\u00e4t halunneet arvailla tulevaisuuttaan. &#8221;Ainahan n\u00e4iss\u00e4 joku voittaa ja joku h\u00e4vi\u00e4\u00e4.&#8221;<\/p>\n<p class=\"article-body mb-(--paragraph-margin-b) px-nof-16\">Jyv\u00e4skyl\u00e4n Vaajakosken Pandan, nykyisin Orkla Suomen, makeistehtaalla on viime p\u00e4ivin\u00e4 ollut kuhinaa. Kun Ilta-Sanomat vieraili tehdasalueella kahdesti, piha oli t\u00e4ynn\u00e4 autoja ja myym\u00e4l\u00e4n ovi k\u00e4vi tiuhaan. Osa asiakkaista halusi haistella ja maistella historiaa, osa k\u00e4vi normiostoksilla. Tehtaan puolen ovesta tuli ulos ja meni sis\u00e4\u00e4n samaan aikaan vaiteliaita ihmisi\u00e4.<\/p>\n<p class=\"article-body mb-(--paragraph-margin-b) px-nof-16\">Taloussanomat yritti jututtaa kahden p\u00e4iv\u00e4n aikana 50\u201360 ty\u00f6ntekij\u00e4\u00e4, joista vain kaksi suostui pys\u00e4htym\u00e4\u00e4n ja sanomaan edes jotain. Nimett\u00f6m\u00e4n\u00e4 ja ilman kuvaa.<\/p>\n<p class=\"article-body mb-(--paragraph-margin-b) px-nof-16\">Toinen nuorista miehist\u00e4 sanoi ty\u00f6skentelev\u00e4ns\u00e4 suklaatuotannossa, joten muutosneuvottelut koskevat h\u00e4nt\u00e4.<\/p>\n<p class=\"article-body mb-(--paragraph-margin-b) px-nof-16\">\u2013Ainahan n\u00e4iss\u00e4 joku voittaa ja joku h\u00e4vi\u00e4\u00e4, &#8221;tarpeeksi kauan&#8221; tehtaalla t\u00f6iss\u00e4 ollut mies kertoi.<\/p>\n<p class=\"article-body mb-(--paragraph-margin-b) px-nof-16\">Onko teit\u00e4 ohjeistettu lausuntojen antamisessa?<\/p>\n<p class=\"article-body mb-(--paragraph-margin-b) px-nof-16\">\u2013 Ei ole.<\/p>\n<p class=\"article-body mb-(--paragraph-margin-b) px-nof-16\">Norjalainen Orkla-konserni ilmoitti elokuussa, ett\u00e4 Pandan tehtaan suklaanvalmistus lopetetaan vuosien 2027\u20132030 aikana ja tuotanto siirret\u00e4\u00e4n Viroon.<\/p>\n<p class=\"article-body mb-(--paragraph-margin-b) px-nof-16\">Syyskuussa aloitetaan muutosneuvottelut, joista tulee historialliset, kun muutoksen aikav\u00e4li on niin pitk\u00e4. Neuvottelut koskevat noin 150:t\u00e4 ihmist\u00e4, kun Pandan tehtaalla on ollut t\u00f6iss\u00e4 noin 200 ihmist\u00e4 kausity\u00f6l\u00e4iset mukaan luettuna.<\/p>\n<p class=\"article-body mb-(--paragraph-margin-b) px-nof-16\">Suurin osa ty\u00f6ntekij\u00f6ist\u00e4 ei suostunut sanomaan mit\u00e4\u00e4n, kun IS pyysi lyhytt\u00e4 kommenttia Pandan tilanteesta. Osa valitteli kiirett\u00e4, osa ei sanonut mit\u00e4\u00e4n, suurin osa totesi vain ett\u00e4 &#8221;ei kiitos&#8221;.<\/p>\n<p class=\"article-body mb-(--paragraph-margin-b) px-nof-16\">Se toinen nuori mies sanoi, ett\u00e4 &#8221;kysyk\u00e4\u00e4 ylemmilt\u00e4 tahoilta&#8221;.<\/p>\n<p class=\"article-body mb-(--paragraph-margin-b) px-nof-16\">Niinp\u00e4 IS kysyi Orkla Suomen toimitusjohtajalta <a class=\"font-bold underline-offset-[0.12em] [text-decoration:var(--person-link-text-decoration)] [text-decoration-color:var(--person-link-text-decoration-color)]!\" href=\"https:\/\/www.is.fi\/haku\/?query=Jutta%20Karpilta\" rel=\"nofollow noopener\" target=\"_blank\">Jutta Karpilta<\/a>, mit\u00e4 Orklan ilmoitus tehtaalle tarkoittaa.<\/p>\n<p class=\"article-body mb-(--paragraph-margin-b) px-nof-16\">Uutista muutoksesta voidaan pit\u00e4\u00e4 yll\u00e4tyksen\u00e4, koska toimitusjohtaja Karppi kertoi viel\u00e4 viime vuonna, ett\u00e4 tehtaalla voidaan valmistaa suklaata viel\u00e4 toiset sata vuotta. N\u00e4ill\u00e4 n\u00e4kymin Vaajakoskelle j\u00e4\u00e4 vain lakritsin ja rakeiden valmistus.<\/p>\n<p class=\"article-body mb-(--paragraph-margin-b) px-nof-16\">Koska p\u00e4\u00e4t\u00f6s muutosneuvotteluista siis tehtiin ja mik\u00e4 oli painavin syy ratkaisuun, toimitusjohtaja Jutta Karppi?<\/p>\n<p class=\"article-body mb-(--paragraph-margin-b) px-nof-16\">\u2013\u2009Muutosneuvottelut liittyv\u00e4t p\u00e4\u00e4t\u00f6kseen Vaajakosken makeistehtaan erikoistumisesta lakritsin ja raetuotteiden valmistukseen sek\u00e4 suklaatuotannon siirrosta Viroon osana Orkla Snacksin tehdasverkoston kehitt\u00e4mist\u00e4. Suunnitellut tuotantomuutokset on tarkoitus toteuttaa vuosina 2027\u20132030 eik\u00e4 suunnitelmalla siksi ole v\u00e4litt\u00f6mi\u00e4 vaikutuksia tehtaan tuotantoon tai henkil\u00f6st\u00f6\u00f6n.<\/p>\n<p><img decoding=\"async\" src=\"https:\/\/www.europesays.com\/fi\/wp-content\/uploads\/2026\/09\/1788322751_434_468.jpg\" alt=\"Pandan tehtaalla on ty\u00f6skennellyt noin 200 ihmist\u00e4 kausity\u00f6l\u00e4iset mukaan luettuna.\" class=\"_Img_1rerz_1\" style=\"aspect-ratio:1920\/1327\" loading=\"eager\"\/><\/p>\n<p class=\"font-(family-name:--picture-caption-font-family) text-(length:--picture-caption-font-size) leading-(--picture-caption-leading) font-(--picture-caption-font-weight) text-(color:--picture-caption-color) picture-with-caption__caption picture-with-caption__caption--default-full\">Pandan tehtaalla on ty\u00f6skennellyt noin 200 ihmist\u00e4 kausity\u00f6l\u00e4iset mukaan luettuna. Kuva:\u00a0Petteri Kivim\u00e4ki<\/p>\n<p class=\"article-body mb-(--paragraph-margin-b) px-nof-16\">\u2013\u2009On kuitenkin todenn\u00e4k\u00f6ist\u00e4, ett\u00e4 p\u00e4\u00e4t\u00f6ksell\u00e4 on vaiheittaisia henkil\u00f6st\u00f6vaikutuksia tulevien vuosien aikana, jolloin muutosneuvottelut tulee k\u00e4yd\u00e4, Karppi jatkaa.<\/p>\n<p class=\"article-body mb-(--paragraph-margin-b) px-nof-16\">\u2013\u2009 Luonnollisesti pyrimme minimoimaan tehtaalla ty\u00f6skenteleviin ihmisiin kohdistuvat negatiiviset vaikutukset. Vaajakosken tehtaalla on ainutlaatuista erikoisosaamista lakritsituotteiden valmistuksesta jo l\u00e4hes sadan vuoden ajalta. Erikoistuminen lakritsiin ja raetuotteisiin tuo my\u00f6s uusia mahdollisuuksia. Lakritsan myynti on kehittynyt positiivisesti.<\/p>\n<p class=\"article-body mb-(--paragraph-margin-b) px-nof-16\">Osana Orkla Snacksin makeistehtaiden tuotannon kehitt\u00e4mist\u00e4 raemakeisten tuotantoa siirtyy Suomeen ja nimenomaan Vaajakosken tehtaalle.<\/p>\n<p class=\"article-body mb-(--paragraph-margin-b) px-nof-16\">Talous- ja hallintojohtajana Pandalla pitk\u00e4\u00e4n ty\u00f6skennellyt <a class=\"font-bold underline-offset-[0.12em] [text-decoration:var(--person-link-text-decoration)] [text-decoration-color:var(--person-link-text-decoration-color)]!\" href=\"https:\/\/www.is.fi\/haku\/?query=Mauno%20Jormanainen\" rel=\"nofollow noopener\" target=\"_blank\">Mauno Jormanainen<\/a> on arvellut <a class=\"underline underline-offset-[0.12em] [text-decoration-thickness:var(--generic-link-underline-thickness)] [text-decoration-color:var(--generic-link-underline-color)] [text-decoration-skip-ink:var(--generic-link-underline-skip-ink)] break-words\" href=\"https:\/\/www.ksml.fi\/paikalliset\/9751084\" rel=\"nofollow noopener\" target=\"_blank\">julkisuudessa <\/a>suklaantuotannon siirron Vaajakoskelta Viroon johtuvan Orklan tehostamistarpeesta ja mahdollisesti my\u00f6s Viron Suomea alemmasta palkkatasosta. Onko Suomi ehk\u00e4 liian kallis maa teollisuudelle, Jutta Karppi?<\/p>\n<p class=\"article-body mb-(--paragraph-margin-b) px-nof-16\">\u2013\u2009Emme voi puhua koko teollisuuden puolesta. T\u00e4m\u00e4n kyseisen p\u00e4\u00e4t\u00f6ksen taustalla on emoyhti\u00f6mme Orkla Snacksin tavoite s\u00e4ilytt\u00e4\u00e4 kilpailukykymme my\u00f6s tulevaisuudessa, joten kansanv\u00e4list\u00e4 tuotantoverkostoa ja sen rakennetta on t\u00e4ss\u00e4 katsottu kokonaisuutena.<\/p>\n<p class=\"article-body mb-(--paragraph-margin-b) px-nof-16\">Makeisten kulutus maailmalla on viime vuodet s\u00e4ilynyt melko samankaltaisena. Orkla-konsernissa uskotaankin, ett\u00e4 makeistuotanto pysyy kannattavana my\u00f6s l\u00e4hivuosina.<\/p>\n<p><img decoding=\"async\" src=\"https:\/\/www.europesays.com\/fi\/wp-content\/uploads\/2026\/09\/1788322751_354_468.jpg\" alt=\"Johanna Helminen pelk\u00e4\u00e4 tuotannon muuton vaikuttavan reseptiikkaan.\" class=\"_Img_1rerz_1\" style=\"aspect-ratio:1920\/1277\" loading=\"eager\"\/><\/p>\n<p class=\"font-(family-name:--picture-caption-font-family) text-(length:--picture-caption-font-size) leading-(--picture-caption-leading) font-(--picture-caption-font-weight) text-(color:--picture-caption-color) picture-with-caption__caption picture-with-caption__caption--default-full\">Johanna Helminen pelk\u00e4\u00e4 tuotannon muuton vaikuttavan reseptiikkaan. Kuva:\u00a0Riku Luomaa<\/p>\n<p class=\"article-body mb-(--paragraph-margin-b) px-nof-16\">\u2013\u2009 Eih\u00e4n tuo uutinen mitenk\u00e4\u00e4n kiva ollut. Itse tykk\u00e4\u00e4n k\u00e4yd\u00e4 ostamassa rakeita ja suklaatakin, kun k\u00e4yn Jyv\u00e4skyl\u00e4ss\u00e4 lapsiani tapaamassa. Vaaranahan t\u00e4ss\u00e4 on, ett\u00e4 esimerkiksi joulukonvehtien resepti\u00e4 muutetaan. N\u00e4inh\u00e4n k\u00e4vi Turun Sinapille, kunnes sen tuotanto palasi Suomeen. Itse arvostan ja suosin kotimaista ty\u00f6t\u00e4, Vaajakosken makeistehtaan myym\u00e4l\u00e4ss\u00e4 piipahtanut j\u00e4rvenp\u00e4\u00e4l\u00e4inen <a class=\"font-bold underline-offset-[0.12em] [text-decoration:var(--person-link-text-decoration)] [text-decoration-color:var(--person-link-text-decoration-color)]!\" href=\"https:\/\/www.is.fi\/haku\/?query=Johanna%20Helminen\" rel=\"nofollow noopener\" target=\"_blank\">Johanna Helminen<\/a> sanoo.<\/p>\n<p class=\"article-body mb-(--paragraph-margin-b) px-nof-16\">Kansanedustaja <a class=\"font-bold underline-offset-[0.12em] [text-decoration:var(--person-link-text-decoration)] [text-decoration-color:var(--person-link-text-decoration-color)]!\" href=\"https:\/\/www.is.fi\/haku\/?query=Anne%20Kalmari\" rel=\"nofollow noopener\" target=\"_blank\">Anne Kalmari<\/a> (kesk.) ehtikin jo ehdottaa, ett\u00e4 Vaajakosken tilanne voitaisiin pelastaa sill\u00e4, ett\u00e4 ty\u00f6ntekij\u00e4t ostaisivat tehtaan. Karppi ei pystynyt Ilta-Sanomille kertomaan, millainen hintalappu kaupalle olisi. Sen sijaan henkil\u00f6kohtaisen suosikkinsa tehtaan valikoimista Karppi pystyi osoittamaan.<\/p>\n<p class=\"article-body mb-(--paragraph-margin-b) px-nof-16\">\u2013\u2009Panda Choco &amp; Lakrits -salmiakkilakritsipalat.<\/p>\n<p>Pandan makea historia<\/p>\n<p class=\"article-body mb-(--paragraph-margin-b) px-nof-16\">Pandan tarina alkaa 1920, kun SOK:n marjanjalostuslaitoksen Marjalan yl\u00e4kertaan sijoitetaan makeistehdas. Tehtaan tuotteita ovat muun muassa paperip\u00e4\u00e4llysteiset karamellit, purkkikaramellit ja marmeladi.<\/p>\n<p class=\"article-body mb-(--paragraph-margin-b) px-nof-16\">Suklaan valmistus alkaa 1929.<\/p>\n<p class=\"article-body mb-(--paragraph-margin-b) px-nof-16\">Lakritsin valmistus alkaa 1934.<\/p>\n<p class=\"article-body mb-(--paragraph-margin-b) px-nof-16\">Rakeiden valmistus alkaa 1938.<\/p>\n<p class=\"article-body mb-(--paragraph-margin-b) px-nof-16\">Panda-tuotemerkki otetaan k\u00e4ytt\u00f6\u00f6n 1952.<\/p>\n<p class=\"article-body mb-(--paragraph-margin-b) px-nof-16\">Vienti ulkomaille alkaa 1958.<\/p>\n<p class=\"article-body mb-(--paragraph-margin-b) px-nof-16\">Pandan tunnetuimpiin tuotteisiin kuuluvan Juhlap\u00f6yd\u00e4n Konvehtien valmistus alkaa 1967.<\/p>\n<p class=\"article-body mb-(--paragraph-margin-b) px-nof-16\">Pandan lakritsi nousee markkinajohtajaksi Suomessa 1986.<\/p>\n<p class=\"article-body mb-(--paragraph-margin-b) px-nof-16\">Norjalaiseen Orkla-konserniin kuuluva Felix Abba Oy ostaa Pandan 2005.<\/p>\n","protected":false},"excerpt":{"rendered":"Pandan ty\u00f6ntekij\u00e4t eiv\u00e4t halunneet arvailla tulevaisuuttaan. &#8221;Ainahan n\u00e4iss\u00e4 joku voittaa ja joku h\u00e4vi\u00e4\u00e4.&#8221; Jyv\u00e4skyl\u00e4n Vaajakosken Pandan, nykyisin Orkla&hellip;\n","protected":false},"author":2,"featured_media":339292,"comment_status":"","ping_status":"","sticky":false,"template":"","format":"standard","meta":{"footnotes":"","_share_on_mastodon":"0"},"categories":[76],"tags":[79,77,33,31,30,34,32,78],"class_list":["post-339291","post","type-post","status-publish","format-standard","has-post-thumbnail","category-talous","tag-business","tag-economy","tag-fi","tag-finland","tag-finnish","tag-ilta-sanomat","tag-suomi","tag-talous"],"share_on_mastodon":{"url":"https:\/\/pubeurope.com\/@fi\/117199527280688872","error":""},"_links":{"self":[{"href":"https:\/\/www.europesays.com\/fi\/wp-json\/wp\/v2\/posts\/339291","targetHints":{"allow":["GET"]}}],"collection":[{"href":"https:\/\/www.europesays.com\/fi\/wp-json\/wp\/v2\/posts"}],"about":[{"href":"https:\/\/www.europesays.com\/fi\/wp-json\/wp\/v2\/types\/post"}],"author":[{"embeddable":true,"href":"https:\/\/www.europesays.com\/fi\/wp-json\/wp\/v2\/users\/2"}],"replies":[{"embeddable":true,"href":"https:\/\/www.europesays.com\/fi\/wp-json\/wp\/v2\/comments?post=339291"}],"version-history":[{"count":0,"href":"https:\/\/www.europesays.com\/fi\/wp-json\/wp\/v2\/posts\/339291\/revisions"}],"wp:featuredmedia":[{"embeddable":true,"href":"https:\/\/www.europesays.com\/fi\/wp-json\/wp\/v2\/media\/339292"}],"wp:attachment":[{"href":"https:\/\/www.europesays.com\/fi\/wp-json\/wp\/v2\/media?parent=339291"}],"wp:term":[{"taxonomy":"category","embeddable":true,"href":"https:\/\/www.europesays.com\/fi\/wp-json\/wp\/v2\/categories?post=339291"},{"taxonomy":"post_tag","embeddable":true,"href":"https:\/\/www.europesays.com\/fi\/wp-json\/wp\/v2\/tags?post=339291"}],"curies":[{"name":"wp","href":"https:\/\/api.w.org\/{rel}","templated":true}]}}