{"id":339297,"date":"2026-09-02T04:22:09","date_gmt":"2026-09-02T04:22:09","guid":{"rendered":"https:\/\/www.europesays.com\/fi\/339297\/"},"modified":"2026-09-02T04:22:09","modified_gmt":"2026-09-02T04:22:09","slug":"miksi-elina-karjalainen-valehteli-ilta-sanomat","status":"publish","type":"post","link":"https:\/\/www.europesays.com\/fi\/339297\/","title":{"rendered":"Miksi Elina Karjalainen valehteli? &#8211; Ilta-Sanomat"},"content":{"rendered":"<p>Mit\u00e4 sellaisesta lapsesta tulisi, joka ei pysyisi totuudessa? Elina Karjalaisen vanhemmat ihmetteliv\u00e4t tytt\u00e4rens\u00e4 mielikuvitusmaailmaa. Tytt\u00e4rest\u00e4 tuli menestyskirjailija.<\/p>\n<p><img decoding=\"async\" src=\"https:\/\/www.europesays.com\/fi\/wp-content\/uploads\/2026\/09\/1788322928_553_468.jpg\" alt=\"Elina Karjalainen laittoi tarinoihinsa \u201dsakuraa\u201d joukkoon.\" class=\"_Img_1rerz_1\" style=\"aspect-ratio:1920\/1080\" loading=\"eager\"\/><\/p>\n<p class=\"font-(family-name:--picture-caption-font-family) text-(length:--picture-caption-font-size) leading-(--picture-caption-leading) font-(--picture-caption-font-weight) text-(color:--picture-caption-color)\">Elina Karjalainen laittoi tarinoihinsa \u201dsakuraa\u201d joukkoon. Kuva:\u00a0Pentti V\u00e4nsk\u00e4<\/p>\n<p class=\"article-body mb-(--paragraph-margin-b) px-nof-16\">Kirjailija <a class=\"font-bold underline-offset-[0.12em] [text-decoration:var(--person-link-text-decoration)] [text-decoration-color:var(--person-link-text-decoration-color)]!\" href=\"https:\/\/www.is.fi\/haku\/?query=Elina%20Karjalainen\" rel=\"nofollow noopener\" target=\"_blank\">Elina Karjalainen <\/a>(1927\u20132006) tunnetaan Uppo-Nallen luojana.<\/p>\n<p class=\"article-body mb-(--paragraph-margin-b) px-nof-16\">Tuoreessa el\u00e4m\u00e4kerrassa Elina Karjalainen \u2013 pienell\u00e4 pilvenhattaralla (WSOY) kirjoittaja <a class=\"font-bold underline-offset-[0.12em] [text-decoration:var(--person-link-text-decoration)] [text-decoration-color:var(--person-link-text-decoration-color)]!\" href=\"https:\/\/www.is.fi\/haku\/?query=Silja%20Vuorikuru\" rel=\"nofollow noopener\" target=\"_blank\">Silja Vuorikuru<\/a> k\u00e4sittelee kriittisesti h\u00e4nen el\u00e4m\u00e4\u00e4ns\u00e4. Kirja kysyy, tapahtuivatko monet Elina Karjalaisen kertomat asiat h\u00e4nen el\u00e4m\u00e4ss\u00e4\u00e4n koskaan.<\/p>\n<p class=\"article-body mb-(--paragraph-margin-b) px-nof-16\">Rakastettu lastenkirjailija paisutteli ja v\u00e4ritti omia el\u00e4m\u00e4nvaiheitaan. Suvussa oli tapana sanoa, ett\u00e4 Karjalainen laittoi \u201dsakuraa joukkoon\u201d.<\/p>\n<p class=\"article-body mb-(--paragraph-margin-b) px-nof-16\">Kirjan mukaan Elina Karjalainen oli kertonut vuonna 1999 p\u00e4\u00e4tt\u00e4neens\u00e4 monta kertaa, ettei en\u00e4\u00e4 kerro juttuja, jotka itse uskoi todeksi, mutta joita muut pitiv\u00e4t valheina.<\/p>\n<p class=\"article-body mb-(--paragraph-margin-b) px-nof-16\">\u201dOlen iloinnut my\u00f6hemmin siit\u00e4, ett\u00e4 olen l\u00f6yt\u00e4nyt ammatin, jossa saa mielin m\u00e4\u00e4rin esitt\u00e4\u00e4 omia sepitelmi\u00e4\u00e4n, eik\u00e4 kukaan tule valheesta syytt\u00e4m\u00e4\u00e4n. Etuoikeus ja onni valheen tien kulkijalle\u201d, Elina Karjalainen kertoi tuolloin.<\/p>\n<p class=\"article-body mb-(--paragraph-margin-b) px-nof-16\">Kirja sanoo suoraan, ett\u00e4 Elina Karjalainen ei \u201dvartuttuaan parantunut tarinoinnin taudista\u201d.<\/p>\n<p class=\"article-body mb-(--paragraph-margin-b) px-nof-16\">Kirja selitt\u00e4\u00e4 sepitt\u00e4misen tarpeen psykologisena ja sosiaalisena, ei sairautena.<\/p>\n<p class=\"article-body mb-(--paragraph-margin-b) px-nof-16\">Ep\u00e4ilij\u00f6ille Elina Karjalainen vastasi: \u201dN\u00e4in min\u00e4 sen muistan.\u201d<\/p>\n<p class=\"article-body mb-(--paragraph-margin-b) px-nof-16\">Tulevan kirjailijan \u00e4iti kuoli, kun Elina-tyt\u00e4r oli 12-vuotias. Kirjan mukaan Elina Karjalainen joutui rakentamaan mielikuvaa \u00e4idist\u00e4 harvalukuisista tapaamisista, valokuvista ja muiden kertomista tarinoista.<\/p>\n<p class=\"article-body mb-(--paragraph-margin-b) px-nof-16\">\u201dMit\u00e4 ei voinut kokea tai muistaa, se t\u00e4ytyi keksi\u00e4 ja kuvitella. Oli sepitett\u00e4v\u00e4 tarina \u00e4idist\u00e4\u201d, Silja Vuorikuru kirjoittaa kirjassa.<\/p>\n<p><img decoding=\"async\" src=\"https:\/\/www.europesays.com\/fi\/wp-content\/uploads\/2026\/09\/1788322929_292_468.jpg\" alt=\"Ensimm\u00e4inen Elina Karjalaisen Uppo-Nalle-lastenkirja ilmestyi 1977. Siit\u00e4 otettiin 21. painos 2002.\" class=\"_Img_1rerz_1\" style=\"aspect-ratio:1920\/1277\" loading=\"eager\"\/><\/p>\n<p class=\"font-(family-name:--picture-caption-font-family) text-(length:--picture-caption-font-size) leading-(--picture-caption-leading) font-(--picture-caption-font-weight) text-(color:--picture-caption-color) picture-with-caption__caption picture-with-caption__caption--default-full\">Ensimm\u00e4inen Elina Karjalaisen Uppo-Nalle-lastenkirja ilmestyi 1977. Siit\u00e4 otettiin 21. painos 2002. Kuva:\u00a0Pentti V\u00e4nsk\u00e4<\/p>\n<p><img decoding=\"async\" src=\"https:\/\/www.europesays.com\/fi\/wp-content\/uploads\/2026\/09\/1788322929_432_468.jpg\" alt=\"Elina Karjalainen kutsuttiin usein puhumaan lapsille.\" class=\"_Img_1rerz_1\" style=\"aspect-ratio:1920\/1418\" loading=\"eager\"\/><\/p>\n<p class=\"font-(family-name:--picture-caption-font-family) text-(length:--picture-caption-font-size) leading-(--picture-caption-leading) font-(--picture-caption-font-weight) text-(color:--picture-caption-color) picture-with-caption__caption picture-with-caption__caption--default-full\">Elina Karjalainen kutsuttiin usein puhumaan lapsille. Kuva:\u00a0WSOY \/ Elina Karjalainen \u2013 Pienell\u00e4 pilvenhattaralla<\/p>\n<p class=\"article-body mb-(--paragraph-margin-b) px-nof-16\">Vanhempia huolestutti jo varhain tytt\u00e4ren taruilu. Mit\u00e4 sellaisesta lapsesta tulisi, joka ei pysyisi totuudessa? Kirjan mukaan is\u00e4 n\u00e4ki tytt\u00e4ress\u00e4\u00e4n itse\u00e4\u00e4n, tarinankertojaa. Muut aikuiset pitiv\u00e4t Karjalaista valehtelijana.<\/p>\n<p class=\"article-body mb-(--paragraph-margin-b) px-nof-16\">\u201dKoska tietoa oli tarjolla niukalti, mielikuvituksen t\u00e4ytyi alkaa t\u00e4ydent\u00e4\u00e4 kerrottua. Sen Elina osasi pienest\u00e4 pit\u00e4en\u201d, Silja Vuorikuru kirjoittaa kirjassa.<\/p>\n<p class=\"article-body mb-(--paragraph-margin-b) px-nof-16\">Pikkutytt\u00f6n\u00e4 Elina Karjalaista harmitti, kun h\u00e4n ei muistanut omia isovanhempiaan. Kirjan mukaan Karjalainen sepitti itselleen iso\u00e4idin ja isois\u00e4n, jotka nimesi Lispeksi ja Lasseksi. Toisille lapsille h\u00e4n kertoi isovanhemmistaan t\u00e4yten\u00e4 totena.<\/p>\n<p class=\"article-body mb-(--paragraph-margin-b) px-nof-16\">Erityisesti \u201disovanhempia\u201d tarvittiin \u00f6isin karkottamaan pienen tyt\u00f6n pelkoja. P\u00e4ivisin Lispe ja Lasse asuivat kotitalon varastossa.<\/p>\n<p><img decoding=\"async\" src=\"https:\/\/www.europesays.com\/fi\/wp-content\/uploads\/2026\/09\/1788322929_189_468.jpg\" alt=\"Mielikuvitus t\u00e4ydensi kerrottua Elina Karjalaisen puheissa.\" class=\"_Img_1rerz_1\" style=\"aspect-ratio:1358\/1920\" loading=\"eager\"\/><\/p>\n<p class=\"font-(family-name:--picture-caption-font-family) text-(length:--picture-caption-font-size) leading-(--picture-caption-leading) font-(--picture-caption-font-weight) text-(color:--picture-caption-color) picture-with-caption__caption picture-with-caption__caption--default-full\">Mielikuvitus t\u00e4ydensi kerrottua Elina Karjalaisen puheissa. Kuva:\u00a0WSOY \/ Elina Karjalainen \u2013 Pienell\u00e4 pilvenhattaralla<\/p>\n<p class=\"article-body mb-(--paragraph-margin-b) px-nof-16\">12-vuotiaana Karjalainen v\u00e4itti n\u00e4hneens\u00e4 talvisodassa vihollislent\u00e4j\u00e4n kasvot lentokoneesta, joka ampui Karjalaista kohti. Kirja kyseenalaistaa muiston. Kukaan muu ei ole n\u00e4hnyt tapahtunutta.<\/p>\n<p class=\"article-body mb-(--paragraph-margin-b) px-nof-16\">\u201dHarva kertomuksen kuullut siihen uskoi. Moni pudisti p\u00e4\u00e4t\u00e4\u00e4n, tuhahti tai naurahti \u2013 ellei kertojan kasvojen edess\u00e4, sitten sel\u00e4n takana. Elinan juttuja taas! Sakuraa joukkoon!\u201d, Silja Vuorikuru kirjoittaa kirjassa.<\/p>\n<p class=\"article-body mb-(--paragraph-margin-b) px-nof-16\">My\u00f6sk\u00e4\u00e4n kertomus siit\u00e4, kuinka is\u00e4 unohti pienen Karjalaisen yksin ravintolaan aamuy\u00f6ksi, ei voi kirjan mukaan pit\u00e4\u00e4 paikkaansa. Karjalainen on muistellut tapahtunutta ristiriitaisilla tavoilla.<\/p>\n<p class=\"article-body mb-(--paragraph-margin-b) px-nof-16\">V\u00e4rikk\u00e4it\u00e4 sattumuksia riitt\u00e4\u00e4 kirjassa vaikka kuinka, ja osa niist\u00e4 on osoittautunut paikkansapit\u00e4m\u00e4tt\u00f6miksi. Lapsena Karjalainen esimerkiksi kertoi vanhemmilleen, kuinka koulun johtava opettaja oli kosinut h\u00e4nen opettajaansa. Perhe l\u00e4hetti onnittelukukat, ja sitten paljastui, ett\u00e4 kosinta oli tapahtunut vain Elinan p\u00e4\u00e4ss\u00e4.<\/p>\n<p class=\"article-body mb-(--paragraph-margin-b) px-nof-16\">Nuorena Elina Karjalainen kertoi yst\u00e4villeen kirjeromanssistaan luutnantin kanssa. Sekin oli mielikuvitusta.<\/p>\n<p class=\"article-body mb-(--paragraph-margin-b) px-nof-16\">My\u00f6hemminkin aikuisena Karjalainen kirjan mukaan paisutteli usein tositapahtumia ja yhdisteli muiden ihmisten muistoja omiinsa.<\/p>\n<p class=\"article-body mb-(--paragraph-margin-b) px-nof-16\">Karjalaisen Uppo-Nalle-kirjoja on ilmestynyt 22. H\u00e4net on palkittu muun muassa Valtion tiedonjulkistamispalkinnolla ja Pro Finlandia -mitalilla.<\/p>\n<p class=\"nof-ui-body-medium break-words mb-(--paragraph-margin-b) px-nof-16\">Kursivoidut kohdat ovat Silja Vuorikurun kirjasta Elina Karjalainen \u2013 pienell\u00e4 pilvenhattaralla (WSOY).<\/p>\n","protected":false},"excerpt":{"rendered":"Mit\u00e4 sellaisesta lapsesta tulisi, joka ei pysyisi totuudessa? Elina Karjalaisen vanhemmat ihmetteliv\u00e4t tytt\u00e4rens\u00e4 mielikuvitusmaailmaa. Tytt\u00e4rest\u00e4 tuli menestyskirjailija. Elina&hellip;\n","protected":false},"author":2,"featured_media":339298,"comment_status":"","ping_status":"","sticky":false,"template":"","format":"standard","meta":{"footnotes":"","_share_on_mastodon":"0"},"categories":[5],"tags":[22,23,26,27,33,31,30,17,34,24,25,28,29,15,18,21,32,19,20,16],"class_list":["post-339297","post","type-post","status-publish","format-standard","has-post-thumbnail","category-otsikot","tag-breaking-news","tag-breakingnews","tag-featured-news","tag-featurednews","tag-fi","tag-finland","tag-finnish","tag-headlines","tag-ilta-sanomat","tag-latest-news","tag-latestnews","tag-main-news","tag-mainnews","tag-news","tag-otsikot","tag-paauutiset","tag-suomi","tag-top-stories","tag-topstories","tag-uutiset"],"share_on_mastodon":{"url":"https:\/\/pubeurope.com\/@fi\/117199539291410666","error":""},"_links":{"self":[{"href":"https:\/\/www.europesays.com\/fi\/wp-json\/wp\/v2\/posts\/339297","targetHints":{"allow":["GET"]}}],"collection":[{"href":"https:\/\/www.europesays.com\/fi\/wp-json\/wp\/v2\/posts"}],"about":[{"href":"https:\/\/www.europesays.com\/fi\/wp-json\/wp\/v2\/types\/post"}],"author":[{"embeddable":true,"href":"https:\/\/www.europesays.com\/fi\/wp-json\/wp\/v2\/users\/2"}],"replies":[{"embeddable":true,"href":"https:\/\/www.europesays.com\/fi\/wp-json\/wp\/v2\/comments?post=339297"}],"version-history":[{"count":0,"href":"https:\/\/www.europesays.com\/fi\/wp-json\/wp\/v2\/posts\/339297\/revisions"}],"wp:featuredmedia":[{"embeddable":true,"href":"https:\/\/www.europesays.com\/fi\/wp-json\/wp\/v2\/media\/339298"}],"wp:attachment":[{"href":"https:\/\/www.europesays.com\/fi\/wp-json\/wp\/v2\/media?parent=339297"}],"wp:term":[{"taxonomy":"category","embeddable":true,"href":"https:\/\/www.europesays.com\/fi\/wp-json\/wp\/v2\/categories?post=339297"},{"taxonomy":"post_tag","embeddable":true,"href":"https:\/\/www.europesays.com\/fi\/wp-json\/wp\/v2\/tags?post=339297"}],"curies":[{"name":"wp","href":"https:\/\/api.w.org\/{rel}","templated":true}]}}