{"id":339301,"date":"2026-09-02T04:42:10","date_gmt":"2026-09-02T04:42:10","guid":{"rendered":"https:\/\/www.europesays.com\/fi\/339301\/"},"modified":"2026-09-02T04:42:10","modified_gmt":"2026-09-02T04:42:10","slug":"nyt-puhuu-sofia-belorf-totuus-raha-asioista","status":"publish","type":"post","link":"https:\/\/www.europesays.com\/fi\/339301\/","title":{"rendered":"Nyt puhuu Sofia Bel\u00f3rf: Totuus raha-asioista"},"content":{"rendered":"<p>\n            2026Sofia BelorfSeiska\/Joni Soila<br \/>\n            Joni Soila\n        <\/p>\n<p class=\"subtitle \">Dubaissa asuva kaunotar oli aiemmin ulosotossa.<\/p>\n<p class=\"article-content article-content-width !bg-background\"> on kes\u00e4n aikana lipsahtanut laskuja ulosottoon.<\/p>\n<p class=\"font-weight-bold m-font-weight-bold article-content article-content-width !bg-background\">Arkistovideo: Nyt puhuu Sofian miljon\u00e4\u00e4rirakas:<\/p>\n<p class=\"article-content article-content-width !bg-background\">Seiska kertoi hein\u00e4kuussa Sofian joutuneen ulosottoon. 133 euron laskua perittiin ulosoton kautta. R\u00e4stiss\u00e4 ollut maksu koski muita julkisoikeudellisia saatavia, ja sit\u00e4 peri Helsingin kaupunki. Merkint\u00e4 oli tullut vireille kes\u00e4kuun 2. p\u00e4iv\u00e4n\u00e4.<\/p>\n<p class=\"article-content article-content-width !bg-background\">My\u00f6hemmin\u00a0Sofian toinenkin lasku p\u00e4\u00e4tyi ulosottoon, kun\u00a0YEL-vakuutusmaksuja j\u00e4i maksamatta 663 euron edest\u00e4.\u00a0<\/p>\n<p>        <a itemprop=\"url\" href=\"https:\/\/www.seiska.fi\/kotimaa\/sofia-belorf-karu-kaanne-raha-asioissa\/2238795\" rel=\"nofollow noopener\" target=\"_blank\"><\/p>\n<p>\nSofia Bel\u00f3rfin raha-asiat\n<\/p>\n<p class=\"section-date\">\n        <strong class=\"article-section\" data-section=\"kotimaa\"><br \/>\n            kotimaa<br \/>\n        <\/strong><br \/>\n        1.9. 06:00\n    <\/p>\n<p>Sofia Bel\u00f3rf: Karu k\u00e4\u00e4nne raha-asioissa\n    <\/p>\n<p itemprop=\"description\" class=\"subtitle \">\n    Tv:ss\u00e4 luksusel\u00e4m\u00e4\u00e4ns\u00e4 hehkuttava kaunotar on j\u00e4tt\u00e4nyt uuden laskun maksamatta.\n<\/p>\n<p>        <\/a><\/p>\n<p>Nyt puhuu Sofia<\/p>\n<p class=\"article-content article-content-width !bg-background\">Ulosottolaitokselta tiistaina 1.9. saadun asiakirjan mukaan Sofia on nyt maksanut kaikki ulosottoon menneet laskunsa, eik\u00e4 h\u00e4nell\u00e4 ole en\u00e4\u00e4 vireill\u00e4 olevia merkint\u00f6j\u00e4.<\/p>\n<p class=\"article-content article-content-width !bg-background\">Seiska tavoitti Sofian kommentoimaan asiaa. H\u00e4n on asunut\u00a0Dubaissa Arabiemiraateissa jo jonkin aikaa, eik\u00e4 juurikaan oleskele Suomessa. Sofia muutti ulkomaille jo vuosia sitten.<\/p>\n<p class=\"article-content article-content-width !bg-background\">\u2013 Jotkut laskut eiv\u00e4t koskaan tavoita minua, kun osoitteeni on ulkomailla sek\u00e4 puhelinnumeroni vaihtunut.<\/p>\n<p class=\"article-content article-content-width !bg-background\">\u2013 En ole en\u00e4\u00e4 pitk\u00e4\u00e4n aikaan ollut verovelvollinen Suomeen, niin Omavero on j\u00e4\u00e4nyt tsekkaamatta. T\u00e4ss\u00e4 on ollut kyse v\u00e4\u00e4rink\u00e4sityksest\u00e4 ja asia on jo hoidettu,\u00a0Sofia toteaa Seiskalle.<\/p>\n<p>        <a itemprop=\"url\" href=\"https:\/\/www.seiska.fi\/vain-seiskassa\/nyt-puhuu-sofia-belorfin-miljonaarirakas\/2137578\" rel=\"nofollow noopener\" target=\"_blank\"><\/p>\n<p>\nSofia Bel\u00f3rf\n<\/p>\n<p class=\"section-date\">\n        <strong class=\"article-section\" data-section=\"vain seiskassa\"><br \/>\n            vain seiskassa<br \/>\n        <\/strong><br \/>\n        30.4. 06:00\n    <\/p>\n<p>Nyt puhuu Sofia Bel\u00f3rfin miljon\u00e4\u00e4rirakas\n    <\/p>\n<p itemprop=\"description\" class=\"subtitle \">\n    Jeff-rakas avautuu suhteestaan Sofiaan Seiskalle, mutta haluaa pysy\u00e4 poissa parrasvaloista.\n<\/p>\n<p>        <\/a><\/p>\n<p>Luksusarki tv:ss\u00e4<\/p>\n<p class=\"article-content article-content-width !bg-background\">Sofia asuu Arabiemiraattien Dubaissa yhdess\u00e4 yhdysvaltalaisen -rakkaansa kanssa. Rillimiljon\u00e4\u00e4rin\u00e4 tunnettu Jeff ja Sofia ovat viihtyneet yhdess\u00e4 noin kahden vuoden ajan.\u00a0<\/p>\n<p class=\"article-content article-content-width !bg-background\">Finanssialan liiketoimillaan mittavan omaisuuden hankkineella Jeffill\u00e4 on huoneisto Yhdysvaltojen New Yorkissa sek\u00e4 merenrantatalo Miamissa.<\/p>\n<p>        <a itemprop=\"url\" href=\"https:\/\/www.seiska.fi\/kotimaa\/sofia-belorfin-tilanne-puhuttaa-minne-katosi-jeff-rakas\/2239861\" rel=\"nofollow noopener\" target=\"_blank\"><\/p>\n<p>\nSofia Bel\u00f3rfin tilanne puhuttaa\n<\/p>\n<p class=\"section-date\">\n        <strong class=\"article-section\" data-section=\"kotimaa\"><br \/>\n            kotimaa<br \/>\n        <\/strong><br \/>\n        24.8. 05:00\n    <\/p>\n<p>Sofia Bel\u00f3rfin tilanne puhuttaa \u2013 minne katosi Jeff-rakas?\n    <\/p>\n<p itemprop=\"description\" class=\"subtitle \">\n    Jeff n\u00e4htiin kev\u00e4\u00e4ll\u00e4 Sofian tv-sarjassa.\n<\/p>\n<p>        <\/a><\/p>\n<p class=\"no_italic m-no_italic article-content article-content-width !bg-background\">Sofia on esitellyt luksusarkeaan omassa tv-ohjelmassaan Sofia Bling Bling Dubai.<\/p>\n<p class=\"no_italic m-no_italic article-content article-content-width !bg-background\">Seiskan lukijat muistavat, ett\u00e4 Sofia nousi aikoinaan julkisuuteen voitettuaan Miss Helsinki -kilpailun vuonna 2010.<\/p>\n<p class=\"article-content article-content-width !bg-background\">H\u00e4n voitti bikini fitnessin Suomen mestaruuden vuonna 2015. Pian t\u00e4m\u00e4n j\u00e4lkeen h\u00e4net kruunattiin my\u00f6s lajin maailmanmestariksi sek\u00e4 Suomessa vuoden fitness-urheilijaksi.<\/p>\n<p class=\"article-content article-content-width !bg-background\">Sofian suhdekiemurat ovat kiinnostaneet Seiskan lukijoita vuosien varrella.<\/p>\n<p>        <a itemprop=\"url\" href=\"https:\/\/www.seiska.fi\/kotimaa\/sofia-belorfilta-tiukka-vastaus-erokysymykseen-en-ole-tyhma\/2151063\" rel=\"nofollow noopener\" target=\"_blank\"><\/p>\n<p>\nSofia Belorf\n<\/p>\n<p class=\"section-date\">\n        <strong class=\"article-section\" data-section=\"kotimaa\"><br \/>\n            kotimaa<br \/>\n        <\/strong><br \/>\n        13.5. 14:00\n    <\/p>\n<p>Sofia Belorfilta tiukka vastaus erokysymykseen: &#8221;En ole tyhm\u00e4&#8221;\n    <\/p>\n<p itemprop=\"description\" class=\"subtitle \">\n    Sofia kertoo my\u00f6s avoimesti lapsihaaveistaan.\n<\/p>\n<p>        <\/a><\/p>\n<p class=\"italic m-italic article-content article-content-width !bg-background\">Sofia Bling Bling Dubai -sarjan on tuottanut Aller Studios, joka on samaa Aller-yhti\u00f6t\u00e4 kuin Seiska.<\/p>\n","protected":false},"excerpt":{"rendered":"2026Sofia BelorfSeiska\/Joni Soila Joni Soila Dubaissa asuva kaunotar oli aiemmin ulosotossa. on kes\u00e4n aikana lipsahtanut laskuja ulosottoon. Arkistovideo:&hellip;\n","protected":false},"author":2,"featured_media":339302,"comment_status":"","ping_status":"","sticky":false,"template":"","format":"standard","meta":{"footnotes":"","_share_on_mastodon":"0"},"categories":[158],"tags":[12274,6828,33,31,30,33560,11114,1240,2758,159,32,9823,9822,160],"class_list":["post-339301","post","type-post","status-publish","format-standard","has-post-thumbnail","category-urheilu","tag-arabiemiraatit","tag-dubai","tag-fi","tag-finland","tag-finnish","tag-jeff","tag-laskut","tag-raha","tag-sofia-belorf","tag-sports","tag-suomi","tag-ulosotto","tag-ulosottorekisteri","tag-urheilu"],"share_on_mastodon":{"url":"https:\/\/pubeurope.com\/@fi\/117199617711448343","error":""},"_links":{"self":[{"href":"https:\/\/www.europesays.com\/fi\/wp-json\/wp\/v2\/posts\/339301","targetHints":{"allow":["GET"]}}],"collection":[{"href":"https:\/\/www.europesays.com\/fi\/wp-json\/wp\/v2\/posts"}],"about":[{"href":"https:\/\/www.europesays.com\/fi\/wp-json\/wp\/v2\/types\/post"}],"author":[{"embeddable":true,"href":"https:\/\/www.europesays.com\/fi\/wp-json\/wp\/v2\/users\/2"}],"replies":[{"embeddable":true,"href":"https:\/\/www.europesays.com\/fi\/wp-json\/wp\/v2\/comments?post=339301"}],"version-history":[{"count":0,"href":"https:\/\/www.europesays.com\/fi\/wp-json\/wp\/v2\/posts\/339301\/revisions"}],"wp:featuredmedia":[{"embeddable":true,"href":"https:\/\/www.europesays.com\/fi\/wp-json\/wp\/v2\/media\/339302"}],"wp:attachment":[{"href":"https:\/\/www.europesays.com\/fi\/wp-json\/wp\/v2\/media?parent=339301"}],"wp:term":[{"taxonomy":"category","embeddable":true,"href":"https:\/\/www.europesays.com\/fi\/wp-json\/wp\/v2\/categories?post=339301"},{"taxonomy":"post_tag","embeddable":true,"href":"https:\/\/www.europesays.com\/fi\/wp-json\/wp\/v2\/tags?post=339301"}],"curies":[{"name":"wp","href":"https:\/\/api.w.org\/{rel}","templated":true}]}}