{"id":339303,"date":"2026-09-02T04:43:18","date_gmt":"2026-09-02T04:43:18","guid":{"rendered":"https:\/\/www.europesays.com\/fi\/339303\/"},"modified":"2026-09-02T04:43:18","modified_gmt":"2026-09-02T04:43:18","slug":"kirja-rakastetun-lastenkirjailijan-vaiettu-puoli-elina-karjalainen-ajautui-epatoivoiseen-tekoon","status":"publish","type":"post","link":"https:\/\/www.europesays.com\/fi\/339303\/","title":{"rendered":"Kirja: Rakastetun lastenkirjailijan vaiettu puoli \u2013 Elina Karjalainen ajautui ep\u00e4toivoiseen tekoon"},"content":{"rendered":"<p>Uutuuskirja avaa kirjailija Elina Karjalaisesta puolta, josta moni ei tied\u00e4.<\/p>\n<p><img decoding=\"async\" class=\"image image-show image-preview\" src=\"https:\/\/www.europesays.com\/fi\/wp-content\/uploads\/2026\/09\/7d35f083467f91ba5fd0edd43c31010bc832b93aff055a5e71f00fc76fad78ef.jpg\" alt=\"\"\/><img decoding=\"async\" class=\"image image-show\" src=\"https:\/\/www.europesays.com\/fi\/wp-content\/uploads\/2026\/09\/1788324198_683_7d35f083467f91ba5fd0edd43c31010bc832b93aff055a5e71f00fc76fad78ef.jpg\" alt=\"\"\/><\/p>\n<p>Elina Karjalainen oli menestynyt kirjailija, joka kirjoitti l\u00e4mminhenkisi\u00e4 tarinoita Uppo-Nallesta. Karjalaisen yksityisel\u00e4m\u00e4ss\u00e4 oli my\u00f6s synkki\u00e4 hetki\u00e4.  Marja Sepp\u00e4nen-Helin, Lehtikuva<\/p>\n<p class=\"paragraph\">Kirjailija ja toimittaja <a href=\"https:\/\/www.iltalehti.fi\/henkilot\/Elina Karjalainen\" class=\"article-link-person-page\" rel=\"nofollow noopener\" target=\"_blank\">Elina Karjalainen<\/a> (1927\u20132006) muistetaan etenkin Uppo-Nallen \u00e4itin\u00e4, mutta nyt rakastetun lastenkirjailijan el\u00e4m\u00e4\u00e4 raotetaan enemm\u00e4n uudessa <a href=\"https:\/\/www.iltalehti.fi\/henkilot\/Silja Vuorikuru\" class=\"article-link-person-page\" rel=\"nofollow noopener\" target=\"_blank\">Silja Vuorikurun<\/a> kirjoittamassa kirjassa Elina Karjalainen &#8211; Pienell\u00e4 pilvenhattaralla (WSOY).<\/p>\n<p class=\"paragraph\">Karjalainen oli paitsi tuottelias kirjailija my\u00f6s toimittaja. Karjalainen kirjoitti pakinoita my\u00f6s nimimerkill\u00e4 Papurikko.<\/p>\n<p class=\"paragraph\">Omasta alkoholink\u00e4yt\u00f6st\u00e4\u00e4n Karjalainen oli vaitonainen, mutta tutut tiesiv\u00e4t, ett\u00e4 alkoholiongelmat toivat h\u00e4nelle haasteita l\u00e4pi el\u00e4m\u00e4n.<\/p>\n<p class=\"paragraph\">Uutuuskirjassa kerrotaan karuista tapahtumista, kun Karjalainen oli juuri l\u00e4hett\u00e4nyt kaksi k\u00e4sikirjoitusta WSOY:lle ja suuntasi Lontooseen Suomen Kuvalehden l\u00e4hett\u00e4m\u00e4n\u00e4.<\/p>\n<p class=\"paragraph\">Karjalainen oli jo uuvuksissa matkalle l\u00e4htiess\u00e4\u00e4n, eiv\u00e4tk\u00e4 ty\u00f6nt\u00e4yteiset p\u00e4iv\u00e4t helpottaneet tilannetta, kirja kuvaa.<\/p>\n<p class=\"paragraph\">Olimme koko ajan liikkeess\u00e4, koko ajan ihmisten py\u00f6rteess\u00e4, liikaa ruokaa, liian paljon alkoholia, liian kiire, valvomista, v\u00e4symyst\u00e4. Koko olemukseni s\u00e4hk\u00f6tti: \u2019Auttakaa, auttakaa\u2019\u00bb, kirjoitti Elina t\u00e4st\u00e4 matkasta vuosien p\u00e4\u00e4st\u00e4.<\/p>\n<p class=\"paragraph\">Kun h\u00e4n p\u00e4\u00e4si viimein palaamaan Suomeen, h\u00e4n sai kuulla kustantajan hyl\u00e4nneen toisen k\u00e4sikirjoituksista. Viikkojen kuormitus ei p\u00e4\u00e4ssyt purkautumaan viel\u00e4k\u00e4\u00e4n, ja pettymys oli siet\u00e4m\u00e4t\u00f6n. Hetken mielijohteesta Elina nieli hotellihuoneessa unil\u00e4\u00e4kkeet, joita l\u00e4\u00e4k\u00e4ri oli m\u00e4\u00e4r\u00e4nnyt otettavaksi tarpeen vaatiessa. Se oli sekava ajatus, joka oli yhden hetken ajan tuntunut lohdulliselta \u2013 ja jota h\u00e4n katui heti seuraavana hetken\u00e4.<\/p>\n<p class=\"paragraph\">Karjalainen tulkitsi my\u00f6hemmin, ett\u00e4 kyseess\u00e4 oli avunhuuto.<\/p>\n<p class=\"paragraph\">Koska h\u00e4n alkoi heti tapahtuneen j\u00e4lkeen pel\u00e4t\u00e4 kuolevansa, h\u00e4n tiesi kirkkaasti, ettei ollut tuntenut aitoa kuolemanhalua. J\u00e4lkeenp\u00e4in Elina kirjoitti sek\u00e4 sairaalak\u00e4ynnist\u00e4\u00e4n ett\u00e4 my\u00f6s kotiinpaluun tuskasta. Oli vaikeaa katsoa silmiin rakkaita ihmisi\u00e4, jotka olivat k\u00e4rsineet teon vuoksi.<\/p>\n<p class=\"paragraph\">Karjalainen piti n\u00e4it\u00e4 p\u00e4ivi\u00e4 my\u00f6hemmin k\u00e4\u00e4nnekohtana. Ne saivat h\u00e4net pohtimaan, mit\u00e4 h\u00e4n aikoo ja ehtii viel\u00e4 el\u00e4m\u00e4ll\u00e4\u00e4n tehd\u00e4.<\/p>\n<p>Pelko menestyksen hiipumisesta<\/p>\n<p class=\"paragraph\">Kirjan mukaan hyl\u00e4tty k\u00e4sikirjoitus oli ilmeisimmin Sapotillit, jonka Karjalainen kirjoitti my\u00f6hemmin uusiksi. Karjalainen perusteli j\u00e4rkytyst\u00e4\u00e4n my\u00f6hemmin kertomalla, ett\u00e4 hylk\u00e4ysp\u00e4\u00e4t\u00f6s oli h\u00e4nen uransa ensimm\u00e4inen.<\/p>\n<p class=\"paragraph\">T\u00e4m\u00e4 ei ollut aivan totta, koska WSOY oli torjunut Papurikon pakinoista sommitellun valikoiman jo vuonna 1966. 1980-luvun vaihteessa pettymys oli todenn\u00e4k\u00f6isesti kuitenkin monin verroin aiempaa suurempi. Elina oli juhlittu lastenkirjailija, ja Uppo-Nalle paistatteli suursuosiossa. Uuden k\u00e4sikirjoituksen hylk\u00e4\u00e4minen muistutti, ett\u00e4 menestys saattaisi my\u00f6s hiipua nopeasti.<\/p>\n<p class=\"paragraph\">Vaikka Karjalainen halusi kirjoittaa vanhemmillekin lukijoille, h\u00e4nen piti pohtia, oliko yksin Uppo-Nalle se, mit\u00e4 h\u00e4nelt\u00e4 toivottiin.<\/p>\n<p>Elina Karjalainen kirjoitti yli 20 Uppo-Nalle-kirjaa. Kuvittajana Hannu Taina. WSOY<\/p>\n<p class=\"paragraph\">Karjalainen oli kirjoittanut jonkin verran my\u00f6s aikuisille. Esimerkiksi unelma dekkarista syntyi jo 60-luvulla, mutta kirjoitus j\u00e4i p\u00f6yt\u00e4laatikkoon. H\u00e4n julkaisi viimein vuonna 1988 klassisen musiikin maailmaan sijoittuvan rikosromaanin Murha C-mollissa. Kirja sai ristiriitaisen vastaanoton, mutta Uppo-Nallen kultavuosina julkaistu kirja myi \u2013 olihan Karjalainen iso nimi.<\/p>\n<p class=\"paragraph\">Kirjailija itse alkoi katua kirjansa julkaisua. Se tuntui h\u00e4nest\u00e4 ep\u00e4onnistuneelta.<\/p>\n<p class=\"paragraph\">Kursivoidut kohdat ovat suoria lainauksia Silja Vuorikurun kirjoittamasta Elina Karjalainen \u2013 Pienell\u00e4 pilvenhattaralla -kirjasta (WSOY), joka on julkaistu 2. syyskuuta.<\/p>\n","protected":false},"excerpt":{"rendered":"Uutuuskirja avaa kirjailija Elina Karjalaisesta puolta, josta moni ei tied\u00e4. Elina Karjalainen oli menestynyt kirjailija, joka kirjoitti l\u00e4mminhenkisi\u00e4&hellip;\n","protected":false},"author":2,"featured_media":339304,"comment_status":"","ping_status":"","sticky":false,"template":"","format":"standard","meta":{"footnotes":"","_share_on_mastodon":"0"},"categories":[130],"tags":[35,623,137,33,31,30,381,2434,379,1928,378,32,109],"class_list":["post-339303","post","type-post","status-publish","format-standard","has-post-thumbnail","category-viihde","tag-24h","tag-elokuva","tag-entertainment","tag-fi","tag-finland","tag-finnish","tag-kaunokirjallisuus","tag-kirjailijat-ml-kolumnistit","tag-kirjallisuus","tag-kirjallisuus-ja-audiovisuaalinen-media","tag-kirjat","tag-suomi","tag-viihde"],"share_on_mastodon":{"url":"https:\/\/pubeurope.com\/@fi\/117199622309275985","error":""},"_links":{"self":[{"href":"https:\/\/www.europesays.com\/fi\/wp-json\/wp\/v2\/posts\/339303","targetHints":{"allow":["GET"]}}],"collection":[{"href":"https:\/\/www.europesays.com\/fi\/wp-json\/wp\/v2\/posts"}],"about":[{"href":"https:\/\/www.europesays.com\/fi\/wp-json\/wp\/v2\/types\/post"}],"author":[{"embeddable":true,"href":"https:\/\/www.europesays.com\/fi\/wp-json\/wp\/v2\/users\/2"}],"replies":[{"embeddable":true,"href":"https:\/\/www.europesays.com\/fi\/wp-json\/wp\/v2\/comments?post=339303"}],"version-history":[{"count":0,"href":"https:\/\/www.europesays.com\/fi\/wp-json\/wp\/v2\/posts\/339303\/revisions"}],"wp:featuredmedia":[{"embeddable":true,"href":"https:\/\/www.europesays.com\/fi\/wp-json\/wp\/v2\/media\/339304"}],"wp:attachment":[{"href":"https:\/\/www.europesays.com\/fi\/wp-json\/wp\/v2\/media?parent=339303"}],"wp:term":[{"taxonomy":"category","embeddable":true,"href":"https:\/\/www.europesays.com\/fi\/wp-json\/wp\/v2\/categories?post=339303"},{"taxonomy":"post_tag","embeddable":true,"href":"https:\/\/www.europesays.com\/fi\/wp-json\/wp\/v2\/tags?post=339303"}],"curies":[{"name":"wp","href":"https:\/\/api.w.org\/{rel}","templated":true}]}}