{"id":339307,"date":"2026-09-02T04:46:12","date_gmt":"2026-09-02T04:46:12","guid":{"rendered":"https:\/\/www.europesays.com\/fi\/339307\/"},"modified":"2026-09-02T04:46:12","modified_gmt":"2026-09-02T04:46:12","slug":"paatoimittajalta-laku-jaa-maku-meni-suur-jyvaskylan-lehti","status":"publish","type":"post","link":"https:\/\/www.europesays.com\/fi\/339307\/","title":{"rendered":"P\u00e4\u00e4toimittajalta | Laku j\u00e4\u00e4, maku meni &#8211; Suur-Jyv\u00e4skyl\u00e4n Lehti"},"content":{"rendered":"<ol>\n<li><a href=\"https:\/\/news.google.com\/rss\/articles\/CBMiXkFVX3lxTFBaTTN4UHBYd2N3WC1VUjlXb3lhSHM5NFp5RklfOEU1NDNUQmxxeFRKdDk5VVo2UUQ3N2Z1X1RmY2R5TkV2Ry1hQnFGZTNWeVFtN1lmUGdoX3hfSUktUkE?oc=5\" target=\"_blank\" rel=\"nofollow noopener\">P\u00e4\u00e4toimittajalta | Laku j\u00e4\u00e4, maku meni<\/a>&nbsp;&nbsp;Suur-Jyv\u00e4skyl\u00e4n Lehti<\/li>\n<li><a href=\"https:\/\/news.google.com\/rss\/articles\/CBMiQkFVX3lxTE5MUnBrZnl4eEZRUHpKNDVPN200a0pRR1V1ZFBjOXdqUWR5OXRRTVE3VHJOWFduMktDVTNqMlV2ekdnQQ?oc=5\" target=\"_blank\" rel=\"nofollow noopener\">Uutta tietoa Pandan makeisvalmistuksesta: suklaarusinoiden tuotantoa siirret\u00e4\u00e4n Virosta Vaajakoskelle<\/a>&nbsp;&nbsp;Yle<\/li>\n<li><a href=\"https:\/\/news.google.com\/rss\/articles\/CBMifkFVX3lxTE5uLUxlcFlzZ2k3MmpjelRKbUYzRmJiX3kwOWJ0NTIxZ1ZVS0NBZjVyampLaWIxVFUyTFk4LVNvZUtKd3IzMGI0YzZLWVR5RVE3Y3VwcTdYUm1hLUFUUTVySXJRaGpacTN1bTBDRWpadHc0LU5tRjVrekp6cEJ6dw?oc=5\" target=\"_blank\" rel=\"nofollow noopener\">Pandan suklaatehdas l\u00e4htee Suomesta, vaikka makeisbisnes kukoistaa \u2013 Analyytikko kertoo alan voittajat<\/a>&nbsp;&nbsp;Talousel\u00e4m\u00e4<\/li>\n<li><a href=\"https:\/\/news.google.com\/rss\/articles\/CBMiUEFVX3lxTFBnak53UFRPWWpaTmVIbTRaOGE5dk42dVd3U2ZHYTdPZXpKMkR3NmxTYWxMVlc0SDRLUXVPUERUcjFCUWNkSDFUOWFJZWp3UkpS?oc=5\" target=\"_blank\" rel=\"nofollow noopener\">Pandan ex-johtaja h\u00e4mm\u00e4stelee suklaantuotannon siirt\u00e4mist\u00e4 Viroon \u2013 &#8221;Olisiko pit\u00e4nyt investoida?&#8221;<\/a>&nbsp;&nbsp;Keskisuomalainen<\/li>\n<li><a href=\"https:\/\/news.google.com\/rss\/articles\/CBMiZEFVX3lxTE9JeHRqWmw4R3ZqSzNaSnNyWmh1UXhjMEJrdlBUTzVCb2Q3dHpvbUNhRTZSd3dFNHlwemdRV1d2WWdaR0tRR1hkbmMtdWdXcTNpcnZqeUlPV3FjX2tDNXNfcmZVdFU?oc=5\" target=\"_blank\" rel=\"nofollow noopener\">Pandan tehtaalla on edess\u00e4 vuosien ep\u00e4varmuus<\/a>&nbsp;&nbsp;Ilta-Sanomat<\/li>\n<\/ol>\n","protected":false},"excerpt":{"rendered":"P\u00e4\u00e4toimittajalta | Laku j\u00e4\u00e4, maku meni&nbsp;&nbsp;Suur-Jyv\u00e4skyl\u00e4n Lehti Uutta tietoa Pandan makeisvalmistuksesta: suklaarusinoiden tuotantoa siirret\u00e4\u00e4n Virosta Vaajakoskelle&nbsp;&nbsp;Yle Pandan suklaatehdas&hellip;\n","protected":false},"author":2,"featured_media":339308,"comment_status":"","ping_status":"","sticky":false,"template":"","format":"standard","meta":{"footnotes":"","_share_on_mastodon":"0"},"categories":[76],"tags":[79,77,33,31,30,425,778,900,32,78,4029],"class_list":["post-339307","post","type-post","status-publish","format-standard","has-post-thumbnail","category-talous","tag-business","tag-economy","tag-fi","tag-finland","tag-finnish","tag-jyvaskyla","tag-kolumnit","tag-ruoka","tag-suomi","tag-talous","tag-viro"],"share_on_mastodon":{"url":"https:\/\/pubeurope.com\/@fi\/117199633591692422","error":""},"_links":{"self":[{"href":"https:\/\/www.europesays.com\/fi\/wp-json\/wp\/v2\/posts\/339307","targetHints":{"allow":["GET"]}}],"collection":[{"href":"https:\/\/www.europesays.com\/fi\/wp-json\/wp\/v2\/posts"}],"about":[{"href":"https:\/\/www.europesays.com\/fi\/wp-json\/wp\/v2\/types\/post"}],"author":[{"embeddable":true,"href":"https:\/\/www.europesays.com\/fi\/wp-json\/wp\/v2\/users\/2"}],"replies":[{"embeddable":true,"href":"https:\/\/www.europesays.com\/fi\/wp-json\/wp\/v2\/comments?post=339307"}],"version-history":[{"count":0,"href":"https:\/\/www.europesays.com\/fi\/wp-json\/wp\/v2\/posts\/339307\/revisions"}],"wp:featuredmedia":[{"embeddable":true,"href":"https:\/\/www.europesays.com\/fi\/wp-json\/wp\/v2\/media\/339308"}],"wp:attachment":[{"href":"https:\/\/www.europesays.com\/fi\/wp-json\/wp\/v2\/media?parent=339307"}],"wp:term":[{"taxonomy":"category","embeddable":true,"href":"https:\/\/www.europesays.com\/fi\/wp-json\/wp\/v2\/categories?post=339307"},{"taxonomy":"post_tag","embeddable":true,"href":"https:\/\/www.europesays.com\/fi\/wp-json\/wp\/v2\/tags?post=339307"}],"curies":[{"name":"wp","href":"https:\/\/api.w.org\/{rel}","templated":true}]}}