{"id":339313,"date":"2026-09-02T04:49:14","date_gmt":"2026-09-02T04:49:14","guid":{"rendered":"https:\/\/www.europesays.com\/fi\/339313\/"},"modified":"2026-09-02T04:49:14","modified_gmt":"2026-09-02T04:49:14","slug":"ulle-madise-on-viron-presidentinvaalin-ainoa-ehdokas-nain-han-suhtautuu-suomeen-trumpiin-ja-venajaan-ulkomaat","status":"publish","type":"post","link":"https:\/\/www.europesays.com\/fi\/339313\/","title":{"rendered":"\u00dclle Madise on Viron presidentin\u00advaalin ainoa ehdokas \u2013 n\u00e4in h\u00e4n suhtautuu Suomeen, Trumpiin ja Ven\u00e4j\u00e4\u00e4n | Ulkomaat"},"content":{"rendered":"<ul class=\"aw__sc-1yb43iq-0 gFXHv yle__article__list yle__article__list--ul\">\n<li class=\"aw__sc-1yb43iq-1 gVAzbt\">Viron seuraava presidentti on todenn\u00e4k\u00f6isesti oikeuskansleri \u00dclle Madise. H\u00e4n on keskiviikkona pidett\u00e4v\u00e4n vaalin ainoa ehdokas.<\/li>\n<li class=\"aw__sc-1yb43iq-1 gVAzbt\">Madise on valtios\u00e4\u00e4nt\u00f6oikeuden professori. Virolaiset tuntevat h\u00e4net vallank\u00e4ytt\u00e4jien valvojana.<\/li>\n<li class=\"aw__sc-1yb43iq-1 gVAzbt\">Madise sanoo, ett\u00e4 presidentill\u00e4 ei voi olla omaa ulkopolitiikkaa. T\u00e4m\u00e4 eroaa presidentti Stubbin tavasta.<\/li>\n<li class=\"aw__sc-1yb43iq-1 gVAzbt\">Ukrainaa ei saa painostaa luopumaan alueistaan.<\/li>\n<\/ul>\n<p class=\"aw__sc-1qwuw0s-0 aw__sc-ngllmo-0 epAWpq fzYpjk yle__article__paragraph\"><strong class=\"aw__sc-ngllmo-2 gdRrun yle__article__strong\">TALLINNA<\/strong> Viron seuraava presidentti on hyvin todenn\u00e4k\u00f6isesti oikeuskansleri <strong class=\"aw__sc-ngllmo-2 gdRrun yle__article__strong\">\u00dclle Madise<\/strong>.<\/p>\n<p class=\"aw__sc-1qwuw0s-0 aw__sc-ngllmo-0 epAWpq fzYpjk yle__article__paragraph\">Madise on t\u00e4n\u00e4\u00e4n keskiviikkona pidett\u00e4v\u00e4n presidentinvaalin ensimm\u00e4isen kierroksen ainoa ehdokas.<\/p>\n<p class=\"aw__sc-1qwuw0s-0 aw__sc-ngllmo-0 epAWpq fzYpjk yle__article__paragraph\">Virossa presidentti on virallisesti valtionp\u00e4\u00e4mies, mutta h\u00e4nen roolinsa on pitk\u00e4lti edustuksellinen. Poliittinen valta kuuluu hallitukselle ja parlamentille.<\/p>\n<p class=\"aw__sc-1qwuw0s-0 aw__sc-ngllmo-0 epAWpq fzYpjk yle__article__paragraph\">Presidentti edustaa Viroa ulkomailla, on maanpuolustuksen ylin johtaja ja vahvistaa lait. K\u00e4yt\u00e4nn\u00f6ss\u00e4 h\u00e4nen vaikutusvaltansa perustuu paljolti julkiseen asemaan ja mielipidejohtajuuteen.<\/p>\n<p class=\"aw__sc-1qwuw0s-0 aw__sc-ngllmo-0 epAWpq fzYpjk yle__article__paragraph\">\u00dclle Madisen virolaiset tuntevat ennen kaikkea vallank\u00e4ytt\u00e4jien valvojana. Valtios\u00e4\u00e4nt\u00f6oikeuden professorina h\u00e4n kuuluu Viron tunnetuimpiin perustuslain tulkitsijoihin.<\/p>\n<p class=\"aw__sc-1qwuw0s-0 aw__sc-ngllmo-0 epAWpq fzYpjk yle__article__paragraph\"><strong class=\"aw__sc-ngllmo-2 gdRrun yle__article__strong\">Toisin kuin Suomessa, Virossa presidentin valitsee parlamentti. Videolla Ylen Viron-toimittaja Rain Kooli selitt\u00e4\u00e4, miten valinta etenee:<\/strong><\/p>\n<p>\u00dclle Madisen asetti ehdolle 75 kansanedustajaa. Valintaan tarvitaan 68 \u00e4\u00e4nt\u00e4 101:st\u00e4.\u201dRaskas ja kurinalainen\u201d teht\u00e4v\u00e4<\/p>\n<p class=\"aw__sc-1qwuw0s-0 aw__sc-ngllmo-0 epAWpq fzYpjk yle__article__paragraph\">\u00dclle Madisen <a class=\"aw__sc-ngllmo-1 bTDnwX yle__article__link\" href=\"https:\/\/et.wikipedia.org\/wiki\/%C3%9Clle_Madise\" role=\"link\" rel=\"nofollow noopener\" target=\"_blank\">ura on kulkenut<\/a> Viron valtion ytimess\u00e4: oikeusministeri\u00f6ss\u00e4, parlamentin perustuslakivaliokunnassa, Valtiontalouden tarkastusvirastossa ja presidentin oikeudellisena neuvonantajana.<\/p>\n<p class=\"aw__sc-1qwuw0s-0 aw__sc-ngllmo-0 epAWpq fzYpjk yle__article__paragraph\">Vuodesta 2015 \u00dclle Madise on ollut Viron oikeuskansleri, jonka teht\u00e4v\u00e4n\u00e4 on valvoa lakien perustuslainmukaisuutta ja kansalaisten perusoikeuksia.<\/p>\n<p class=\"aw__sc-1qwuw0s-0 aw__sc-ngllmo-0 epAWpq fzYpjk yle__article__paragraph\">My\u00f6s Madisen perhetausta liittyy Viron valtiolliseen historiaan. Madisen is\u00e4 <strong class=\"aw__sc-ngllmo-2 gdRrun yle__article__strong\">T\u00f5nu Anton<\/strong> oli yksi Viron uuden perustuslain keskeisist\u00e4 laatijoista vuosina 1991\u20131992.<\/p>\n<p class=\"aw__sc-1qwuw0s-0 aw__sc-ngllmo-0 epAWpq fzYpjk yle__article__paragraph\">Madise kuitenkin sanoo, ettei ole rakentanut uraansa presidenttiys mieless\u00e4\u00e4n. Teht\u00e4v\u00e4 ei ole h\u00e4nelle etuoikeus, vaan velvollisuus.<\/p>\n<p class=\"aw__sc-1qwuw0s-0 aw__sc-ngllmo-0 epAWpq fzYpjk yle__article__paragraph\">Viron yleisradion ERR:n Esimene stuudio -ohjelmassa Madise kuvasi presidentin teht\u00e4v\u00e4\u00e4 <a class=\"aw__sc-ngllmo-1 bTDnwX yle__article__link\" href=\"https:\/\/www.err.ee\/1610120065\/madise-ma-ei-ole-kunagi-laevalt-pogenenud-kui-mina-olen-kapten\" role=\"link\" rel=\"nofollow noopener\" target=\"_blank\">raskaaksi ja kurinalaiseksi tavaksi palvella valtiota<\/a>.<\/p>\n<p>Presidentill\u00e4 ei voi olla omaa ulkopolitiikkaa<\/p>\n<p class=\"aw__sc-1qwuw0s-0 aw__sc-ngllmo-0 epAWpq fzYpjk yle__article__paragraph\">Moni Virossa pit\u00e4\u00e4 ulko- ja turvallisuuspolitiikkaa Madisen heikkoina lenkkein\u00e4. Syyn\u00e4 saattaa olla se, ett\u00e4 oikeuskansleri ei ole mediasta tunnettu p\u00e4ivyst\u00e4v\u00e4 kommentaattori.<\/p>\n<p class=\"aw__sc-1qwuw0s-0 aw__sc-ngllmo-0 epAWpq fzYpjk yle__article__paragraph\">Sellaiseksi Madise ei aio ryhty\u00e4 presidenttin\u00e4k\u00e4\u00e4n. Madise kuitenkin muistuttaa ERR:n haastattelussa, ettei h\u00e4nelt\u00e4 puutu tiet\u00e4myst\u00e4.<\/p>\n<p class=\"aw__sc-1qwuw0s-0 aw__sc-ngllmo-0 epAWpq fzYpjk yle__article__paragraph\">Oikeuskanslerina h\u00e4n on ollut mukana hallituksen turvallisuus- ja ulkopoliittisissa keskusteluissa.<\/p>\n<p><img decoding=\"async\" alt=\"Toompean linnan vaaleanpunainen julkisivu Tallinnassa aurinkoisena p\u00e4iv\u00e4n\u00e4, jolloin rakennuksen edustalla liehuvat Viron ja Ukrainan liput.\" src=\"https:\/\/www.europesays.com\/fi\/wp-content\/uploads\/2026\/09\/1788271209.jpeg\" loading=\"lazy\" class=\"aw__sc-dklauk-0 LPzKX\"\/><\/p>\n<p>Avaa kuvien katselu<\/p>\n<p>Viron parlamentti kokoontuu valitsemaan presidentti\u00e4 t\u00e4h\u00e4n Toompean kukkulalla sijaitsevaan linnaan. Kuva: Rain Kooli \/ Yle<\/p>\n<p class=\"aw__sc-1qwuw0s-0 aw__sc-ngllmo-0 epAWpq fzYpjk yle__article__paragraph\">K\u00e4yt\u00e4nn\u00f6n ero presidentti <strong class=\"aw__sc-ngllmo-2 gdRrun yle__article__strong\">Alexander Stubbin<\/strong> tapaan hoitaa presidentin teht\u00e4v\u00e4\u00e4 voi olla huomattava. Stubb on rakentanut n\u00e4kyv\u00e4n henkil\u00f6kohtaisen roolin maailmanpolitiikassa.<\/p>\n<p class=\"aw__sc-1qwuw0s-0 aw__sc-ngllmo-0 epAWpq fzYpjk yle__article__paragraph\">\u2013 [Viron] presidentill\u00e4 ei voi olla omaa ulkopolitiikkaa, Madise sanoo.<\/p>\n<p class=\"aw__sc-1qwuw0s-0 aw__sc-ngllmo-0 epAWpq fzYpjk yle__article__paragraph\">Delfi-uutispalvelun haastattelussa Madise korostaa ty\u00f6njakoa. Presidentin pit\u00e4isi <a class=\"aw__sc-ngllmo-1 bTDnwX yle__article__link\" href=\"https:\/\/lp.delfi.ee\/artikkel\/120605187\/vilja-kusib-ulle-madise-missugune-president-teist-saab\" role=\"link\" rel=\"nofollow noopener\" target=\"_blank\">k\u00e4ytt\u00e4\u00e4 aktiivisesti puolustusneuvostoa<\/a>, jossa parlamentin ja hallituksen johto, Puolustusvoimien komentaja ja presidentin neuvonantajat valmistelevat ratkaisuja yhdess\u00e4.<\/p>\n<p class=\"aw__sc-1qwuw0s-0 aw__sc-ngllmo-0 epAWpq fzYpjk yle__article__paragraph\">Yhteist\u00e4 Stubbin kanssa on Madisen juoksuharrastus. Kun Madiselta kysyttiin Viron televisiossa, pysyyk\u00f6 h\u00e4n Stubbin vauhdissa, vastaus kuului, ett\u00e4 t\u00e4ytyy kokeilla.<\/p>\n<p>Ven\u00e4j\u00e4\u00e4 ei pid\u00e4 arvioida yhden johtajan kautta<\/p>\n<p class=\"aw__sc-1qwuw0s-0 aw__sc-ngllmo-0 epAWpq fzYpjk yle__article__paragraph\">Ukrainan suhteen \u00dclle Madisen linja on selv\u00e4: Ukrainaa ei saa painostaa luopumaan alueistaan tai itsen\u00e4isyydest\u00e4\u00e4n, eik\u00e4 hy\u00f6kk\u00e4\u00e4j\u00e4\u00e4 saa palkita.<\/p>\n<p class=\"aw__sc-1qwuw0s-0 aw__sc-ngllmo-0 epAWpq fzYpjk yle__article__paragraph\">Madise nostaa esiin oikeustieteilij\u00e4 <strong class=\"aw__sc-ngllmo-2 gdRrun yle__article__strong\">Lauri M\u00e4lksoon<\/strong> tutkimuksen Ven\u00e4j\u00e4n imperialistisen ajattelun jatkuvuudesta. Ven\u00e4j\u00e4-suhdetta ei pid\u00e4 rakentaa oletukselle, ett\u00e4 yhden sodan p\u00e4\u00e4ttyminen tai yhden johtajan l\u00e4ht\u00f6 muuttaisi maan pysyv\u00e4sti.<\/p>\n<p class=\"aw__sc-1qwuw0s-0 aw__sc-ngllmo-0 epAWpq fzYpjk yle__article__paragraph\">Jos joku tuleva virolaisministeri vaatisi suhteiden l\u00e4mmitt\u00e4mist\u00e4 Ven\u00e4j\u00e4\u00e4n tai Ukrainan painostamista alueluovutuksiin, Madisella olisi vastaus valmiina.<\/p>\n<p class=\"aw__sc-1qwuw0s-0 aw__sc-ngllmo-0 epAWpq fzYpjk yle__article__paragraph\">\u2013 Varaan itselleni kasan M\u00e4lksoon kirjoja ja yrit\u00e4n selitt\u00e4\u00e4, ettei se k\u00e4y, h\u00e4n sanoo <a class=\"aw__sc-ngllmo-1 bTDnwX yle__article__link\" href=\"https:\/\/lp.delfi.ee\/artikkel\/120605187\/vilja-kusib-ulle-madise-missugune-president-teist-saab\" role=\"link\" rel=\"nofollow noopener\" target=\"_blank\">Delfille<\/a>.<\/p>\n<p class=\"aw__sc-1qwuw0s-0 aw__sc-ngllmo-0 epAWpq fzYpjk yle__article__paragraph\">ERR:n haastattelussa Madise arvioi, ett\u00e4 pienen maan vaikutusvalta syntyy liittolaisista, luotettavuudesta ja kyvyst\u00e4 tehd\u00e4 itsens\u00e4 hy\u00f6dylliseksi.<\/p>\n<p><img decoding=\"async\" alt=\"Silm\u00e4lasip\u00e4inen harmaantunut mies puvussa seisoo Viron presidentinlinnan neuvotteluhuoneessa ja katsoo vakavailmeisen\u00e4 keskustelukumppaniaan.\" src=\"https:\/\/www.europesays.com\/fi\/wp-content\/uploads\/2026\/09\/1777020816.jpeg\" loading=\"lazy\" class=\"aw__sc-dklauk-0 LPzKX\"\/><\/p>\n<p>Avaa kuvien katselu<\/p>\n<p>Viron nykyinen presidentti Alar Karis ilmoitti juhannuksena, ettei pyri toiselle virkakaudelle. Kuva: Rain Kooli \/ Yle<\/p>\n<p class=\"aw__sc-1qwuw0s-0 aw__sc-ngllmo-0 epAWpq fzYpjk yle__article__paragraph\">Yhdysvaltain presidentin <strong class=\"aw__sc-ngllmo-2 gdRrun yle__article__strong\">Donald Trumpin<\/strong> Madise yritt\u00e4isi lyhyess\u00e4 kohtaamisessa saada hyv\u00e4lle tuulelle niin, ett\u00e4 t\u00e4lle j\u00e4isi my\u00f6nteinen muistikuva Virosta. <a class=\"aw__sc-ngllmo-1 bTDnwX yle__article__link\" href=\"https:\/\/www.err.ee\/1610120065\/madise-ma-ei-ole-kunagi-laevalt-pogenenud-kui-mina-olen-kapten\" role=\"link\" rel=\"nofollow noopener\" target=\"_blank\">Ensin hyv\u00e4 mieli, sitten politiikka<\/a> \u2013 ainakin, jos aikaa on vain hissimatkan verran.<\/p>\n<p class=\"aw__sc-1qwuw0s-0 aw__sc-ngllmo-0 epAWpq fzYpjk yle__article__paragraph\">Natossa Viron pit\u00e4\u00e4 Madisen mukaan olla kumppani, joka harkitsee sitoumuksiaan tarkkaan ja my\u00f6s t\u00e4ytt\u00e4\u00e4 ne. Kansalaiset on samalla <a class=\"aw__sc-ngllmo-1 bTDnwX yle__article__link\" href=\"https:\/\/lp.delfi.ee\/artikkel\/120605187\/vilja-kusib-ulle-madise-missugune-president-teist-saab\" role=\"link\" rel=\"nofollow noopener\" target=\"_blank\">vakuutettava turvatakuiden toimivuudesta<\/a>. Pelko ei saa syrj\u00e4ytt\u00e4\u00e4 toivoa, mutta varautumisesta ei pid\u00e4 tinki\u00e4, Madise ajattelee.<\/p>\n<ul class=\"aw__sc-1yb43iq-0 gFXHv yle__article__list yle__article__list--ul\">\n<li class=\"aw__sc-1yb43iq-1 gVAzbt\">Syntynyt 11. joulukuuta 1974 Tartossa, 51-vuotias.<\/li>\n<li class=\"aw__sc-1yb43iq-1 gVAzbt\">Oikeustieteen maisteri ja hallintotieteiden tohtori.<\/li>\n<li class=\"aw__sc-1yb43iq-1 gVAzbt\">Oikeuskansleri vuodesta 2015.<\/li>\n<li class=\"aw__sc-1yb43iq-1 gVAzbt\">Valtios\u00e4\u00e4nt\u00f6oikeuden professori ja entinen presidentin neuvonantaja.<\/li>\n<li class=\"aw__sc-1yb43iq-1 gVAzbt\">Harrastaa juoksemista, lukemista ja puutarhat\u00f6it\u00e4.<\/li>\n<\/ul>\n<p>Huumori kuuluu my\u00f6s presidentinlinnaan<\/p>\n<p class=\"aw__sc-1qwuw0s-0 aw__sc-ngllmo-0 epAWpq fzYpjk yle__article__paragraph\">\u00dclle Madisen ja median suhde on kohtelias, mutta vaativa.<\/p>\n<p class=\"aw__sc-1qwuw0s-0 aw__sc-ngllmo-0 epAWpq fzYpjk yle__article__paragraph\">Delfille h\u00e4n <a class=\"aw__sc-ngllmo-1 bTDnwX yle__article__link\" href=\"https:\/\/lp.delfi.ee\/artikkel\/120605187\/vilja-kusib-ulle-madise-missugune-president-teist-saab\" role=\"link\" rel=\"nofollow noopener\" target=\"_blank\">vakuuttaa kunnioittavansa toimittajien ty\u00f6t\u00e4<\/a>. H\u00e4n kertoo kielt\u00e4ytyneens\u00e4 viestint\u00e4ammattilaisten neuvosta puhumasta vain itse haluamistaan asioista.<\/p>\n<p class=\"aw__sc-1qwuw0s-0 aw__sc-ngllmo-0 epAWpq fzYpjk yle__article__paragraph\">Madisen tapa puhua julkisuudessa on silti eritt\u00e4in harkittu. H\u00e4n artikuloi kirkkaasti, on selv\u00e4sti ajatellut sanottavansa l\u00e4pikotaisin ja reagoi tarkasti my\u00f6s spontaaneihin kysymyksiin.<\/p>\n<p class=\"aw__sc-1qwuw0s-0 aw__sc-ngllmo-0 epAWpq fzYpjk yle__article__paragraph\">Madise kuvaa itse\u00e4\u00e4n kriisinkest\u00e4v\u00e4ksi, mutta ei kovapintaiseksi.<\/p>\n<p class=\"aw__sc-1qwuw0s-0 aw__sc-ngllmo-0 epAWpq fzYpjk yle__article__paragraph\">\u2013 Paksua nahkaa minulla ei ole, enk\u00e4 aio sellaista koskaan kasvattaa, Madise sanoo <a class=\"aw__sc-ngllmo-1 bTDnwX yle__article__link\" href=\"https:\/\/lp.delfi.ee\/artikkel\/120605187\/vilja-kusib-ulle-madise-missugune-president-teist-saab\" role=\"link\" rel=\"nofollow noopener\" target=\"_blank\">Delfille<\/a>.<\/p>\n<p><img decoding=\"async\" alt=\"Silm\u00e4lasip\u00e4inen polkkatukkainen nainen vaaleassa paidassa tummassa jakussa istuu ja hymyilee niukasti.\" src=\"https:\/\/www.europesays.com\/fi\/wp-content\/uploads\/2026\/09\/1788266573.jpeg\" loading=\"lazy\" class=\"aw__sc-dklauk-0 LPzKX\"\/><\/p>\n<p>Avaa kuvien katselu<\/p>\n<p>Jos muiden ihmisten tunteet ja mielipiteet lakkaisivat merkitsem\u00e4st\u00e4, olisi aika j\u00e4tt\u00e4\u00e4 virka, sanoo \u00dclle Madise. Kuva: ERR \/ Iris T\u00e4hema<\/p>\n<p class=\"aw__sc-1qwuw0s-0 aw__sc-ngllmo-0 epAWpq fzYpjk yle__article__paragraph\">ERR:n haastattelussa vakavan juristin imagon takaa l\u00f6ytyi my\u00f6s ihminen, joka puhuu el\u00e4m\u00e4nilosta, kirjoista ja mustasta huumorista.<\/p>\n<p class=\"aw__sc-1qwuw0s-0 aw__sc-ngllmo-0 epAWpq fzYpjk yle__article__paragraph\">Madise kertoo v\u00e4hent\u00e4neens\u00e4 sosiaalisen median k\u00e4yt\u00f6n l\u00e4hes olemattomiin. Sen j\u00e4lkeen kirjoille on j\u00e4\u00e4nyt enemm\u00e4n aikaa, v\u00e4rit n\u00e4ytt\u00e4v\u00e4t kirkkaammilta ja usko ihmisten hyvyyteen on vahvistunut, h\u00e4n sanoo.<\/p>\n<p>N\u00e4in Viron presidentti valitaan<\/p>\n<p class=\"aw__sc-1qwuw0s-0 aw__sc-ngllmo-0 epAWpq fzYpjk yle__article__paragraph\">Virolaiset eiv\u00e4t \u00e4\u00e4nest\u00e4 presidentist\u00e4 suoraan. Valinnan yritt\u00e4\u00e4 tehd\u00e4 101-j\u00e4seninen parlamentti eli riigikogu. Valituksi tulemiseen tarvitaan 68 \u00e4\u00e4nt\u00e4.<\/p>\n<p class=\"aw__sc-1qwuw0s-0 aw__sc-ngllmo-0 epAWpq fzYpjk yle__article__paragraph\"><a class=\"aw__sc-ngllmo-1 bTDnwX yle__article__link\" href=\"https:\/\/www.riigikogu.ee\/fookusteemad\/presidendivalimine\/\" role=\"link\" rel=\"nofollow noopener\" target=\"_blank\">Ensimm\u00e4inen kierros<\/a> pidet\u00e4\u00e4n 2. syyskuuta. \u00dclle Madisen asetti ehdolle 75 kansanedustajaa, mutta salaisessa \u00e4\u00e4nestyksess\u00e4 allekirjoitus ei takaa \u00e4\u00e4nt\u00e4.<\/p>\n<p class=\"aw__sc-1qwuw0s-0 aw__sc-ngllmo-0 epAWpq fzYpjk yle__article__paragraph\">Jos Madise ei saa 68:aa \u00e4\u00e4nt\u00e4, parlamentti voi \u00e4\u00e4nest\u00e4\u00e4 seuraavana p\u00e4iv\u00e4n\u00e4 viel\u00e4 kaksi kertaa. Ellei presidentti\u00e4 l\u00f6ydy, valinta siirtyy 208-j\u00e4seniselle valitsijakokoukselle, johon kuuluvat kansanedustajat ja kuntien edustajat.<\/p>\n<p class=\"aw__sc-1qwuw0s-0 aw__sc-ngllmo-0 epAWpq fzYpjk yle__article__paragraph\">Presidentin kausi kest\u00e4\u00e4 viisi vuotta.<\/p>\n","protected":false},"excerpt":{"rendered":"Viron seuraava presidentti on todenn\u00e4k\u00f6isesti oikeuskansleri \u00dclle Madise. H\u00e4n on keskiviikkona pidett\u00e4v\u00e4n vaalin ainoa ehdokas. Madise on valtios\u00e4\u00e4nt\u00f6oikeuden&hellip;\n","protected":false},"author":2,"featured_media":339314,"comment_status":"","ping_status":"","sticky":false,"template":"","format":"standard","meta":{"footnotes":"","_share_on_mastodon":"0"},"categories":[5],"tags":[22,23,26,27,33,31,30,17,24,25,28,29,15,18,21,13998,32,19,20,56,16,4029,41887],"class_list":["post-339313","post","type-post","status-publish","format-standard","has-post-thumbnail","category-otsikot","tag-breaking-news","tag-breakingnews","tag-featured-news","tag-featurednews","tag-fi","tag-finland","tag-finnish","tag-headlines","tag-latest-news","tag-latestnews","tag-main-news","tag-mainnews","tag-news","tag-otsikot","tag-paauutiset","tag-presidentinvaalit","tag-suomi","tag-top-stories","tag-topstories","tag-ulkomaat","tag-uutiset","tag-viro","tag-viron-presidentti"],"share_on_mastodon":{"url":"https:\/\/pubeurope.com\/@fi\/117199645584153886","error":""},"_links":{"self":[{"href":"https:\/\/www.europesays.com\/fi\/wp-json\/wp\/v2\/posts\/339313","targetHints":{"allow":["GET"]}}],"collection":[{"href":"https:\/\/www.europesays.com\/fi\/wp-json\/wp\/v2\/posts"}],"about":[{"href":"https:\/\/www.europesays.com\/fi\/wp-json\/wp\/v2\/types\/post"}],"author":[{"embeddable":true,"href":"https:\/\/www.europesays.com\/fi\/wp-json\/wp\/v2\/users\/2"}],"replies":[{"embeddable":true,"href":"https:\/\/www.europesays.com\/fi\/wp-json\/wp\/v2\/comments?post=339313"}],"version-history":[{"count":0,"href":"https:\/\/www.europesays.com\/fi\/wp-json\/wp\/v2\/posts\/339313\/revisions"}],"wp:featuredmedia":[{"embeddable":true,"href":"https:\/\/www.europesays.com\/fi\/wp-json\/wp\/v2\/media\/339314"}],"wp:attachment":[{"href":"https:\/\/www.europesays.com\/fi\/wp-json\/wp\/v2\/media?parent=339313"}],"wp:term":[{"taxonomy":"category","embeddable":true,"href":"https:\/\/www.europesays.com\/fi\/wp-json\/wp\/v2\/categories?post=339313"},{"taxonomy":"post_tag","embeddable":true,"href":"https:\/\/www.europesays.com\/fi\/wp-json\/wp\/v2\/tags?post=339313"}],"curies":[{"name":"wp","href":"https:\/\/api.w.org\/{rel}","templated":true}]}}