{"id":339323,"date":"2026-09-02T05:16:13","date_gmt":"2026-09-02T05:16:13","guid":{"rendered":"https:\/\/www.europesays.com\/fi\/339323\/"},"modified":"2026-09-02T05:16:13","modified_gmt":"2026-09-02T05:16:13","slug":"zelenskyi-varoittaa-lentoyhtioita-venajan-ilmatilasta-putin-syyttaa-terrorismista-uutissuomalainen","status":"publish","type":"post","link":"https:\/\/www.europesays.com\/fi\/339323\/","title":{"rendered":"Zelenskyi varoittaa lentoyhti\u00f6it\u00e4 Ven\u00e4j\u00e4n ilmatilasta, Putin syytt\u00e4\u00e4 terrorismista | Uutissuomalainen"},"content":{"rendered":"<p>Ukrainan presidentti Volodymyr Zelenskyi varoittaa lentoyhti\u00f6it\u00e4, vakuutusyhti\u00f6it\u00e4 ja matkustajia siit\u00e4, ett\u00e4 Ven\u00e4j\u00e4n ilmatilasta tulee t\u00e4ysin turvaton Ukrainan droonien ja ohjusten takia.<\/p>\n<p>Zelenskyin mukaan Ukraina ei uhkaa siviili-ilmailua tai siviilikoneita, mutta Ven\u00e4j\u00e4n ilmatilassa tulee olemaan sodan aikana drooneja, mik\u00e4 on otettava huomioon.<\/p>\n<p>\u2013\u2009Me Ukrainassa emme halua, ett\u00e4 viattomien ihmisten henki\u00e4 menetet\u00e4\u00e4n. Siksi varoitamme kumppaneitamme: turvalliset p\u00e4iv\u00e4t Ven\u00e4j\u00e4n taivaalla ovat ohi, Zelenskyi sanoi.<\/p>\n<p>Zelenskyi ilmaisi varoituksensa tiistai-iltaisessa puheessaan sen j\u00e4lkeen, kun Ven\u00e4j\u00e4n ilmaiskut olivat surmanneet toistakymment\u00e4 ihmist\u00e4 Kiovan ymp\u00e4rist\u00f6ss\u00e4.<\/p>\n<p>Ven\u00e4j\u00e4n presidentti Vladimir Putin syytti Zelenskyi\u00e4 valtioterrorismin julistamisesta.<\/p>\n<p>\u2013\u2009He pyyt\u00e4v\u00e4t meit\u00e4 jatkamaan neuvotteluita, mutta terroristien kanssa ei neuvotella, Putin sanoi lehdist\u00f6tilaisuudessa.<\/p>\n<p>Ukrainalaisdroonit h\u00e4iritsev\u00e4t s\u00e4\u00e4nn\u00f6llisesti liikennett\u00e4 Ven\u00e4j\u00e4n lentokentill\u00e4, ja droonien m\u00e4\u00e4r\u00e4 on kasvanut viime kuukausina. Zelenskyin mukaan Ukraina ei kuitenkaan l\u00e4hett\u00e4isi drooneja Ven\u00e4j\u00e4n ilmatilaan, jos Ukrainan liittolaiset pyyt\u00e4isiv\u00e4t sit\u00e4 diplomatian ja neuvottelujen vuoksi.<\/p>\n<p>Ukraina ja Ven\u00e4j\u00e4 ovat molemmin puolin kiihdytt\u00e4neet iskuja toisiaan vastaan viime kuukausina. Yhdysvaltain v\u00e4litt\u00e4m\u00e4t neuvottelut viidett\u00e4 vuotta jatkuvan sodan p\u00e4\u00e4tt\u00e4miseksi ovat olleet pitk\u00e4\u00e4n j\u00e4iss\u00e4, eik\u00e4 uusia neuvotteluja ole n\u00e4k\u00f6piiriss\u00e4.<\/p>\n","protected":false},"excerpt":{"rendered":"Ukrainan presidentti Volodymyr Zelenskyi varoittaa lentoyhti\u00f6it\u00e4, vakuutusyhti\u00f6it\u00e4 ja matkustajia siit\u00e4, ett\u00e4 Ven\u00e4j\u00e4n ilmatilasta tulee t\u00e4ysin turvaton Ukrainan droonien&hellip;\n","protected":false},"author":2,"featured_media":339324,"comment_status":"","ping_status":"","sticky":false,"template":"","format":"standard","meta":{"footnotes":"","_share_on_mastodon":"0"},"categories":[14],"tags":[22,23,26,27,33,31,30,17,3488,24,25,2910,28,29,15,18,21,142,637,144,32,19,20,21377,56,16,2257,59,60,61],"class_list":["post-339323","post","type-post","status-publish","format-standard","has-post-thumbnail","category-ulkomaat","tag-breaking-news","tag-breakingnews","tag-featured-news","tag-featurednews","tag-fi","tag-finland","tag-finnish","tag-headlines","tag-kiova","tag-latest-news","tag-latestnews","tag-lentoliikenne-ilmaliikenne","tag-main-news","tag-mainnews","tag-news","tag-otsikot","tag-paauutiset","tag-poliitikot","tag-politiikka","tag-presidentti","tag-suomi","tag-top-stories","tag-topstories","tag-ukrainan-kriisi","tag-ulkomaat","tag-uutiset","tag-vladimir-putin","tag-world","tag-world-news","tag-worldnews"],"share_on_mastodon":{"url":"https:\/\/pubeurope.com\/@fi\/117199751586383450","error":""},"_links":{"self":[{"href":"https:\/\/www.europesays.com\/fi\/wp-json\/wp\/v2\/posts\/339323","targetHints":{"allow":["GET"]}}],"collection":[{"href":"https:\/\/www.europesays.com\/fi\/wp-json\/wp\/v2\/posts"}],"about":[{"href":"https:\/\/www.europesays.com\/fi\/wp-json\/wp\/v2\/types\/post"}],"author":[{"embeddable":true,"href":"https:\/\/www.europesays.com\/fi\/wp-json\/wp\/v2\/users\/2"}],"replies":[{"embeddable":true,"href":"https:\/\/www.europesays.com\/fi\/wp-json\/wp\/v2\/comments?post=339323"}],"version-history":[{"count":0,"href":"https:\/\/www.europesays.com\/fi\/wp-json\/wp\/v2\/posts\/339323\/revisions"}],"wp:featuredmedia":[{"embeddable":true,"href":"https:\/\/www.europesays.com\/fi\/wp-json\/wp\/v2\/media\/339324"}],"wp:attachment":[{"href":"https:\/\/www.europesays.com\/fi\/wp-json\/wp\/v2\/media?parent=339323"}],"wp:term":[{"taxonomy":"category","embeddable":true,"href":"https:\/\/www.europesays.com\/fi\/wp-json\/wp\/v2\/categories?post=339323"},{"taxonomy":"post_tag","embeddable":true,"href":"https:\/\/www.europesays.com\/fi\/wp-json\/wp\/v2\/tags?post=339323"}],"curies":[{"name":"wp","href":"https:\/\/api.w.org\/{rel}","templated":true}]}}