{"id":339329,"date":"2026-09-02T05:33:22","date_gmt":"2026-09-02T05:33:22","guid":{"rendered":"https:\/\/www.europesays.com\/fi\/339329\/"},"modified":"2026-09-02T05:33:22","modified_gmt":"2026-09-02T05:33:22","slug":"tanssii-tahtien-kanssa-ohjelman-uusi-juontaja-on-veronica-verho-2","status":"publish","type":"post","link":"https:\/\/www.europesays.com\/fi\/339329\/","title":{"rendered":"Tanssii t\u00e4htien kanssa -ohjelman uusi juontaja on Veronica Verho"},"content":{"rendered":"<p class=\"article-body mb-(--paragraph-margin-b) px-nof-16\">Radiojuontaja ja mediapersoona <a class=\"font-bold underline-offset-[0.12em] [text-decoration:var(--person-link-text-decoration)] [text-decoration-color:var(--person-link-text-decoration-color)]!\" href=\"https:\/\/www.hs.fi\/haku\/?query=Veronica%20Verho\" rel=\"nofollow noopener\" target=\"_blank\">Veronica Verho<\/a> on Tanssii t\u00e4htien kanssa -ohjelman uusi juontaja. Uusi juontaja paljastettiin sunnuntaina ohjelman uuden kauden ensimm\u00e4isess\u00e4 l\u00e4hetyksess\u00e4.<\/p>\n<p class=\"article-body mb-(--paragraph-margin-b) px-nof-16\">Ennakkospekulaatioissa monet katsojat arvelivat, ett\u00e4 juontopestin saisi konkarijuontaja <a class=\"font-bold underline-offset-[0.12em] [text-decoration:var(--person-link-text-decoration)] [text-decoration-color:var(--person-link-text-decoration-color)]!\" href=\"https:\/\/www.hs.fi\/haku\/?query=Susanna%20Laine\" rel=\"nofollow noopener\" target=\"_blank\">Susanna Laine<\/a>, mutta valituksi tulikin sosiaalisen median kautta julkisuuteen noussut Verho. H\u00e4n aloitti sosiaalisen median uransa bloggaamisella ja YouTube-sis\u00e4ll\u00f6ill\u00e4, joista h\u00e4n siirtyi radio- ja televisiot\u00f6ihin.<\/p>\n","protected":false},"excerpt":{"rendered":"Radiojuontaja ja mediapersoona Veronica Verho on Tanssii t\u00e4htien kanssa -ohjelman uusi juontaja. Uusi juontaja paljastettiin sunnuntaina ohjelman uuden&hellip;\n","protected":false},"author":2,"featured_media":339330,"comment_status":"","ping_status":"","sticky":false,"template":"","format":"standard","meta":{"footnotes":"","_share_on_mastodon":"0"},"categories":[133],"tags":[137,33,31,30,46,32,206,156,109],"class_list":["post-339329","post","type-post","status-publish","format-standard","has-post-thumbnail","category-televisiot","tag-entertainment","tag-fi","tag-finland","tag-finnish","tag-helsingin-sanomat","tag-suomi","tag-televisiot","tag-tv","tag-viihde"],"share_on_mastodon":{"url":"https:\/\/pubeurope.com\/@fi\/117199818116139874","error":""},"_links":{"self":[{"href":"https:\/\/www.europesays.com\/fi\/wp-json\/wp\/v2\/posts\/339329","targetHints":{"allow":["GET"]}}],"collection":[{"href":"https:\/\/www.europesays.com\/fi\/wp-json\/wp\/v2\/posts"}],"about":[{"href":"https:\/\/www.europesays.com\/fi\/wp-json\/wp\/v2\/types\/post"}],"author":[{"embeddable":true,"href":"https:\/\/www.europesays.com\/fi\/wp-json\/wp\/v2\/users\/2"}],"replies":[{"embeddable":true,"href":"https:\/\/www.europesays.com\/fi\/wp-json\/wp\/v2\/comments?post=339329"}],"version-history":[{"count":0,"href":"https:\/\/www.europesays.com\/fi\/wp-json\/wp\/v2\/posts\/339329\/revisions"}],"wp:featuredmedia":[{"embeddable":true,"href":"https:\/\/www.europesays.com\/fi\/wp-json\/wp\/v2\/media\/339330"}],"wp:attachment":[{"href":"https:\/\/www.europesays.com\/fi\/wp-json\/wp\/v2\/media?parent=339329"}],"wp:term":[{"taxonomy":"category","embeddable":true,"href":"https:\/\/www.europesays.com\/fi\/wp-json\/wp\/v2\/categories?post=339329"},{"taxonomy":"post_tag","embeddable":true,"href":"https:\/\/www.europesays.com\/fi\/wp-json\/wp\/v2\/tags?post=339329"}],"curies":[{"name":"wp","href":"https:\/\/api.w.org\/{rel}","templated":true}]}}