{"id":339347,"date":"2026-09-02T05:58:18","date_gmt":"2026-09-02T05:58:18","guid":{"rendered":"https:\/\/www.europesays.com\/fi\/339347\/"},"modified":"2026-09-02T05:58:18","modified_gmt":"2026-09-02T05:58:18","slug":"vantaalaiskohde-voi-voittaa-suomen-arvostetuimman-arkkitehtuuripalkinnon-paikalliset","status":"publish","type":"post","link":"https:\/\/www.europesays.com\/fi\/339347\/","title":{"rendered":"Vantaalaiskohde voi voittaa Suomen arvostetuimman arkkitehtuuripalkinnon | Paikalliset"},"content":{"rendered":"<p>Kuusij\u00e4rven savusaunat ovat ehdolla arkkitehtuurin Finlandia -palkinnon saajaksi.<\/p>\n<p>Muut t\u00e4m\u00e4nvuotiset finaalikohteet ovat asuintalo Helsingin Muurarimestari, Porin ruotsinkielisen kulttuuris\u00e4\u00e4ti\u00f6n SKiB-kampus ja The Lost Shtetl -museo Liettuassa.<\/p>\n<p><strong class=\"diks-storyline__impact\">Suomen Arkkitehtiliiton<\/strong> (SAFA) hallituksen nime\u00e4m\u00e4 esiraati on valinnut finalistit avoimella haulla saaduista ehdotuksista.<\/p>\n<p>\u2013\u2009Valitsimme nelj\u00e4 hyvin erityyppist\u00e4 kohdetta \u2013 asuinrakennuksen, kulttuurikampuksen, museorakennuksen ja saunat. Typologioiden, mittakaavojen ja materiaalien kirjo on laaja. Yhteist\u00e4 kohteille on se, ett\u00e4 ne palvelevat yhteis\u00f6j\u00e4\u00e4n harkitusti ja kest\u00e4v\u00e4sti, kertoo esiraadin puheenjohtaja, professori <strong>Panu Savolainen<\/strong> tiedotteessa.<\/p>\n<p><strong class=\"diks-storyline__impact\">Voittajan valitsee<\/strong> ja julkistaa 5. lokakuuta Eurooppa-tutkija <strong>Timo Miettinen<\/strong>.<\/p>\n<p>Miettinen sanoo pohtineensa varsinkin sit\u00e4, millaista tarinaa yhteis\u00f6st\u00e4 kohteiden arkkitehtuuri kertoo ja miten rakennukset rakentavat historiallista jatkuvuutta.<\/p>\n<p>\u2013\u2009Sen lis\u00e4ksi, ett\u00e4 kohteet heijastavat oman aikamme arvoja ja k\u00e4yt\u00e4nt\u00f6j\u00e4, ne tuntuivat monessa tapauksessa my\u00f6s kurkottavan n\u00e4iden yli. Siihen, millaista asuminen, oppiminen, luontosuhde tai historian muistaminen voisi parhaimmillaan olla, Miettinen arvioi.<\/p>\n<p><strong class=\"diks-storyline__impact\">Esiraadin arvion<\/strong> mukaan Kuusij\u00e4rven virkistysalueelle viime vuonna valmistuneet savusauna- ja pukuhuonerakennukset jatkavat alueen saunarakentamisen perinnett\u00e4 ymp\u00e4rist\u00f6\u00e4\u00e4n kunnioittaen. Tummat, puiset julkisivut ja kasvikatteiset aumakatot sulautuvat rinteen suojaan miltei huomaamattomasti.<\/p>\n<p>Erityisen ansiokasta on harkittu saunomiskokemus, esiraati arvioi. Pukuhuoneista ja suihkutiloista menn\u00e4\u00e4n saunoihin ulkotilan kautta, jolloin luonto linkittyy keskeiseksi osaksi saunomisrituaalia.<\/p>\n<p>\u2013\u2009Materiaalien huolellinen k\u00e4ytt\u00f6, mittakaavan hallinta ja ajaton tunnelma tekev\u00e4t rakennuksista poikkeuksellisen korkeatasoisen esimerkin uudesta suomalaisesta saunarakentamisesta, jossa arkkitehtuuri, maisema ja k\u00e4ytt\u00e4j\u00e4kokemus yhdistyv\u00e4t vaikuttavalla tavalla, esiraadin arviossa kerrotaan.<\/p>\n<p><strong class=\"diks-storyline__impact\">Rakennusten suunnittelusta<\/strong> vastasivat Mer Arkkitehtien arkkitehdit SAFA <strong>Julia Hertell<\/strong> (rakennussuunnittelija rakentamisvaiheessa) ja <strong>Kaisa Riippi<\/strong> (projektiarkkitehti) sek\u00e4 Arkkitehtuuri- ja muotoilutoimisto Tallin arkkitehdit SAFA <strong>Jenni H\u00f6ltt\u00e4<\/strong> (p\u00e4\u00e4- ja rakennussuunnittelija) ja <strong>Minna Lukander<\/strong> (p\u00e4\u00e4suunnittelija lupavaiheessa).<\/p>\n<p>Vuodesta 2014 my\u00f6nnetty Arkkitehtuurin Finlandia on Suomen arvostetuin arkkitehtuuripalkinto.<\/p>\n<p>Palkinto my\u00f6nnet\u00e4\u00e4n kolmen viime vuoden aikana valmistuneen rakennuksen tai rakennusryhm\u00e4n suunnittelusta \u2013 suomalaisen tai ulkomaisen arkkitehdin Suomeen suunnittelemasta ty\u00f6st\u00e4 tai suomalaisen arkkitehdin ulkomaille suunnittelemasta ty\u00f6st\u00e4.<\/p>\n","protected":false},"excerpt":{"rendered":"Kuusij\u00e4rven savusaunat ovat ehdolla arkkitehtuurin Finlandia -palkinnon saajaksi. Muut t\u00e4m\u00e4nvuotiset finaalikohteet ovat asuintalo Helsingin Muurarimestari, Porin ruotsinkielisen kulttuuris\u00e4\u00e4ti\u00f6n&hellip;\n","protected":false},"author":2,"featured_media":339348,"comment_status":"","ping_status":"","sticky":false,"template":"","format":"standard","meta":{"footnotes":"","_share_on_mastodon":"0"},"categories":[135],"tags":[389,387,388,36,390,137,33,31,30,41893,4228,41892,2355,402,32,394,393,391,392,2359,109],"class_list":["post-339347","post","type-post","status-publish","format-standard","has-post-thumbnail","category-taiteet-ja-suunnittelu","tag-arts","tag-arts-and-design","tag-artsanddesign","tag-asuintalot-ja-asunnot","tag-design","tag-entertainment","tag-fi","tag-finland","tag-finnish","tag-hakunilan-alue","tag-kehittyva-kaupunki","tag-kuusijarvi","tag-rakennus","tag-rakentaminen-kiinteistot","tag-suomi","tag-suunnittelu","tag-taiteet","tag-taiteet-ja-suunnittelu","tag-taiteetsuunnittelu","tag-vantaa","tag-viihde"],"share_on_mastodon":{"url":"https:\/\/pubeurope.com\/@fi\/117199916568434022","error":""},"_links":{"self":[{"href":"https:\/\/www.europesays.com\/fi\/wp-json\/wp\/v2\/posts\/339347","targetHints":{"allow":["GET"]}}],"collection":[{"href":"https:\/\/www.europesays.com\/fi\/wp-json\/wp\/v2\/posts"}],"about":[{"href":"https:\/\/www.europesays.com\/fi\/wp-json\/wp\/v2\/types\/post"}],"author":[{"embeddable":true,"href":"https:\/\/www.europesays.com\/fi\/wp-json\/wp\/v2\/users\/2"}],"replies":[{"embeddable":true,"href":"https:\/\/www.europesays.com\/fi\/wp-json\/wp\/v2\/comments?post=339347"}],"version-history":[{"count":0,"href":"https:\/\/www.europesays.com\/fi\/wp-json\/wp\/v2\/posts\/339347\/revisions"}],"wp:featuredmedia":[{"embeddable":true,"href":"https:\/\/www.europesays.com\/fi\/wp-json\/wp\/v2\/media\/339348"}],"wp:attachment":[{"href":"https:\/\/www.europesays.com\/fi\/wp-json\/wp\/v2\/media?parent=339347"}],"wp:term":[{"taxonomy":"category","embeddable":true,"href":"https:\/\/www.europesays.com\/fi\/wp-json\/wp\/v2\/categories?post=339347"},{"taxonomy":"post_tag","embeddable":true,"href":"https:\/\/www.europesays.com\/fi\/wp-json\/wp\/v2\/tags?post=339347"}],"curies":[{"name":"wp","href":"https:\/\/api.w.org\/{rel}","templated":true}]}}