{"id":339351,"date":"2026-09-02T06:05:11","date_gmt":"2026-09-02T06:05:11","guid":{"rendered":"https:\/\/www.europesays.com\/fi\/339351\/"},"modified":"2026-09-02T06:05:11","modified_gmt":"2026-09-02T06:05:11","slug":"me-naiset-katja-stahl-kayttaytyi-tympeasti-uutta-kumppaniaan-kohtaan-nain-mies-reagoi","status":"publish","type":"post","link":"https:\/\/www.europesays.com\/fi\/339351\/","title":{"rendered":"Me Naiset: Katja St\u00e5hl k\u00e4ytt\u00e4ytyi tympe\u00e4sti uutta kumppaniaan kohtaan \u2013 N\u00e4in mies reagoi"},"content":{"rendered":"<p>Katja St\u00e5hl puhuu tuoreesta parisuhteestaan Me Naiset -lehden haastattelussa.<\/p>\n<p><img decoding=\"async\" class=\"image image-show image-preview\" src=\"https:\/\/www.europesays.com\/fi\/wp-content\/uploads\/2026\/09\/a79acaeb77183be8cbf9bae668f16d9769481a871a8bb3639e3170444230c415.jpg\" alt=\"\"\/><img decoding=\"async\" class=\"image image-show\" src=\"https:\/\/www.europesays.com\/fi\/wp-content\/uploads\/2026\/09\/1788329111_638_a79acaeb77183be8cbf9bae668f16d9769481a871a8bb3639e3170444230c415.jpg\" alt=\"\"\/><\/p>\n<p>Katja St\u00e5hl tunnetaan nyky\u00e4\u00e4n El\u00e4m\u00e4ni biisi -ohjelman juontajana. Henri K\u00e4rkk\u00e4inen<\/p>\n<p class=\"paragraph\">Juontaja <a href=\"https:\/\/www.iltalehti.fi\/henkilot\/Katja St\u00e5hl\" class=\"article-link-person-page\" rel=\"nofollow noopener\" target=\"_blank\">Katja St\u00e5hl<\/a>, 57, kertoo <a href=\"https:\/\/www.is.fi\/menaiset\/ihmiset-ja-suhteet\/art-2000012071686.html\" target=\"_blank\" rel=\"noopener nofollow\">Me Naisten<\/a> tuoreessa haastattelussa parisuhteestaan nykyisen kumppaninsa kanssa.<\/p>\n<p class=\"paragraph\">St\u00e5hl tapasi miehen Tinder-deittisovelluksen kautta syksyll\u00e4 2025. Alkoi kiivas viestittely, mutta l\u00e4hes kymmenen vuotta sinkkuel\u00e4m\u00e4\u00e4 viett\u00e4nyt St\u00e5hl halusi edet\u00e4 hitaasti. Aiemmista kokemuksistaan viisastuneena juontaja p\u00e4\u00e4tti ensin tutustua toiseen kunnolla ennen kuin antoi intohimon kehitty\u00e4.<\/p>\n<p class=\"paragraph\">\u2013 Yritin pist\u00e4\u00e4 kampoihin syyst\u00e4 tai toisesta. Varmaankin pelk\u00e4sin kaiken menev\u00e4n pieleen. Mutta h\u00e4n oli sitke\u00e4, St\u00e5hl sanoo Me Naisissa.<\/p>\n<p class=\"paragraph\">St\u00e5hl antaa haastattelussa esimerkin Karhu-lempinimell\u00e4 kulkevan miehen sitkeydest\u00e4. Jos St\u00e5hl oli miehelle puhelimessa tympe\u00e4, t\u00e4m\u00e4 sanoi \u201dheippa\u201d ja soitti paremmalla ajalla takaisin.<\/p>\n<p class=\"paragraph\">Kes\u00e4ll\u00e4 <a href=\"https:\/\/www.iltalehti.fi\/viihdeuutiset\/2f431fcd-71b1-404c-b542-7048862fe0ff\" rel=\"nofollow noopener\" target=\"_blank\">suhde syveni avoliitoksi<\/a>, kun Karhu muutti Porvoosta St\u00e5hlin luokse Espooseen.<\/p>\n<p class=\"paragraph\">Ennen Karhun tapaamista St\u00e5hl ajatteli, ettei kaipaa rinnalleen miest\u00e4. Nyt h\u00e4n toivoo, ettei parin suhde p\u00e4\u00e4ty koskaan.<\/p>\n<p class=\"paragraph\">\u2013 Usein minun on vaikea hengitt\u00e4\u00e4, kun nauran h\u00e4nen kanssaan niin paljon. V\u00e4lill\u00e4 on vaikea uskoa, miten onnekkaasti meille k\u00e4vi. Ehk\u00e4 tarinani antaa uskoa kaikille ikisinkuille, St\u00e5hl sanoo Me Naisissa.<\/p>\n<p>Katja St\u00e5hl on puhunut parisuhteestaan my\u00f6s podcastissaan. Pete Anikari<\/p>\n<p class=\"paragraph\">St\u00e5hl on puhunut parisuhteestaan aiemmin my\u00f6s <strong>Kimmo Vehvil\u00e4isen<\/strong> kanssa pit\u00e4m\u00e4ss\u00e4\u00e4n Saatan olla v\u00e4\u00e4r\u00e4ss\u00e4kin -podcastissa.<\/p>\n<p class=\"paragraph\">\u2013 Laitoin kuvan tytt\u00e4relleni ja kysyin, olisiko t\u00e4ss\u00e4 hyv\u00e4 is\u00e4puoli, <a href=\"https:\/\/www.iltalehti.fi\/viihdeuutiset\/ce58100e-1d85-410f-8329-d1f48ee6b90d\" rel=\"nofollow noopener\" target=\"_blank\">St\u00e5hl kertoi<\/a> joulukuussa ilmestyneess\u00e4 jaksossa tavasta, jolla esitteli kumppaniehdokkaan.<\/p>\n<p class=\"paragraph\">Pitk\u00e4n uran toimittajana ja juontajana tehnyt Katja St\u00e5hl tunnetaan nyky\u00e4\u00e4n erityisesti El\u00e4m\u00e4ni biisi -ohjelman juontajana.<\/p>\n","protected":false},"excerpt":{"rendered":"Katja St\u00e5hl puhuu tuoreesta parisuhteestaan Me Naiset -lehden haastattelussa. Katja St\u00e5hl tunnetaan nyky\u00e4\u00e4n El\u00e4m\u00e4ni biisi -ohjelman juontajana. Henri&hellip;\n","protected":false},"author":2,"featured_media":339352,"comment_status":"","ping_status":"","sticky":false,"template":"","format":"standard","meta":{"footnotes":"","_share_on_mastodon":"0"},"categories":[130],"tags":[35,1074,137,33,31,30,101,99,100,98,32,109],"class_list":["post-339351","post","type-post","status-publish","format-standard","has-post-thumbnail","category-viihde","tag-24h","tag-avioliitto-ja-parisuhde","tag-entertainment","tag-fi","tag-finland","tag-finnish","tag-ihmissuhteet","tag-lapset","tag-lapset-ja-nuoret","tag-perhe","tag-suomi","tag-viihde"],"share_on_mastodon":{"url":"https:\/\/pubeurope.com\/@fi\/117199944052954311","error":""},"_links":{"self":[{"href":"https:\/\/www.europesays.com\/fi\/wp-json\/wp\/v2\/posts\/339351","targetHints":{"allow":["GET"]}}],"collection":[{"href":"https:\/\/www.europesays.com\/fi\/wp-json\/wp\/v2\/posts"}],"about":[{"href":"https:\/\/www.europesays.com\/fi\/wp-json\/wp\/v2\/types\/post"}],"author":[{"embeddable":true,"href":"https:\/\/www.europesays.com\/fi\/wp-json\/wp\/v2\/users\/2"}],"replies":[{"embeddable":true,"href":"https:\/\/www.europesays.com\/fi\/wp-json\/wp\/v2\/comments?post=339351"}],"version-history":[{"count":0,"href":"https:\/\/www.europesays.com\/fi\/wp-json\/wp\/v2\/posts\/339351\/revisions"}],"wp:featuredmedia":[{"embeddable":true,"href":"https:\/\/www.europesays.com\/fi\/wp-json\/wp\/v2\/media\/339352"}],"wp:attachment":[{"href":"https:\/\/www.europesays.com\/fi\/wp-json\/wp\/v2\/media?parent=339351"}],"wp:term":[{"taxonomy":"category","embeddable":true,"href":"https:\/\/www.europesays.com\/fi\/wp-json\/wp\/v2\/categories?post=339351"},{"taxonomy":"post_tag","embeddable":true,"href":"https:\/\/www.europesays.com\/fi\/wp-json\/wp\/v2\/tags?post=339351"}],"curies":[{"name":"wp","href":"https:\/\/api.w.org\/{rel}","templated":true}]}}