{"id":339361,"date":"2026-09-02T06:18:23","date_gmt":"2026-09-02T06:18:23","guid":{"rendered":"https:\/\/www.europesays.com\/fi\/339361\/"},"modified":"2026-09-02T06:18:23","modified_gmt":"2026-09-02T06:18:23","slug":"synkka-varoitus-bill-gatesilta-tahan-pitaa-valmistautua","status":"publish","type":"post","link":"https:\/\/www.europesays.com\/fi\/339361\/","title":{"rendered":"Synkk\u00e4 varoitus Bill Gatesilta \u2013 T\u00e4h\u00e4n pit\u00e4\u00e4 valmistautua"},"content":{"rendered":"<p>Bill Gates varoittaa, ett\u00e4 teko\u00e4lyn ty\u00f6llisyysvaikutukset voivat iske\u00e4 etenkin nuoriin.<\/p>\n<p><img decoding=\"async\" class=\"image image-show image-preview\" src=\"https:\/\/www.europesays.com\/fi\/wp-content\/uploads\/2026\/09\/616582758e9d3cae0dba1e81aecd887c7f3c5d475bfce3882c67f71a7761d0d7.jpg\" alt=\"\"\/><img decoding=\"async\" class=\"image image-show\" src=\"https:\/\/www.europesays.com\/fi\/wp-content\/uploads\/2026\/09\/1788329903_561_616582758e9d3cae0dba1e81aecd887c7f3c5d475bfce3882c67f71a7761d0d7.jpg\" alt=\"\"\/><\/p>\n<p>Bill Gates on tullut tunnetuksi Microsoftin perustajana. All Over Press<\/p>\n<p class=\"paragraph\">Microsoftin perustaja <a href=\"https:\/\/www.iltalehti.fi\/henkilot\/Bill Gates\" class=\"article-link-person-page\" rel=\"nofollow noopener\" target=\"_blank\">Bill Gates<\/a> on varoittanut teko\u00e4lyn vaikutuksista talouteen. Gates kertoi huolenaiheistaan <a href=\"https:\/\/www.gatesnotes.com\/a-turbulent-ai-era-and-critical-choices-to-make\" rel=\"noopener nofollow\" target=\"_blank\">verkkosivuillaan<\/a>.<\/p>\n<p class=\"paragraph\">Gates pelk\u00e4\u00e4 teko\u00e4lyn korvaavan useita ty\u00f6teht\u00e4vi\u00e4 ja aiheuttavan laajaa ty\u00f6tt\u00f6myytt\u00e4. Teko\u00e4ly voi Gatesin mukaan korvata sek\u00e4 tietoty\u00f6l\u00e4isten ett\u00e4 fyysisen ty\u00f6n teht\u00e4v\u00e4t, sill\u00e4 robotiikka on ottanut merkitt\u00e4vi\u00e4 edistysaskeleita viime vuosina. Gates varoittaa, ett\u00e4 edistyneemm\u00e4t robotit voivat korvata fyysist\u00e4 ty\u00f6t\u00e4 tekev\u00e4t henkil\u00f6t jo t\u00e4m\u00e4n vuosikymmenen loppuun menness\u00e4.<\/p>\n<p class=\"paragraph\">\u2013 Uskon, ett\u00e4 \u201d\u00e4lykk\u00e4\u00e4t\u201d robotit alkavat kilpailla ihmisten kanssa tietyiss\u00e4 fyysisiss\u00e4 teht\u00e4viss\u00e4 esimerkiksi rakennus- ja matkailualalla t\u00e4m\u00e4n vuosikymmenen loppuun menness\u00e4, Gates kertoo.<\/p>\n<p class=\"paragraph\">Gates varoittaa, ett\u00e4 teko\u00e4ly ja robotiikka voivat luoda noidankeh\u00e4n: kun yritykset alkavat ottamaan teknologiaa k\u00e4ytt\u00f6\u00f6n, my\u00f6s muutkin yritykset kokevat painetta ottaa teknologiaa k\u00e4ytt\u00f6\u00f6n. T\u00e4m\u00e4 voi nopeuttaa teknologian k\u00e4ytt\u00f6\u00f6nottoa ja samalla siit\u00e4 syntyv\u00e4\u00e4 ty\u00f6tt\u00f6myytt\u00e4.<\/p>\n<p class=\"paragraph\">\u2013 Monet ihmiset siirtyv\u00e4t muihin t\u00f6ihin, mutta ty\u00f6n menett\u00e4miseen, uudelleenkoulutukseen ja uuden ty\u00f6n etsimiseen liittyv\u00e4t myllerrykset tulevat olemaan merkitt\u00e4vi\u00e4. Markkinavoimat vauhdittavat muutosta yh\u00e4 nopeammin, ja ellei asiaan puututa, hyvi\u00e4 ty\u00f6paikkoja on tarjolla entist\u00e4 v\u00e4hemm\u00e4n ja hy\u00f6dyt kertyv\u00e4t pienelle ryhm\u00e4lle.<\/p>\n<p class=\"paragraph\">Gates on erityisen huolissaan nuorista. Alkutason ty\u00f6paikat ovat v\u00e4hentyneet viime vuosina muun muassa teko\u00e4lyn vuoksi, mink\u00e4 takia ty\u00f6el\u00e4m\u00e4\u00e4n p\u00e4\u00e4seminen voi olla entist\u00e4 vaikeampaa nuorille.<\/p>\n<p class=\"paragraph\">\u2013 Meid\u00e4n on nyt pohdittava, miten voimme v\u00e4hent\u00e4\u00e4 ty\u00f6paikkojen menetyksi\u00e4, jotta kaikki saavat osia teko\u00e4lyn luomasta vauraudesta. Emme voi odottaa siihen asti, kun ihmiset ovat jo menett\u00e4neet ty\u00f6paikkansa tai joutuneet ality\u00f6llistetyiksi. Teko\u00e4ly on rakenteellinen haaste taloudellemme, ja se vaatii toimintaa jo nyt.<\/p>\n<p class=\"paragraph\">Teko\u00e4lyn aiheuttama ty\u00f6tt\u00f6myys on her\u00e4tt\u00e4nyt runsaasti keskustelua viime vuosina, mutta asiantuntijat ovat eri mielt\u00e4 teko\u00e4lyn vaikutuksista ty\u00f6llisyyteen. Useat tutkijat ovat kertoneet <a href=\"https:\/\/yle.fi\/a\/74-20240733\" rel=\"noopener nofollow\" target=\"_blank\">Ylelle<\/a> teko\u00e4lyn pel\u00e4ttyjen ty\u00f6llisyysmuutoksien j\u00e4\u00e4v\u00e4n odotettua pienemmiksi, mutta Stanfordin yliopiston <a href=\"https:\/\/digitaleconomy.stanford.edu\/publication\/canaries-in-the-coal-mine-six-facts-about-the-recent-employment-effects-of-artificial-intelligence\/\" rel=\"noopener nofollow\" target=\"_blank\">tutkimuksessa<\/a> on jo osoitettu nuorten alkutason ty\u00f6paikkojen laskeneen osittain teko\u00e4lyn vuoksi.<\/p>\n<p>Tilaa Mikrobitti-uutiskirje<\/p>\n<p class=\"paragraph\"><a href=\"https:\/\/www.iltalehti.fi\/uutiskirje\" rel=\"nofollow noopener\" target=\"_blank\">Maksuton uutiskirje kokoaa kahdesti viikossa hy\u00f6dyllisimm\u00e4t testit, oppaat, vinkit ja digiuutiset.<\/a><\/p>\n","protected":false},"excerpt":{"rendered":"Bill Gates varoittaa, ett\u00e4 teko\u00e4lyn ty\u00f6llisyysvaikutukset voivat iske\u00e4 etenkin nuoriin. Bill Gates on tullut tunnetuksi Microsoftin perustajana. All&hellip;\n","protected":false},"author":2,"featured_media":339362,"comment_status":"","ping_status":"","sticky":false,"template":"","format":"standard","meta":{"footnotes":"","_share_on_mastodon":"0"},"categories":[89],"tags":[35,432,431,33,31,30,32,91,92,487,433,149,860,862,3515],"class_list":["post-339361","post","type-post","status-publish","format-standard","has-post-thumbnail","category-tekoaly","tag-24h","tag-ai","tag-artificial-intelligence","tag-fi","tag-finland","tag-finnish","tag-suomi","tag-technology","tag-teknologia","tag-teknologia-yleista","tag-tekoaly","tag-tietojenkasittely-ja-informaatioteknologia","tag-tyoelama","tag-tyollisyys","tag-tyovoima"],"share_on_mastodon":{"url":"https:\/\/pubeurope.com\/@fi\/117199995842348984","error":""},"_links":{"self":[{"href":"https:\/\/www.europesays.com\/fi\/wp-json\/wp\/v2\/posts\/339361","targetHints":{"allow":["GET"]}}],"collection":[{"href":"https:\/\/www.europesays.com\/fi\/wp-json\/wp\/v2\/posts"}],"about":[{"href":"https:\/\/www.europesays.com\/fi\/wp-json\/wp\/v2\/types\/post"}],"author":[{"embeddable":true,"href":"https:\/\/www.europesays.com\/fi\/wp-json\/wp\/v2\/users\/2"}],"replies":[{"embeddable":true,"href":"https:\/\/www.europesays.com\/fi\/wp-json\/wp\/v2\/comments?post=339361"}],"version-history":[{"count":0,"href":"https:\/\/www.europesays.com\/fi\/wp-json\/wp\/v2\/posts\/339361\/revisions"}],"wp:featuredmedia":[{"embeddable":true,"href":"https:\/\/www.europesays.com\/fi\/wp-json\/wp\/v2\/media\/339362"}],"wp:attachment":[{"href":"https:\/\/www.europesays.com\/fi\/wp-json\/wp\/v2\/media?parent=339361"}],"wp:term":[{"taxonomy":"category","embeddable":true,"href":"https:\/\/www.europesays.com\/fi\/wp-json\/wp\/v2\/categories?post=339361"},{"taxonomy":"post_tag","embeddable":true,"href":"https:\/\/www.europesays.com\/fi\/wp-json\/wp\/v2\/tags?post=339361"}],"curies":[{"name":"wp","href":"https:\/\/api.w.org\/{rel}","templated":true}]}}