{"id":339371,"date":"2026-09-02T06:36:17","date_gmt":"2026-09-02T06:36:17","guid":{"rendered":"https:\/\/www.europesays.com\/fi\/339371\/"},"modified":"2026-09-02T06:36:17","modified_gmt":"2026-09-02T06:36:17","slug":"ahtarin-elainpuiston-uusi-johtaja-hoitaa-kassaa-ja-siivoaa-vessoja-oli-pakko-itse-opetella-kotimaa","status":"publish","type":"post","link":"https:\/\/www.europesays.com\/fi\/339371\/","title":{"rendered":"\u00c4ht\u00e4rin el\u00e4inpuiston uusi johtaja hoitaa kassaa ja siivoaa vessoja: \u201dOli pakko itse opetella\u201d | Kotimaa"},"content":{"rendered":"<ul class=\"aw__sc-1yb43iq-0 gFXHv yle__article__list yle__article__list--ul\">\n<li class=\"aw__sc-1yb43iq-1 gVAzbt\">Konkurssin j\u00e4lkeen perustettu Mesi Zoo selvisi ensimm\u00e4isest\u00e4 kes\u00e4st\u00e4. \u00c4ht\u00e4rin el\u00e4inpuiston jatko on silti ep\u00e4varma.<\/li>\n<li class=\"aw__sc-1yb43iq-1 gVAzbt\">Operatiivinen johtaja Kristiina Peltom\u00e4ki sanoo, ett\u00e4 p\u00e4\u00e4t\u00f6s tehd\u00e4\u00e4n marraskuussa talouslukujen perusteella.<\/li>\n<li class=\"aw__sc-1yb43iq-1 gVAzbt\">K\u00e4vij\u00e4tavoite 80\u00a0000 ei toteudu. Kassavirta ja kulujen hallinta ovat nyt keskeisi\u00e4 mittareita.<\/li>\n<li class=\"aw__sc-1yb43iq-1 gVAzbt\">Kuusi sijoittajaa ker\u00e4si yli puoli miljoonaa euroa el\u00e4inpuiston pelastamiseksi.<\/li>\n<\/ul>\n<p class=\"aw__sc-1qwuw0s-0 aw__sc-ngllmo-0 epAWpq fzYpjk yle__article__paragraph\">\u00c4ht\u00e4rin el\u00e4inpuistolla on takana ensimm\u00e4inen kes\u00e4 uuden yhti\u00f6n komennossa.<\/p>\n<p class=\"aw__sc-1qwuw0s-0 aw__sc-ngllmo-0 epAWpq fzYpjk yle__article__paragraph\">Mesi Zoo perustettiin konkurssiin menneen el\u00e4inpuiston raunioille tammikuussa 2026.<\/p>\n<p><img decoding=\"async\" alt=\"Kristiina Peltom\u00e4ki ja Risto Sivonen, taustalla aitauksessaan Tahvo-silm\u00e4lasikarhu \u00c4ht\u00e4rin el\u00e4inpuistossa. \" src=\"https:\/\/www.europesays.com\/fi\/wp-content\/uploads\/2026\/09\/1774876653.jpeg\" class=\"aw__sc-dklauk-0 LPzKX\"\/><\/p>\n<p class=\"aw__sc-1qwuw0s-0 aw__sc-ngllmo-0 epAWpq fzYpjk yle__article__paragraph\">Uusi yhti\u00f6 sai osakeannilla kasaan kev\u00e4ttalvella runsaat puoli miljoonaa euroa.<\/p>\n<p class=\"aw__sc-1qwuw0s-0 aw__sc-ngllmo-0 epAWpq fzYpjk yle__article__paragraph\">Kuusi Mesi Zoohon 50\u00a0000 euroa tai enemm\u00e4n sijoittanutta omistaa yhti\u00f6n \u00e4\u00e4nivallasta yli 90 prosenttia.<\/p>\n<p class=\"aw__sc-1qwuw0s-0 aw__sc-ngllmo-0 epAWpq fzYpjk yle__article__paragraph\">Kysyimme n\u00e4ilt\u00e4 p\u00e4\u00e4sijoittajilta, milt\u00e4 el\u00e4inpuiston tulevaisuus n\u00e4ytt\u00e4\u00e4.<\/p>\n<p><img decoding=\"async\" alt=\"\u00c4ht\u00e4rin el\u00e4inpuiston myym\u00e4l\u00e4 vuonna 2026.\" src=\"https:\/\/www.europesays.com\/fi\/wp-content\/uploads\/2026\/09\/1788174285.jpeg\" loading=\"lazy\" class=\"aw__sc-dklauk-0 LPzKX\"\/><\/p>\n<p>Avaa kuvien katselu<\/p>\n<p>Entisen pandatalon, nykyisen luontotalon hyllyill\u00e4 pehmolelut ovat vaihtuneet kotimaiseen lajistoon.  Kuva: Birgitta Vuorela \/ YleOperatiivinen johtaja kassalla ja siivoamassa<\/p>\n<p class=\"aw__sc-1qwuw0s-0 aw__sc-ngllmo-0 epAWpq fzYpjk yle__article__paragraph\">Ankkurisijoittajat <strong class=\"aw__sc-ngllmo-2 gdRrun yle__article__strong\">Kristiina<\/strong> ja <strong class=\"aw__sc-ngllmo-2 gdRrun yle__article__strong\">Tapio Peltom\u00e4ki<\/strong> <a class=\"aw__sc-ngllmo-1 bTDnwX yle__article__link\" href=\"https:\/\/yle.fi\/a\/74-20209958\" role=\"link\" rel=\"nofollow noopener\" target=\"_blank\">sijoittivat el\u00e4inpuistoon<\/a> 150\u00a0000 euroa.<\/p>\n<p class=\"aw__sc-1qwuw0s-0 aw__sc-ngllmo-0 epAWpq fzYpjk yle__article__paragraph\">El\u00e4inpuiston operatiivinen johtaja Kristiina Peltom\u00e4ki sanoo, ettei ollut osannut odottaa, kuinka konkreettisesti h\u00e4n tulisi ty\u00f6skentelem\u00e4\u00e4n puistossa.<\/p>\n<p class=\"aw__sc-1qwuw0s-0 aw__sc-ngllmo-0 epAWpq fzYpjk yle__article__paragraph\">Kes\u00e4n aikana h\u00e4n hoiti kassaa, myi tuotteita, siivosi vessoja ja kiersi puistoa tarkastamassa roskiksia.<\/p>\n<p class=\"aw__sc-1qwuw0s-0 aw__sc-ngllmo-0 epAWpq fzYpjk yle__article__paragraph\">\u2013 Sanoin Tapiolle, ett\u00e4 en olisi el\u00e4iss\u00e4ni kuvitellut, ett\u00e4 laitamme 150\u00a0000 ja ostan ty\u00f6paikan, Peltom\u00e4ki naurahtaa.<\/p>\n<p class=\"aw__sc-1qwuw0s-0 aw__sc-ngllmo-0 epAWpq fzYpjk yle__article__paragraph\">H\u00e4n oli kuitenkin varautunut siihen, ett\u00e4 ty\u00f6t\u00e4 olisi paljon. Puisto k\u00e4ynnistettiin pienell\u00e4 henkil\u00f6st\u00f6ll\u00e4, ja johtajan oli oltava mukana arjessa ymm\u00e4rt\u00e4\u00e4kseen, miten prosessit toimivat ja mihin raha kuluu.<\/p>\n<p class=\"aw__sc-1qwuw0s-0 aw__sc-ngllmo-0 epAWpq fzYpjk yle__article__paragraph\">\u2013 Se oli pakko itse opetella. Sanoin, ett\u00e4 olen t\u00e4\u00e4ll\u00e4 niin kauan kuin minua tarvitaan, Peltom\u00e4ki sanoo.<\/p>\n<p><img decoding=\"async\" alt=\"El\u00e4inpuistoyritt\u00e4j\u00e4 Kristiina Peltom\u00e4ki \u00c4ht\u00e4rin el\u00e4inpuistossa. \" src=\"https:\/\/www.europesays.com\/fi\/wp-content\/uploads\/2026\/09\/1779962061.jpeg\" loading=\"lazy\" class=\"aw__sc-dklauk-0 LPzKX\"\/><\/p>\n<p>Avaa kuvien katselu<\/p>\n<p>Kristiina Peltom\u00e4ell\u00e4 on ollut kiireinen kes\u00e4 \u00c4ht\u00e4riss\u00e4. Vapaap\u00e4ivi\u00e4 kertyi vain seitsem\u00e4n koko kes\u00e4n\u00e4. Kuva: Elina Niemist\u00f6 \/ Yle<\/p>\n<p class=\"aw__sc-1qwuw0s-0 aw__sc-ngllmo-0 epAWpq fzYpjk yle__article__paragraph\">Ty\u00f6taakasta huolimatta into on vain kasvanut. H\u00e4n on oppinut ymm\u00e4rt\u00e4m\u00e4\u00e4n, miksi el\u00e4inpuisto on niin t\u00e4rke\u00e4.<\/p>\n<p class=\"aw__sc-1qwuw0s-0 aw__sc-ngllmo-0 epAWpq fzYpjk yle__article__paragraph\">\u2013 Rakkaus t\u00e4h\u00e4n on viel\u00e4 kasvanut kes\u00e4n aikana, ja ymm\u00e4rrys, ett\u00e4 t\u00e4t\u00e4 ei voi menett\u00e4\u00e4, h\u00e4n sanoo.<\/p>\n<p>Sijoittajat muistuttavat markkinoinnin merkityksest\u00e4<\/p>\n<p class=\"aw__sc-1qwuw0s-0 aw__sc-ngllmo-0 epAWpq fzYpjk yle__article__paragraph\">Kaksi puiston pelastamiseen osallistunutta p\u00e4\u00e4osakasta ovat \u00e4ht\u00e4ril\u00e4isi\u00e4 yritt\u00e4ji\u00e4.<\/p>\n<p class=\"aw__sc-1qwuw0s-0 aw__sc-ngllmo-0 epAWpq fzYpjk yle__article__paragraph\">He ovat tarkkailleet parkkialueen t\u00e4yttymist\u00e4 melko tyytyv\u00e4isin\u00e4, mutta heill\u00e4 on my\u00f6s odotuksia jatkolle.<\/p>\n<p class=\"aw__sc-1qwuw0s-0 aw__sc-ngllmo-0 epAWpq fzYpjk yle__article__paragraph\"><strong class=\"aw__sc-ngllmo-2 gdRrun yle__article__strong\">Eero Johde<\/strong> on el\u00e4k\u00f6itynyt entinen veneyritt\u00e4j\u00e4, jolla on nykyisin majoitustoimintaa \u00c4ht\u00e4riss\u00e4.<\/p>\n<p class=\"aw__sc-1qwuw0s-0 aw__sc-ngllmo-0 epAWpq fzYpjk yle__article__paragraph\">\u2013 Ihmiset tulevat t\u00e4nne \u00c4ht\u00e4riin el\u00e4inpuiston takia. Kyll\u00e4 t\u00e4ss\u00e4 [sijoituksessa] v\u00e4h\u00e4n oma lehm\u00e4 ojassa on, Johde sanoo.<\/p>\n<p class=\"aw__sc-1qwuw0s-0 aw__sc-ngllmo-0 epAWpq fzYpjk yle__article__paragraph\">H\u00e4n uskoo el\u00e4inpuiston tulevaisuuteen ja tuoton mahdollisuuteen, mutta t\u00e4rkeint\u00e4 on \u00c4ht\u00e4rin hyvinvointi. Johde n\u00e4kee el\u00e4inpuiston perhemarkkinoinnin kohteena.<\/p>\n<p class=\"aw__sc-1qwuw0s-0 aw__sc-ngllmo-0 epAWpq fzYpjk yle__article__paragraph\">\u2013 Kyll\u00e4 min\u00e4 uskon siihen. En muuten olisi sijoittanut, Johde toteaa.<\/p>\n<p><img decoding=\"async\" alt=\"Pikkupanda \u00c4ht\u00e4rin el\u00e4inpuistossa.\" src=\"https:\/\/www.europesays.com\/fi\/wp-content\/uploads\/2026\/09\/1788174177.jpeg\" loading=\"lazy\" class=\"aw__sc-dklauk-0 LPzKX\"\/><\/p>\n<p>Avaa kuvien katselu<\/p>\n<p>Eritt\u00e4in uhanalainen pikkupanda eli kultapanda tai kissakarhu on yksi \u00c4ht\u00e4rin el\u00e4inpuiston vetonauloista. Kuva: Birgitta Vuorela \/ Yle<\/p>\n<p class=\"aw__sc-1qwuw0s-0 aw__sc-ngllmo-0 epAWpq fzYpjk yle__article__paragraph\">H\u00e4n toteaa, ett\u00e4 uudet el\u00e4imet ja pennut lis\u00e4\u00e4v\u00e4t kiinnostusta, mutta markkinointi pit\u00e4\u00e4 osata hoitaa, jotta ihmiset l\u00f6yt\u00e4v\u00e4t el\u00e4inpuistoon.<\/p>\n<p class=\"aw__sc-1qwuw0s-0 aw__sc-ngllmo-0 epAWpq fzYpjk yle__article__paragraph\">Aiemmin ongelma oli h\u00e4nen mukaansa siin\u00e4, ett\u00e4 bisneksen tekeminen ei ole kaupungin teht\u00e4v\u00e4.<\/p>\n<p class=\"aw__sc-1qwuw0s-0 aw__sc-ngllmo-0 epAWpq fzYpjk yle__article__paragraph\">\u2013 Kaupungin homma on tehd\u00e4 edellytyksi\u00e4 bisneksen tekemiselle, ja siin\u00e4 meni puurot ja vellit v\u00e4h\u00e4n sekaisin, Johde sanoo.<\/p>\n<p class=\"aw__sc-1qwuw0s-0 aw__sc-ngllmo-0 epAWpq fzYpjk yle__article__paragraph\"><strong class=\"aw__sc-ngllmo-2 gdRrun yle__article__strong\">Sijoittajien tuotto-odotukset ovat maltilliset. Videolla kaksi ankkurisijoittajaa kertoo n\u00e4kemyksi\u00e4\u00e4n puiston tulevaisuudesta.<\/strong><\/p>\n<p>Video: Birgitta Vuorela \/ Yle<\/p>\n<p class=\"aw__sc-1qwuw0s-0 aw__sc-ngllmo-0 epAWpq fzYpjk yle__article__paragraph\">Pitk\u00e4n linjan \u00e4ht\u00e4ril\u00e4isyritt\u00e4j\u00e4 <strong class=\"aw__sc-ngllmo-2 gdRrun yle__article__strong\">Pasi Poukka<\/strong> sijoitti el\u00e4inpuistoon kaupungin elinvoiman takia. H\u00e4n tunnustaa, ettei edes odota sijoitukselle tuottoa.<\/p>\n<p class=\"aw__sc-1qwuw0s-0 aw__sc-ngllmo-0 epAWpq fzYpjk yle__article__paragraph\">\u2013 \u00c4ht\u00e4ri tunnetaan el\u00e4inpuistosta. Kyll\u00e4 sen pit\u00e4\u00e4 hengiss\u00e4 pysy\u00e4, Poukka sanoo.<\/p>\n<p class=\"aw__sc-1qwuw0s-0 aw__sc-ngllmo-0 epAWpq fzYpjk yle__article__paragraph\">My\u00f6s Poukka korostaa markkinoinnin merkityst\u00e4 ja uskoo, ett\u00e4 monet ihmiset luulevat puiston olevan edelleen kiinni.<\/p>\n<p class=\"aw__sc-1qwuw0s-0 aw__sc-ngllmo-0 epAWpq fzYpjk yle__article__paragraph\">H\u00e4n pit\u00e4\u00e4 ensimm\u00e4ist\u00e4 vuotta viel\u00e4 harjoitteluvuotena uudelle yhti\u00f6lle, mutta odottaa toiveikkaana el\u00e4inpuistolle jatkoa osaavissa k\u00e4siss\u00e4.<\/p>\n<p class=\"aw__sc-1qwuw0s-0 aw__sc-ngllmo-0 epAWpq fzYpjk yle__article__paragraph\">\u2013 Katsotaan, mit\u00e4 tapahtuu, kun se nyt yritt\u00e4j\u00e4vetoisena toimii, Poukka sanoo.<\/p>\n<p>\u201dTuskin on kultakaivos\u201d<\/p>\n<p class=\"aw__sc-1qwuw0s-0 aw__sc-ngllmo-0 epAWpq fzYpjk yle__article__paragraph\">Lihakarjatilaa Reisj\u00e4rvell\u00e4 is\u00e4nn\u00f6iv\u00e4ll\u00e4 <strong class=\"aw__sc-ngllmo-2 gdRrun yle__article__strong\">Tuomo Kinnusella<\/strong> ei ollut ennen el\u00e4inpuistoa mit\u00e4\u00e4n kytkyj\u00e4 \u00c4ht\u00e4riin.<\/p>\n<p class=\"aw__sc-1qwuw0s-0 aw__sc-ngllmo-0 epAWpq fzYpjk yle__article__paragraph\">Vierailijana h\u00e4n oli k\u00e4ynyt el\u00e4inpuistossa monta kertaa. Viimeisell\u00e4 visiitill\u00e4 ennen konkurssia h\u00e4n lohkaisi 10-vuotiaalle <strong class=\"aw__sc-ngllmo-2 gdRrun yle__article__strong\">Juho<\/strong>-pojalleen: \u201dMit\u00e4 jos isk\u00e4 ostaisi el\u00e4inpuiston?\u201d<\/p>\n<p class=\"aw__sc-1qwuw0s-0 aw__sc-ngllmo-0 epAWpq fzYpjk yle__article__paragraph\">Heitosta tulikin nopeasti totta.<\/p>\n<p class=\"aw__sc-1qwuw0s-0 aw__sc-ngllmo-0 epAWpq fzYpjk yle__article__paragraph\">Sijoitusp\u00e4\u00e4t\u00f6ksen sinet\u00f6i kiinnostus yritystoimintaan ja sijoittamiseen, mutta taustalla on my\u00f6s el\u00e4inrakkaus ja halu pit\u00e4\u00e4 puisto pystyss\u00e4 tuleville sukupolville.<\/p>\n<p class=\"aw__sc-1qwuw0s-0 aw__sc-ngllmo-0 epAWpq fzYpjk yle__article__paragraph\">Tuottokin on jollain aikav\u00e4lill\u00e4 toiveissa.<\/p>\n<p class=\"aw__sc-1qwuw0s-0 aw__sc-ngllmo-0 epAWpq fzYpjk yle__article__paragraph\">\u2013 Maltillinen odotus, tuskin t\u00e4m\u00e4 mik\u00e4\u00e4n kultakaivos on sijoittajalle.<\/p>\n<p class=\"aw__sc-1qwuw0s-0 aw__sc-ngllmo-0 epAWpq fzYpjk yle__article__paragraph\">Kinnusen mielest\u00e4 kulukuri on kannattavuuden edellytys, se n\u00e4kyy muun muassa puiston aukioloajoissa. Lis\u00e4ksi Kinnunen toivoo, ett\u00e4 el\u00e4invalikoima saa pian kaivatun lis\u00e4n.<\/p>\n<p class=\"aw__sc-1qwuw0s-0 aw__sc-ngllmo-0 epAWpq fzYpjk yle__article__paragraph\">\u2013 Susilauma ja silm\u00e4lasikarhu Tahvolle kaveri, listaa Kinnunen.<\/p>\n<p><img decoding=\"async\" alt=\"Silm\u00e4lasikarhu el\u00e4inpuiston sis\u00e4tiloissa kiipe\u00e4\u00e4 lankkusiltaa pitkin.\" src=\"https:\/\/www.europesays.com\/fi\/wp-content\/uploads\/2026\/09\/1771422275.jpeg\" loading=\"lazy\" class=\"aw__sc-dklauk-0 LPzKX\"\/><\/p>\n<p>Avaa kuvien katselu<\/p>\n<p>Nuori silm\u00e4lasikarhu Tao eli Tahvo asuu vanhassa pandatalossa. Arkistokuva. Kuva: Pasi Takkunen \/ Yle<\/p>\n<p class=\"aw__sc-1qwuw0s-0 aw__sc-ngllmo-0 epAWpq fzYpjk yle__article__paragraph\">Tamperelainen <strong class=\"aw__sc-ngllmo-2 gdRrun yle__article__strong\">Antti Pekkanen<\/strong> on kotoisin \u00c4ht\u00e4rist\u00e4 ja k\u00e4ynyt el\u00e4inpuistossa pikkupojasta l\u00e4htien. H\u00e4n on yksi p\u00e4\u00e4sijoittajista ja hallituksen j\u00e4sen.<\/p>\n<p class=\"aw__sc-1qwuw0s-0 aw__sc-ngllmo-0 epAWpq fzYpjk yle__article__paragraph\">H\u00e4n halusi olla mahdollistamassa matkailun ja el\u00e4inpuiston toiminnan jatkumista.<\/p>\n<p class=\"aw__sc-1qwuw0s-0 aw__sc-ngllmo-0 epAWpq fzYpjk yle__article__paragraph\">Tuotto-odotuksista kysytt\u00e4ess\u00e4 Pekkanen sanoo, ett\u00e4 tuotto on jo pelk\u00e4st\u00e4\u00e4n siin\u00e4, ett\u00e4 \u00c4ht\u00e4ri voi hyvin ja matkailu kukoistaa.<\/p>\n<p class=\"aw__sc-1qwuw0s-0 aw__sc-ngllmo-0 epAWpq fzYpjk yle__article__paragraph\">\u2013 Juurillakin on arvonsa.<\/p>\n<p class=\"aw__sc-1qwuw0s-0 aw__sc-ngllmo-0 epAWpq fzYpjk yle__article__paragraph\">Pekkanen harmittelee, ett\u00e4 el\u00e4inpuiston kausi k\u00e4ynnistyi my\u00f6h\u00e4ss\u00e4. H\u00e4n tiet\u00e4\u00e4, ett\u00e4 oppia on kuitenkin tullut paljon.<\/p>\n<p class=\"aw__sc-1qwuw0s-0 aw__sc-ngllmo-0 epAWpq fzYpjk yle__article__paragraph\">\u2013 Ei hyp\u00e4tty liikkuvaan junaan, vaan asemalla l\u00e4ht\u00f6\u00e4 odottavaan. Silti vuosi on jo osoittanut sen, ett\u00e4 kyll\u00e4 t\u00e4m\u00e4 kantaa, Pekkanen sanoo.<\/p>\n<p class=\"aw__sc-1qwuw0s-0 aw__sc-ngllmo-0 epAWpq fzYpjk yle__article__paragraph\">Pekkanen odottaa tulevalta sit\u00e4, ett\u00e4 ylisukupolvinen kokemus saa jatkua ja lapset p\u00e4\u00e4sev\u00e4t kokemaan ja n\u00e4kem\u00e4\u00e4n luontoa ja el\u00e4imi\u00e4.<\/p>\n<p><img decoding=\"async\" alt=\"\u00c4ht\u00e4rin el\u00e4inpuiston luontotalo.\" src=\"https:\/\/www.europesays.com\/fi\/wp-content\/uploads\/2026\/09\/1788174336.jpeg\" loading=\"lazy\" class=\"aw__sc-dklauk-0 LPzKX\"\/><\/p>\n<p>Avaa kuvien katselu<\/p>\n<p>Vieraile ja V\u00e4lit\u00e4t ry vastaa el\u00e4inpuistossa lajiensuojelusta, el\u00e4inten hoidosta ja hyvinvoinnista sek\u00e4 toimii opastus- ja opetusty\u00f6ss\u00e4. Luontokasvatus on keskeinen osa el\u00e4inpuiston toimintaa.  Kuva: Birgitta Vuorela \/ YleP\u00e4\u00e4t\u00f6s jatkosta viel\u00e4 syksyn aikana<\/p>\n<p class=\"aw__sc-1qwuw0s-0 aw__sc-ngllmo-0 epAWpq fzYpjk yle__article__paragraph\">Kristiina Peltom\u00e4en mukaan p\u00e4\u00e4t\u00f6s el\u00e4inpuiston jatkosta tehd\u00e4\u00e4n vasta, kun kaikki talousluvut ovat selvill\u00e4. Erityisesti Vieraile ja V\u00e4lit\u00e4t ry:n viime talven kulurakenne on viel\u00e4 tarkistamatta, koska sen kirjanpito on kesken.<\/p>\n<p class=\"aw__sc-1qwuw0s-0 aw__sc-ngllmo-0 epAWpq fzYpjk yle__article__paragraph\">Yhdistys <a class=\"aw__sc-ngllmo-1 bTDnwX yle__article__link\" href=\"https:\/\/yle.fi\/a\/74-20190551\" role=\"link\" rel=\"nofollow noopener\" target=\"_blank\">osti konkurssiin hakeutuneen<\/a> el\u00e4inpuiston rakennukset ja el\u00e4imet eurolla lokakuussa 2025.<\/p>\n<p class=\"aw__sc-1qwuw0s-0 aw__sc-ngllmo-0 epAWpq fzYpjk yle__article__paragraph\">El\u00e4inpuiston kes\u00e4n k\u00e4vij\u00e4tavoite oli 80\u00a0000, mutta Peltom\u00e4ki arvelee, ettei se toteudu. Sesonki alkoi nihke\u00e4sti, mutta piristyi juhannuksen j\u00e4lkeen, jolloin parhaimpina p\u00e4ivin\u00e4 kolkuteltiin tuhannen k\u00e4vij\u00e4n rajaa.<\/p>\n<p class=\"aw__sc-1qwuw0s-0 aw__sc-ngllmo-0 epAWpq fzYpjk yle__article__paragraph\">Peltom\u00e4ki sanoo, ett\u00e4 marraskuuhun menness\u00e4 jatkosta ollaan viisaampia.<\/p>\n<p class=\"aw__sc-1qwuw0s-0 aw__sc-ngllmo-0 epAWpq fzYpjk yle__article__paragraph\">\u2013 Silloin meill\u00e4 pit\u00e4\u00e4 olla faktaa siit\u00e4, ett\u00e4 rahat riitt\u00e4v\u00e4t ensi kes\u00e4\u00e4n. Ei niin, ett\u00e4 menn\u00e4\u00e4n vaan, kokeillaan ja tuhlataan sijoittajien rahoja.<\/p>\n<p><img decoding=\"async\" alt=\"Ahma \u00c4ht\u00e4rin el\u00e4inpuiston puussa. \" src=\"https:\/\/www.europesays.com\/fi\/wp-content\/uploads\/2026\/09\/1788174080.jpeg\" loading=\"lazy\" class=\"aw__sc-dklauk-0 LPzKX\"\/><\/p>\n<p>Avaa kuvien katselu<\/p>\n<p>Kristiina Peltom\u00e4en mukaan k\u00e4vij\u00e4t ovat vain osa puiston taloudellista kokonaisuutta. Puunrungolta k\u00e4vij\u00f6it\u00e4 tarkastelee ahma. Kuva: Birgitta Vuorela \/ Yle<\/p>\n<p class=\"aw__sc-1qwuw0s-0 aw__sc-ngllmo-0 epAWpq fzYpjk yle__article__paragraph\">My\u00f6s syyslomalla on painoarvoa. El\u00e4inpuisto on auki viel\u00e4 kaksi syyslomaviikkoa lokakuussa.<\/p>\n<p class=\"aw__sc-1qwuw0s-0 aw__sc-ngllmo-0 epAWpq fzYpjk yle__article__paragraph\">\u2013 Jos saamme silloin k\u00e4vij\u00f6it\u00e4 200\u2013300 p\u00e4iv\u00e4ss\u00e4, niin sekin vaikuttaa jonkin verran, Peltom\u00e4ki sanoo.<\/p>\n<p class=\"aw__sc-1qwuw0s-0 aw__sc-ngllmo-0 epAWpq fzYpjk yle__article__paragraph\">K\u00e4vij\u00e4m\u00e4\u00e4r\u00e4n sijaan keskeiseksi mittariksi on kuitenkin noussut kassavirta ja kulujen hallinta. Peltom\u00e4ki sanoo olevansa positiivisella mielell\u00e4, mutta realisti.<\/p>\n<p class=\"aw__sc-1qwuw0s-0 aw__sc-ngllmo-0 epAWpq fzYpjk yle__article__paragraph\">\u2013 Luvut puhuvat aina puolestaan.<\/p>\n","protected":false},"excerpt":{"rendered":"Konkurssin j\u00e4lkeen perustettu Mesi Zoo selvisi ensimm\u00e4isest\u00e4 kes\u00e4st\u00e4. \u00c4ht\u00e4rin el\u00e4inpuiston jatko on silti ep\u00e4varma. Operatiivinen johtaja Kristiina Peltom\u00e4ki&hellip;\n","protected":false},"author":2,"featured_media":339372,"comment_status":"","ping_status":"","sticky":false,"template":"","format":"standard","meta":{"footnotes":"","_share_on_mastodon":"0"},"categories":[12],"tags":[2993,5287,22,23,5290,1377,26,27,33,31,30,17,451,71,24,25,28,29,1478,15,18,21,449,1444,32,19,20,16],"class_list":["post-339371","post","type-post","status-publish","format-standard","has-post-thumbnail","category-suomi","tag-ahtari","tag-ahtarin-elainpuisto","tag-breaking-news","tag-breakingnews","tag-elainpuistot","tag-etela-pohjanmaa","tag-featured-news","tag-featurednews","tag-fi","tag-finland","tag-finnish","tag-headlines","tag-keski-pohjanmaa","tag-kotimaa","tag-latest-news","tag-latestnews","tag-main-news","tag-mainnews","tag-matkailu","tag-news","tag-otsikot","tag-paauutiset","tag-pohjanmaa","tag-sijoittaminen","tag-suomi","tag-top-stories","tag-topstories","tag-uutiset"],"share_on_mastodon":{"url":"https:\/\/pubeurope.com\/@fi\/117200066914365105","error":""},"_links":{"self":[{"href":"https:\/\/www.europesays.com\/fi\/wp-json\/wp\/v2\/posts\/339371","targetHints":{"allow":["GET"]}}],"collection":[{"href":"https:\/\/www.europesays.com\/fi\/wp-json\/wp\/v2\/posts"}],"about":[{"href":"https:\/\/www.europesays.com\/fi\/wp-json\/wp\/v2\/types\/post"}],"author":[{"embeddable":true,"href":"https:\/\/www.europesays.com\/fi\/wp-json\/wp\/v2\/users\/2"}],"replies":[{"embeddable":true,"href":"https:\/\/www.europesays.com\/fi\/wp-json\/wp\/v2\/comments?post=339371"}],"version-history":[{"count":0,"href":"https:\/\/www.europesays.com\/fi\/wp-json\/wp\/v2\/posts\/339371\/revisions"}],"wp:featuredmedia":[{"embeddable":true,"href":"https:\/\/www.europesays.com\/fi\/wp-json\/wp\/v2\/media\/339372"}],"wp:attachment":[{"href":"https:\/\/www.europesays.com\/fi\/wp-json\/wp\/v2\/media?parent=339371"}],"wp:term":[{"taxonomy":"category","embeddable":true,"href":"https:\/\/www.europesays.com\/fi\/wp-json\/wp\/v2\/categories?post=339371"},{"taxonomy":"post_tag","embeddable":true,"href":"https:\/\/www.europesays.com\/fi\/wp-json\/wp\/v2\/tags?post=339371"}],"curies":[{"name":"wp","href":"https:\/\/api.w.org\/{rel}","templated":true}]}}