{"id":339389,"date":"2026-09-02T07:03:16","date_gmt":"2026-09-02T07:03:16","guid":{"rendered":"https:\/\/www.europesays.com\/fi\/339389\/"},"modified":"2026-09-02T07:03:16","modified_gmt":"2026-09-02T07:03:16","slug":"flightradarissa-poikkeuksellinen-kuva-joensuun-ylla-tasta-oli-kyse","status":"publish","type":"post","link":"https:\/\/www.europesays.com\/fi\/339389\/","title":{"rendered":"Flightradarissa poikkeuksellinen kuva Joensuun yll\u00e4 \u2013 T\u00e4st\u00e4 oli kyse"},"content":{"rendered":"<p>Lento my\u00f6h\u00e4styi noin tunnin, Finnairilta kerrotaan.<\/p>\n<p><img decoding=\"async\" class=\"image image-show image-preview\" src=\"https:\/\/www.europesays.com\/fi\/wp-content\/uploads\/2026\/09\/a8059a5f214ec3a2784abd6a31c3411d593c8531d94cfb7144649e25308a49e5.png\" alt=\"\"\/><img decoding=\"async\" class=\"image image-show\" src=\"https:\/\/www.europesays.com\/fi\/wp-content\/uploads\/2026\/09\/1788332596_879_a8059a5f214ec3a2784abd6a31c3411d593c8531d94cfb7144649e25308a49e5.png\" alt=\"\"\/><\/p>\n<p>Keskiviikkoinen aamulento Helsingist\u00e4 Joensuuhun j\u00e4i py\u00f6rim\u00e4\u00e4n ympyr\u00e4\u00e4 lentokent\u00e4n l\u00e4heisyyteen. Kone laskeutui ennen yhdeks\u00e4\u00e4. Kuvakaappaus\/Flightradar24<\/p>\n<p class=\"paragraph\">Finnairin keskiviikkoinen aamulento Helsingist\u00e4 Joensuuhun my\u00f6h\u00e4styi noin tunnin verran.<\/p>\n<p class=\"paragraph\"><strong>Heidi Ruuhonen<\/strong> Finnairin viestinn\u00e4st\u00e4 kertoo, ett\u00e4 koneen laskeutuminen viiv\u00e4styi sumun takia.<\/p>\n<p class=\"paragraph\">Kone p\u00e4\u00e4si laskeutumaan kello 8.48, Finavian sivuilta selvi\u00e4\u00e4. Se l\u00e4hti matkaan kello 6.37.<\/p>\n<p class=\"paragraph\">Lentotietoja seuraavan Flightradar-sivuston reittitiedoista n\u00e4kyy, ett\u00e4 kone kiersi ympyr\u00e4\u00e4 Joensuun lentokent\u00e4n l\u00e4hist\u00f6ll\u00e4 ennen laskeutumistaan.<\/p>\n<p class=\"paragraph\">Koneessa oli 30 matkustajaa, Ruuhonen kertoo.<\/p>\n","protected":false},"excerpt":{"rendered":"Lento my\u00f6h\u00e4styi noin tunnin, Finnairilta kerrotaan. Keskiviikkoinen aamulento Helsingist\u00e4 Joensuuhun j\u00e4i py\u00f6rim\u00e4\u00e4n ympyr\u00e4\u00e4 lentokent\u00e4n l\u00e4heisyyteen. Kone laskeutui ennen&hellip;\n","protected":false},"author":2,"featured_media":339390,"comment_status":"","ping_status":"","sticky":false,"template":"","format":"standard","meta":{"footnotes":"","_share_on_mastodon":"0"},"categories":[12],"tags":[35,22,23,2110,26,27,33,31,30,17,24,25,2910,121,28,29,923,15,18,21,32,822,19,20,16],"class_list":["post-339389","post","type-post","status-publish","format-standard","has-post-thumbnail","category-suomi","tag-24h","tag-breaking-news","tag-breakingnews","tag-elamantapa-ja-vapaa-aika","tag-featured-news","tag-featurednews","tag-fi","tag-finland","tag-finnish","tag-headlines","tag-latest-news","tag-latestnews","tag-lentoliikenne-ilmaliikenne","tag-liikenne-ja-kuljetus","tag-main-news","tag-mainnews","tag-matkustaminen","tag-news","tag-otsikot","tag-paauutiset","tag-suomi","tag-teollisuustuotteet-ja-palvelut-sektori","tag-top-stories","tag-topstories","tag-uutiset"],"share_on_mastodon":{"url":"https:\/\/pubeurope.com\/@fi\/117200172639542188","error":""},"_links":{"self":[{"href":"https:\/\/www.europesays.com\/fi\/wp-json\/wp\/v2\/posts\/339389","targetHints":{"allow":["GET"]}}],"collection":[{"href":"https:\/\/www.europesays.com\/fi\/wp-json\/wp\/v2\/posts"}],"about":[{"href":"https:\/\/www.europesays.com\/fi\/wp-json\/wp\/v2\/types\/post"}],"author":[{"embeddable":true,"href":"https:\/\/www.europesays.com\/fi\/wp-json\/wp\/v2\/users\/2"}],"replies":[{"embeddable":true,"href":"https:\/\/www.europesays.com\/fi\/wp-json\/wp\/v2\/comments?post=339389"}],"version-history":[{"count":0,"href":"https:\/\/www.europesays.com\/fi\/wp-json\/wp\/v2\/posts\/339389\/revisions"}],"wp:featuredmedia":[{"embeddable":true,"href":"https:\/\/www.europesays.com\/fi\/wp-json\/wp\/v2\/media\/339390"}],"wp:attachment":[{"href":"https:\/\/www.europesays.com\/fi\/wp-json\/wp\/v2\/media?parent=339389"}],"wp:term":[{"taxonomy":"category","embeddable":true,"href":"https:\/\/www.europesays.com\/fi\/wp-json\/wp\/v2\/categories?post=339389"},{"taxonomy":"post_tag","embeddable":true,"href":"https:\/\/www.europesays.com\/fi\/wp-json\/wp\/v2\/tags?post=339389"}],"curies":[{"name":"wp","href":"https:\/\/api.w.org\/{rel}","templated":true}]}}