{"id":339403,"date":"2026-09-02T07:26:16","date_gmt":"2026-09-02T07:26:16","guid":{"rendered":"https:\/\/www.europesays.com\/fi\/339403\/"},"modified":"2026-09-02T07:26:16","modified_gmt":"2026-09-02T07:26:16","slug":"154-senttinen-katariina-kinnunen-on-miss-suomi-historian-lyhyin-missifinalisti","status":"publish","type":"post","link":"https:\/\/www.europesays.com\/fi\/339403\/","title":{"rendered":"154-senttinen Katariina Kinnunen on Miss Suomi -historian lyhyin missifinalisti"},"content":{"rendered":"<p>            Timo Korhonen\n        <\/p>\n<p class=\"subtitle \">Pohjoiskarjalainen kaunotar on kuin Suomen Eva Longoria.<\/p>\n<p class=\"article-content article-content-width !bg-background\">, 26, tekee lauantaina 5. syyskuuta melkoista historiaa Miss Suomi -finaalissa.<\/p>\n<p class=\"font-weight-bold m-font-weight-bold article-content article-content-width !bg-background\">Videolla Miss Suomi -kisojen ennakkosuosikki Aleksandra Hannusaari:<\/p>\n<p class=\"article-content article-content-width !bg-background\">154-senttisest\u00e4 Katariinasta tulee tulevana lauantaina kautta aikojen lyhyin Miss Suomen finalisti.<\/p>\n<p class=\"article-content article-content-width !bg-background\">\u2013 Kyll\u00e4 min\u00e4 itsekin tiedostan olevani melko lyhyt missiksi, Katariina tuumii Seiskalle.<\/p>\n<p class=\"article-content article-content-width !bg-background\">\u2013 Jos suomalaisiakin missej\u00e4 miettii, niin kyll\u00e4h\u00e4n he monesti ovat yli 165-senttisi\u00e4.<\/p>\n<p class=\"article-content article-content-width !bg-background\">Se oli my\u00f6s syy, miksei kuvankaunis Katariina ollut koskaan aiemmin hakenut Miss Suomi -kisoihin.<\/p>\n<p class=\"article-content article-content-width !bg-background\">\u2013 Vasta viime syksyn\u00e4 sain tiet\u00e4\u00e4, ett\u00e4 hitsi, eih\u00e4n siell\u00e4 mit\u00e4\u00e4n pituusrajaa olekaan! P\u00e4\u00e4tin hakea heti mukaan.<\/p>\n<p>        <a itemprop=\"url\" href=\"https:\/\/www.seiska.fi\/kotimaa\/yhdesta-missifinalistista-kohistaan-kulisseissa-onko-han-tuleva-miss-suomi\/2239052\" rel=\"nofollow noopener\" target=\"_blank\"><\/p>\n<p>\nOnko h\u00e4n tuleva Miss Suomi?\n<\/p>\n<p class=\"section-date\">\n        <strong class=\"article-section\" data-section=\"kotimaa\"><br \/>\n            kotimaa<br \/>\n        <\/strong><br \/>\n        20.8. 17:30\n    <\/p>\n<p>Yhdest\u00e4 missifinalistista kohistaan kulisseissa \u2013 onko h\u00e4n tuleva Miss Suomi?\n    <\/p>\n<p itemprop=\"description\" class=\"subtitle \">\n    Aleksandra Hannusaaresta huhutaan maamme kauneinta naista.\n<\/p>\n<p>        <\/a><\/p>\n<p>                <img decoding=\"async\" src=\"https:\/\/www.europesays.com\/fi\/wp-content\/uploads\/2026\/09\/2249347.webp\" width=\"576\" height=\"720\" alt=\"154-senttinen Katariina Kinnunen on Miss-Suomi -historian lyhyin missifinalisti.\" loading=\"lazy\" \/>            <\/p>\n<p>\n            154-senttinen Katariina Kinnunen on Miss-Suomi -historian lyhyin missifinalisti.<br \/>\n            Timo Korhonen\n        <\/p>\n<p>Erottautuu edukseen<\/p>\n<p class=\"article-content article-content-width !bg-background\">Katariina ei ole koskaan ollut ep\u00e4varma pituutensa vuoksi. P\u00e4invastoin, rempse\u00e4 Pohjois-Karjalan taskuraketti on k\u00e4\u00e4nt\u00e4nyt lyhyytens\u00e4 voimavarakseen.<\/p>\n<p class=\"article-content article-content-width !bg-background\">\u2013 Olen aina ollut sinut pituuteni suhteen. Minusta se on vain kiva juttu ja erottautumistekij\u00e4.<\/p>\n<p>\n            Vitsi s\u00e4 oot lyhyt, ootpa s\u00f6p\u00f6!\n            <\/p>\n<p class=\"article-content article-content-width !bg-background\">Kesti kuitenkin aikansa ymm\u00e4rt\u00e4\u00e4, ettei pituus rajoita h\u00e4nen el\u00e4m\u00e4\u00e4ns\u00e4 mitenk\u00e4\u00e4n \u2013 esimerkiksi kauneuskilpailuiden suhteen.<\/p>\n<p class=\"article-content article-content-width !bg-background\">\u2013 Ennen ajattelin, ett\u00e4 joo, kiva, tykk\u00e4\u00e4n itsest\u00e4ni, mutten voisi olla missi. Nyt olen tajunnut, ett\u00e4 kyll\u00e4p\u00e4s voinkin!<\/p>\n<p>        <a itemprop=\"url\" href=\"https:\/\/www.seiska.fi\/urheilu\/seiska-paljastaa-miss-suomi-finalisti-ja-leijonien-nhl-miljonaari-yllattava-yhteys\/2244545\" rel=\"nofollow noopener\" target=\"_blank\"><\/p>\n<p>\nMiss Suomi -finalisti Henniina\n<\/p>\n<p class=\"section-date\">\n        <strong class=\"article-section\" data-section=\"urheilu\"><br \/>\n            urheilu<br \/>\n        <\/strong><br \/>\n        26.8. 18:00\n    <\/p>\n<p>Seiska paljastaa! Miss Suomi -finalisti ja Leijonien NHL-miljon\u00e4\u00e4ri: Yll\u00e4tt\u00e4v\u00e4 yhteys\n    <\/p>\n<p itemprop=\"description\" class=\"subtitle \">\n    \u2013 Kyll\u00e4 se pit\u00e4\u00e4 paikkansa, Henniina M\u00e4\u00e4tt\u00e4 tunnustaa Seiskalle.\n<\/p>\n<p>        <\/a><\/p>\n<p>                <img decoding=\"async\" src=\"https:\/\/www.europesays.com\/fi\/wp-content\/uploads\/2026\/09\/2249349.webp\" width=\"576\" height=\"639\" alt=\"\u2013 Itseluottamukseni kumpuaa varmasti Pohjois-Karjalasta, Katariina ilmoittaa.\" loading=\"lazy\" \/>            <\/p>\n<p>\n            \u2013 Itseluottamukseni kumpuaa varmasti Pohjois-Karjalasta, Katariina ilmoittaa.<br \/>\n            Eetu Ampuja\n        <\/p>\n<p>Uskomaton tasku-Venus<\/p>\n<p class=\"article-content article-content-width !bg-background\">Erottautumistekij\u00e4st\u00e4 puheen ollen: Katariina kertoo saaneensa kuulla ulkon\u00e4\u00f6st\u00e4\u00e4n, joka on kuin tasku-Venuksella konsanaan.<\/p>\n<p class=\"article-content article-content-width !bg-background\">\u2013 Hauska termi tuo tasku-Venus! Se on minulle ok, iloinen Katariina kuittaa.<\/p>\n<p>\n            Hauska termi tuo tasku-Venus! Se on minulle ok.\n            <\/p>\n<p class=\"article-content article-content-width !bg-background\">\u2013 Opiskeluaikoina tuli k\u00e4yty\u00e4 aika paljonkin bilett\u00e4m\u00e4ss\u00e4. Olin silloin aika vakiokasvo Joensuun y\u00f6ss\u00e4, h\u00e4n nauraa.<\/p>\n<p class=\"article-content article-content-width !bg-background\">\u2013 Silloin sai aika usein kuulla sellaista, ett\u00e4 \u201dvitsi s\u00e4 oot lyhyt\u201d mutta my\u00f6s \u201dootpa s\u00f6p\u00f6\u201d tai jotain muuta vastaavaa.<\/p>\n<p>        <a itemprop=\"url\" href=\"https:\/\/www.seiska.fi\/kotimaa\/jesse-puljujarven-pikkuserkku-iida-26-matkalla-missiksi-suomen-kaunein-sairaanhoitaja\/2238878\" rel=\"nofollow noopener\" target=\"_blank\"><\/p>\n<p>\nMissifinalisti Iida Puljuj\u00e4rvi\n<\/p>\n<p class=\"section-date\">\n        <strong class=\"article-section\" data-section=\"kotimaa\"><br \/>\n            kotimaa<br \/>\n        <\/strong><br \/>\n        20.8. 08:00\n    <\/p>\n<p>Jesse Puljuj\u00e4rven pikkuserkku Iida, 26, matkalla missiksi \u2013 Suomen kaunein sairaanhoitaja?\n    <\/p>\n<p itemprop=\"description\" class=\"subtitle \">\n    \u2013 Kyll\u00e4 min\u00e4kin pid\u00e4n itse\u00e4ni vieh\u00e4tt\u00e4v\u00e4n\u00e4 naisena, itsevarma Iida kuittaa.\n<\/p>\n<p>        <\/a><\/p>\n<p>Huonoja uutisia halukkaille<\/p>\n<p class=\"article-content article-content-width !bg-background\">En\u00e4\u00e4 Katariinaa ei y\u00f6ss\u00e4 n\u00e4y. Pohjois-Karjalan Kiteell\u00e4 kasvanut ja Joensuussa opiskellut taskuraketti asuu nyky\u00e4\u00e4n Helsingiss\u00e4.<\/p>\n<p class=\"article-content article-content-width !bg-background\">\u2013 Olen nyt vuoden verran asunut Helsingiss\u00e4. En viel\u00e4 tunne t\u00e4\u00e4lt\u00e4 niin paljon porukkaa, niin ulkonakin on tullut k\u00e4yty\u00e4 v\u00e4hemm\u00e4n.<\/p>\n<p class=\"article-content article-content-width !bg-background\">Eik\u00e4 innokkaiden kannatta edes l\u00e4hesty\u00e4 kaunotarta romanssimieless\u00e4, sill\u00e4:<\/p>\n<p class=\"article-content article-content-width !bg-background\">\u2013 Juu, parisuhteessa ollaan.<\/p>\n<p>        <a itemprop=\"url\" href=\"https:\/\/www.seiska.fi\/kotimaa\/elina-gustafssoniin-yhdistetyn-tiia-aallon-jattiyllatys-muuttaa-yhteen-mallin-kanssa\/2238224\" rel=\"nofollow noopener\" target=\"_blank\"><\/p>\n<p>\nElina Gustafssoniin yhdistetty Tiia Aalto\n<\/p>\n<p class=\"section-date\">\n        <strong class=\"article-section\" data-section=\"kotimaa\"><br \/>\n            kotimaa<br \/>\n        <\/strong><br \/>\n        19.8. 17:00\n    <\/p>\n<p>Elina Gustafssoniin yhdistetyn Tiia Aallon j\u00e4ttiyll\u00e4tys: Muuttaa yhteen mallin kanssa!\n    <\/p>\n<p itemprop=\"description\" class=\"subtitle \">\n    Missi ly\u00f6 hynttyyt yhteen melkoisen kaunottaren kanssa.\n<\/p>\n<p>        <\/a><\/p>\n<p>                <img decoding=\"async\" src=\"https:\/\/www.europesays.com\/fi\/wp-content\/uploads\/2026\/09\/2249351.webp\" width=\"576\" height=\"639\" alt=\"\u2013 Minun on turha feikata mit\u00e4\u00e4n hillitty\u00e4 ja asiallista. Antaa menn\u00e4 vaan, rempse\u00e4 Katariina julistaa.\" loading=\"lazy\" \/>            <\/p>\n<p>\n            \u2013 Minun on turha feikata mit\u00e4\u00e4n hillitty\u00e4 ja asiallista. Antaa menn\u00e4 vaan, rempse\u00e4 Katariina julistaa.<br \/>\n            Eetu Ampuja\n        <\/p>\n<p>Pisti pystyyn oman firman<\/p>\n<p class=\"article-content article-content-width !bg-background\">Viime kev\u00e4\u00e4n\u00e4 kauppatieteiden maisteriksi valmistunut Katariina ty\u00f6skentelee nyky\u00e4\u00e4n yritt\u00e4j\u00e4n\u00e4.<\/p>\n<p>\n            Niin, ja Kitee sanotaan sitten kolmella T-kirjaimella: Kitttee.\n            <\/p>\n<p class=\"article-content article-content-width !bg-background\">\u2013 Mietin, ett\u00e4 mit\u00e4s hitsi\u00e4 sit\u00e4 el\u00e4m\u00e4ll\u00e4\u00e4n oikein tekisi. En halunnut menn\u00e4 mihink\u00e4\u00e4n perustoimistoduuniin, joten perustin oman yritykseni.<\/p>\n<p class=\"article-content article-content-width !bg-background\">\u2013 Olen tehnyt eri firmoilla sosiaalista mediaa, mutta my\u00f6s omaa someani ja erilaisia juontokeikkoja. N\u00e4ytellytkin v\u00e4h\u00e4n, se kiinnostaa paljon.<\/p>\n<p>        <a itemprop=\"url\" href=\"https:\/\/www.seiska.fi\/vain-seiskassa\/missifinalisti-iski-silmansa-matias-petaistoon-hammentava-hetki-hotellissa\/2237349\" rel=\"nofollow noopener\" target=\"_blank\"><\/p>\n<p>\nMiss Suomi -finalisti Rebekka\n<\/p>\n<p class=\"section-date\">\n        <strong class=\"article-section\" data-section=\"vain seiskassa\"><br \/>\n            vain seiskassa<br \/>\n        <\/strong><br \/>\n        18.8. 18:00\n    <\/p>\n<p>Missifinalisti iski silm\u00e4ns\u00e4 Matias Pet\u00e4ist\u00f6\u00f6n: H\u00e4mment\u00e4v\u00e4 hetki hotellissa!\n    <\/p>\n<p itemprop=\"description\" class=\"subtitle \">\n    Miss Suomi 2026 -finalisti ei ep\u00e4r\u00f6inyt, aikaillut eik\u00e4 varsinkaan ujostellut.\n<\/p>\n<p>        <\/a><\/p>\n<p>Kaipaa kotiinsa Kiteelle<\/p>\n<p class=\"article-content article-content-width !bg-background\">Mit\u00e4\u00e4n helsinkil\u00e4ist\u00e4 diivaa n\u00e4ytt\u00e4v\u00e4st\u00e4 Katariinasta ei saa. Kotiseudustaan ylpe\u00e4 missi puhuu paksulla pohjoiskarjalan murteella.<\/p>\n<p class=\"article-content article-content-width !bg-background\">\u2013 Niin, ja se Kitee sanotaan sitten kolmella T-kirjaimella: Kitttee.<\/p>\n<p class=\"article-content article-content-width !bg-background\">T\u00e4ll\u00e4 hetkell\u00e4 T\u00f6\u00f6l\u00f6ss\u00e4 asusteleva Katariina kaipaa Kiteet\u00e4, sen maaseudun rauhaa ja arjen mutkattomuutta.<\/p>\n<p class=\"article-content article-content-width !bg-background\">\u2013 Aina kun sinne menee, niin osaa arvostaa ihan eri tavalla sit\u00e4 rauhaa. Ei kuulu ratikan \u00e4\u00e4net niin kuin T\u00f6\u00f6l\u00f6ss\u00e4.<\/p>\n<p>        <a itemprop=\"url\" href=\"https:\/\/www.seiska.fi\/kotimaa\/miss-suomi-finalisti-iida-puljujarvella-tatuointi-intiimissa-paikassa\/2248482\" rel=\"nofollow noopener\" target=\"_blank\"><\/p>\n<p>\nMissifinalisti Iida Puljuj\u00e4rvi\n<\/p>\n<p class=\"section-date\">\n        <strong class=\"article-section\" data-section=\"kotimaa\"><br \/>\n            kotimaa<br \/>\n        <\/strong><br \/>\n        31.8. 12:20\n    <\/p>\n<p>Miss Suomi -finalisti Iida Puljuj\u00e4rvell\u00e4 tatuointi intiimiss\u00e4 paikassa\n    <\/p>\n<p itemprop=\"description\" class=\"subtitle \">\n    Turkulainen Iida Puljuj\u00e4rvi ei ujostele.\n<\/p>\n<p>        <\/a><\/p>\n<p>        Tapasi musiikkipioneerin<\/p>\n<p>Katariina Kinnunen on kotoisin Kiteelt\u00e4, joka tunnetaan todellisena pes\u00e4pallopit\u00e4j\u00e4n\u00e4 sek\u00e4 Nightwishin kotipaikkanakuntana.<\/p>\n<p>\u2013 En ole mik\u00e4\u00e4n Nightwishin superfani, mutta  on tullut kylill\u00e4 vastaan, Katariina kertoo.<\/p>\n<p>\u2013 Joskus olen pikkutytt\u00f6n\u00e4 saanut h\u00e4nelt\u00e4 nimmarinkin.<\/p>\n<p>Sinfoninen metallimusiikki ei siis nappaa, muttei my\u00f6sk\u00e4\u00e4n pes\u00e4pallo.<\/p>\n<p>\u2013 En ole ikin\u00e4 edes pelannut pesist\u00e4, Kinnunen tunnustaa puna poskillaan.<\/p>\n<p>\u2013 Mutta ukki ja \u00e4iti seuraavat tosi intohimoisesti pesist\u00e4. Itse olen kova penkkiurheilija ja harrastanut aiemmin tanssia sek\u00e4 klassista pianoa.<\/p>\n","protected":false},"excerpt":{"rendered":"Timo Korhonen Pohjoiskarjalainen kaunotar on kuin Suomen Eva Longoria. , 26, tekee lauantaina 5. syyskuuta melkoista historiaa Miss&hellip;\n","protected":false},"author":2,"featured_media":339404,"comment_status":"","ping_status":"","sticky":false,"template":"","format":"standard","meta":{"footnotes":"","_share_on_mastodon":"0"},"categories":[130],"tags":[137,33,31,30,1133,41895,2682,1009,3458,41136,14826,41180,14825,4630,9984,2724,32,17236,109,4461],"class_list":["post-339403","post","type-post","status-publish","format-standard","has-post-thumbnail","category-viihde","tag-entertainment","tag-fi","tag-finland","tag-finnish","tag-joensuu","tag-katariina-kinnunen","tag-kauneus","tag-kitee","tag-miss-suomi","tag-miss-suomi-2026","tag-missi","tag-missifinalisti","tag-missikaunotar","tag-missikisat","tag-nightwish","tag-pesapallo","tag-suomi","tag-tuomas-holopainen","tag-viihde","tag-yrittaja"],"share_on_mastodon":{"url":"https:\/\/pubeurope.com\/@fi\/117200262905102070","error":""},"_links":{"self":[{"href":"https:\/\/www.europesays.com\/fi\/wp-json\/wp\/v2\/posts\/339403","targetHints":{"allow":["GET"]}}],"collection":[{"href":"https:\/\/www.europesays.com\/fi\/wp-json\/wp\/v2\/posts"}],"about":[{"href":"https:\/\/www.europesays.com\/fi\/wp-json\/wp\/v2\/types\/post"}],"author":[{"embeddable":true,"href":"https:\/\/www.europesays.com\/fi\/wp-json\/wp\/v2\/users\/2"}],"replies":[{"embeddable":true,"href":"https:\/\/www.europesays.com\/fi\/wp-json\/wp\/v2\/comments?post=339403"}],"version-history":[{"count":0,"href":"https:\/\/www.europesays.com\/fi\/wp-json\/wp\/v2\/posts\/339403\/revisions"}],"wp:featuredmedia":[{"embeddable":true,"href":"https:\/\/www.europesays.com\/fi\/wp-json\/wp\/v2\/media\/339404"}],"wp:attachment":[{"href":"https:\/\/www.europesays.com\/fi\/wp-json\/wp\/v2\/media?parent=339403"}],"wp:term":[{"taxonomy":"category","embeddable":true,"href":"https:\/\/www.europesays.com\/fi\/wp-json\/wp\/v2\/categories?post=339403"},{"taxonomy":"post_tag","embeddable":true,"href":"https:\/\/www.europesays.com\/fi\/wp-json\/wp\/v2\/tags?post=339403"}],"curies":[{"name":"wp","href":"https:\/\/api.w.org\/{rel}","templated":true}]}}