{"id":339421,"date":"2026-09-02T07:52:09","date_gmt":"2026-09-02T07:52:09","guid":{"rendered":"https:\/\/www.europesays.com\/fi\/339421\/"},"modified":"2026-09-02T07:52:09","modified_gmt":"2026-09-02T07:52:09","slug":"eeva-hanna-brotherus-sai-yllattavan-diagnoosin","status":"publish","type":"post","link":"https:\/\/www.europesays.com\/fi\/339421\/","title":{"rendered":"Eeva: Hanna Brotherus sai yll\u00e4tt\u00e4v\u00e4n diagnoosin"},"content":{"rendered":"<p>            Atte Kajova\n        <\/p>\n<p class=\"subtitle \">Hanna kertoo olleensa aina l\u00e4\u00e4kevastainen. Lopulta h\u00e4nen oli kuitenkin otettava apu vastaan.<\/p>\n<p class=\"article-content article-content-width !bg-background\">Koreografinakin tunnetun  uusin romaani Paitsi rakkaus (Gummerus) ilmestyy keskiviikkona 2. syyskuuta kauppojen hyllyille.\u00a0<\/p>\n<p class=\"font-weight-bold m-font-weight-bold article-content article-content-width !bg-background\">Videolla kerrotaan Hanna Brotheruksen ja Mikko Kuustosen erov\u00e4\u00e4nn\u00f6st\u00e4:<\/p>\n<p class=\"article-content article-content-width !bg-background\">Teos kertoo tanssijasta, joka kamppailee sy\u00f6mish\u00e4iri\u00f6n sek\u00e4 vaikeiden miessuhteiden kanssa. Teemat ovat tuttuja Hannan omasta el\u00e4m\u00e4st\u00e4. H\u00e4n on kertonut avoimesti omasta sy\u00f6mish\u00e4iri\u00f6st\u00e4\u00e4n, jonka l\u00e4sn\u00e4oloon havahtui vasta keski-i\u00e4ss\u00e4.<\/p>\n<p class=\"article-content article-content-width !bg-background\">Yht\u00e4l\u00e4isyyksist\u00e4 huolimatta nyt p\u00e4iv\u00e4nvalon n\u00e4kev\u00e4 teos on fiktiivinen, <a href=\"https:\/\/www.eeva.fi\/jutut\/hanna-brotherus-diagnoosi\" target=\"_blank\" rel=\"nofollow noopener\">Hanna toteaa Eeva-lehden haastattelussa<\/a>.\u00a0<\/p>\n<p>Yll\u00e4tysdiagnoosi<\/p>\n<p class=\"article-content article-content-width !bg-background\">Hanna aloitti kirjoittamaan romaania kolmisen vuotta sitten h\u00e4nen ja  avioeron j\u00e4lkimainingeissa. Viime syksyn\u00e4 urakka oli lopuillaan, kun Hanna havahtui siihen, ettei voinut hyvin. Etenkin iltaisin ahdistus nosti p\u00e4\u00e4t\u00e4\u00e4n, Eevassa kerrotaan.\u00a0<\/p>\n<p>        <a itemprop=\"url\" href=\"https:\/\/www.seiska.fi\/katso\/muistatko-talta-naytti-johannes-brotherus-uransa-alussa\/2199635\" rel=\"nofollow noopener\" target=\"_blank\"><\/p>\n<p>\nUran yll\u00e4tt\u00e4v\u00e4 alku\n<\/p>\n<p class=\"section-date\">\n        <strong class=\"article-section\" data-section=\"katso\"><br \/>\n            katso<br \/>\n        <\/strong><br \/>\n        6.7. 11:15\n    <\/p>\n<p>Muistatko? T\u00e4lt\u00e4 n\u00e4ytti Johannes Brotherus uransa alussa\n    <\/p>\n<p itemprop=\"description\" class=\"subtitle \">\n    Johannes Brotherus pompsahti julkisuuteen yll\u00e4tt\u00e4v\u00e4lt\u00e4 alalta.\n<\/p>\n<p>        <\/a><\/p>\n<p>                <img decoding=\"async\" src=\"https:\/\/www.europesays.com\/fi\/wp-content\/uploads\/2026\/09\/2250952.webp\" width=\"576\" height=\"720\" alt=\"Hanna ja Mikko ehtiv\u00e4t pit\u00e4\u00e4 yht\u00e4 noin kymmenen vuotta, Naimisiin he meniv\u00e4t vuonna 2018. Ero astui voimaan kes\u00e4ll\u00e4 2024. Arkistokuva.\" loading=\"lazy\" \/>            <\/p>\n<p>\n            Hanna ja Mikko ehtiv\u00e4t pit\u00e4\u00e4 yht\u00e4 noin kymmenen vuotta, Naimisiin he meniv\u00e4t vuonna 2018. Ero astui voimaan kes\u00e4ll\u00e4 2024. Arkistokuva.<br \/>\n            Timo Korhonen\n        <\/p>\n<p class=\"article-content article-content-width !bg-background\">Hanna tunsi olonsa sairaaksi. L\u00e4\u00e4k\u00e4riss\u00e4 kuitenkin todettiin kaiken olevan kunnossa yht\u00e4 asiaa lukuunottamatta: masennustestin mukaan Hanna oli selv\u00e4sti masentunut.\u00a0<\/p>\n<p class=\"article-content article-content-width !bg-background\">\u2013 En halunnut uskoa sit\u00e4. Olen aina ollut l\u00e4\u00e4kevastainen, synnytin lapsenikin ilman l\u00e4\u00e4kkeit\u00e4, ja nyt t\u00e4llainen diagnoosi ja mielialal\u00e4\u00e4keresepti, Hanna kuvailee lehdess\u00e4.\u00a0<\/p>\n<p>        <a itemprop=\"url\" href=\"https:\/\/www.seiska.fi\/kotimaa\/il-mikko-kuustonen-kohtasi-suuren-surun\/2242361\" rel=\"nofollow noopener\" target=\"_blank\"><\/p>\n<p>\nMikko Kuustonen IL:lle:\n<\/p>\n<p class=\"section-date\">\n        <strong class=\"article-section\" data-section=\"kotimaa\"><br \/>\n            kotimaa<br \/>\n        <\/strong><br \/>\n        24.8. 09:00\n    <\/p>\n<p>IL: Mikko Kuustonen kohtasi suuren surun\n    <\/p>\n<p itemprop=\"description\" class=\"subtitle \">\n    Mikko Kuustonen seurasi l\u00e4heisens\u00e4 sairautta l\u00e4hiet\u00e4isyydelt\u00e4.\n<\/p>\n<p>        <\/a><\/p>\n<p class=\"article-content article-content-width !bg-background\">J\u00e4rkytyksest\u00e4 huolimatta Hanna ymm\u00e4rsi tarvitsevansa apua. H\u00e4n otti reseptin vastaan ja s\u00f6ikin mielialal\u00e4\u00e4kkeit\u00e4 muutaman kuukauden. Nyky\u00e4\u00e4n h\u00e4n ei niit\u00e4 kuitenkaan en\u00e4\u00e4 ota, sill\u00e4 l\u00e4\u00e4kkeiden tunteita laimentava vaikutus ei ollut Hannan mieleen.<\/p>\n<p class=\"article-content article-content-width !bg-background\">\u2013\u00a0 Huomasin, etten ollut muutamaan kuukauteen nauranut tai itkenyt. En halunnut el\u00e4\u00e4 niin, Hanna toteaa Eevassa.\u00a0<\/p>\n","protected":false},"excerpt":{"rendered":"Atte Kajova Hanna kertoo olleensa aina l\u00e4\u00e4kevastainen. Lopulta h\u00e4nen oli kuitenkin otettava apu vastaan. Koreografinakin tunnetun uusin romaani&hellip;\n","protected":false},"author":2,"featured_media":339422,"comment_status":"","ping_status":"","sticky":false,"template":"","format":"standard","meta":{"footnotes":"","_share_on_mastodon":"0"},"categories":[130],"tags":[137,1664,33,31,30,5138,5140,386,3893,32,7594,167,109],"class_list":["post-339421","post","type-post","status-publish","format-standard","has-post-thumbnail","category-viihde","tag-entertainment","tag-ero","tag-fi","tag-finland","tag-finnish","tag-hanna-brotherus","tag-mikko-kuustonen","tag-romaani","tag-sairaus","tag-suomi","tag-syomishairio","tag-terveys","tag-viihde"],"share_on_mastodon":{"url":"https:\/\/pubeurope.com\/@fi\/117200365409379071","error":""},"_links":{"self":[{"href":"https:\/\/www.europesays.com\/fi\/wp-json\/wp\/v2\/posts\/339421","targetHints":{"allow":["GET"]}}],"collection":[{"href":"https:\/\/www.europesays.com\/fi\/wp-json\/wp\/v2\/posts"}],"about":[{"href":"https:\/\/www.europesays.com\/fi\/wp-json\/wp\/v2\/types\/post"}],"author":[{"embeddable":true,"href":"https:\/\/www.europesays.com\/fi\/wp-json\/wp\/v2\/users\/2"}],"replies":[{"embeddable":true,"href":"https:\/\/www.europesays.com\/fi\/wp-json\/wp\/v2\/comments?post=339421"}],"version-history":[{"count":0,"href":"https:\/\/www.europesays.com\/fi\/wp-json\/wp\/v2\/posts\/339421\/revisions"}],"wp:featuredmedia":[{"embeddable":true,"href":"https:\/\/www.europesays.com\/fi\/wp-json\/wp\/v2\/media\/339422"}],"wp:attachment":[{"href":"https:\/\/www.europesays.com\/fi\/wp-json\/wp\/v2\/media?parent=339421"}],"wp:term":[{"taxonomy":"category","embeddable":true,"href":"https:\/\/www.europesays.com\/fi\/wp-json\/wp\/v2\/categories?post=339421"},{"taxonomy":"post_tag","embeddable":true,"href":"https:\/\/www.europesays.com\/fi\/wp-json\/wp\/v2\/tags?post=339421"}],"curies":[{"name":"wp","href":"https:\/\/api.w.org\/{rel}","templated":true}]}}