{"id":339437,"date":"2026-09-02T08:20:11","date_gmt":"2026-09-02T08:20:11","guid":{"rendered":"https:\/\/www.europesays.com\/fi\/339437\/"},"modified":"2026-09-02T08:20:11","modified_gmt":"2026-09-02T08:20:11","slug":"kauhupioneeri-victor-miller-on-kuollut-kasikirjoitti-yhden-ikonisimmista-elokuvista","status":"publish","type":"post","link":"https:\/\/www.europesays.com\/fi\/339437\/","title":{"rendered":"Kauhupioneeri Victor Miller on kuollut \u2013 k\u00e4sikirjoitti yhden ikonisimmista elokuvista"},"content":{"rendered":"<p class=\"wp-block-paragraph\"><strong>Victor Miller <\/strong>on kuollut 86-vuotiaana. Miller tunnetaan erityisesti vuonna 1980 ensi-iltansa saaneen Perjantai 13. p\u00e4iv\u00e4 -elokuvan k\u00e4sikirjoittajana.<\/p>\n<p class=\"wp-block-paragraph\">Millerin k\u00e4sikirjoitus muutti koko kauhugenre\u00e4. Kes\u00e4leirit eiv\u00e4t olleet mik\u00e4\u00e4n klisee ennen Pamela ja Jason Voorheesia. Pian ensimm\u00e4isen Jason-leffan j\u00e4lkeen syntyi kuitenkin varsinainen buumi kes\u00e4leirikauhua.<\/p>\n<p>Lue my\u00f6s: <a href=\"https:\/\/www.episodi.fi\/uutiset\/marty-nadler-80-on-kuollut-muistetaan-onnen-paivista-ja-yhteistoista-garry-marshallin-kanssa\/\" title=\"Marty Nadler, 80, on kuollut \u2013\u00a0Muistetaan Onnen p\u00e4ivist\u00e4 ja yhteist\u00f6ist\u00e4 Garry Marshallin kanssa\" class=\"underline-custom !font-heading !font-bold !underline-offset-4 !decoration-4 !decoration-accent !text-md\" rel=\"nofollow noopener\" target=\"_blank\">Marty Nadler, 80, on kuollut \u2013\u00a0Muistetaan Onnen p\u00e4ivist\u00e4 ja yhteist\u00f6ist\u00e4 Garry Marshallin kanssa<\/a><\/p>\n<p>Lue my\u00f6s: <a href=\"https:\/\/www.episodi.fi\/uutiset\/optimus-prime-on-kuollut-lepaa-rauhassa-peter-cullen\/\" title=\"Optimus Prime on kuollut \u2013 lep\u00e4\u00e4 rauhassa, Peter Cullen\" class=\"underline-custom !font-heading !font-bold !underline-offset-4 !decoration-4 !decoration-accent !text-md\" rel=\"nofollow noopener\" target=\"_blank\">Optimus Prime on kuollut \u2013 lep\u00e4\u00e4 rauhassa, Peter Cullen<\/a><\/p>\n<p class=\"wp-block-paragraph\">Perjantai 13. p\u00e4iv\u00e4n j\u00e4lkeen Miller siirtyi televisioon. H\u00e4n k\u00e4sikirjoitti muun muassa All My Children-, One Life to Live-, Another World-, Unelmien pelikentt\u00e4- ja General Hospital -sarjoja.<\/p>\n<p class=\"wp-block-paragraph\">Miller voitti kolme Emmaa All My Children -sarjan k\u00e4sikirjoituksista.<\/p>\n<p class=\"wp-block-paragraph\">Lep\u00e4\u00e4 rauhassa, Victor.<\/p>\n","protected":false},"excerpt":{"rendered":"Victor Miller on kuollut 86-vuotiaana. Miller tunnetaan erityisesti vuonna 1980 ensi-iltansa saaneen Perjantai 13. p\u00e4iv\u00e4 -elokuvan k\u00e4sikirjoittajana. Millerin&hellip;\n","protected":false},"author":2,"featured_media":339438,"comment_status":"","ping_status":"","sticky":false,"template":"","format":"standard","meta":{"footnotes":"","_share_on_mastodon":"0"},"categories":[130],"tags":[137,33,31,30,4244,32,41896,109],"class_list":["post-339437","post","type-post","status-publish","format-standard","has-post-thumbnail","category-viihde","tag-entertainment","tag-fi","tag-finland","tag-finnish","tag-in-memoriam","tag-suomi","tag-victor-miller","tag-viihde"],"share_on_mastodon":{"url":"https:\/\/pubeurope.com\/@fi\/117200475102116369","error":""},"_links":{"self":[{"href":"https:\/\/www.europesays.com\/fi\/wp-json\/wp\/v2\/posts\/339437","targetHints":{"allow":["GET"]}}],"collection":[{"href":"https:\/\/www.europesays.com\/fi\/wp-json\/wp\/v2\/posts"}],"about":[{"href":"https:\/\/www.europesays.com\/fi\/wp-json\/wp\/v2\/types\/post"}],"author":[{"embeddable":true,"href":"https:\/\/www.europesays.com\/fi\/wp-json\/wp\/v2\/users\/2"}],"replies":[{"embeddable":true,"href":"https:\/\/www.europesays.com\/fi\/wp-json\/wp\/v2\/comments?post=339437"}],"version-history":[{"count":0,"href":"https:\/\/www.europesays.com\/fi\/wp-json\/wp\/v2\/posts\/339437\/revisions"}],"wp:featuredmedia":[{"embeddable":true,"href":"https:\/\/www.europesays.com\/fi\/wp-json\/wp\/v2\/media\/339438"}],"wp:attachment":[{"href":"https:\/\/www.europesays.com\/fi\/wp-json\/wp\/v2\/media?parent=339437"}],"wp:term":[{"taxonomy":"category","embeddable":true,"href":"https:\/\/www.europesays.com\/fi\/wp-json\/wp\/v2\/categories?post=339437"},{"taxonomy":"post_tag","embeddable":true,"href":"https:\/\/www.europesays.com\/fi\/wp-json\/wp\/v2\/tags?post=339437"}],"curies":[{"name":"wp","href":"https:\/\/api.w.org\/{rel}","templated":true}]}}