{"id":339441,"date":"2026-09-02T08:24:16","date_gmt":"2026-09-02T08:24:16","guid":{"rendered":"https:\/\/www.europesays.com\/fi\/339441\/"},"modified":"2026-09-02T08:24:16","modified_gmt":"2026-09-02T08:24:16","slug":"thaimaa-puolittaa-suomalaisten-viisumivapaan-oleskelun-maassa-uutisia-lyhyesti","status":"publish","type":"post","link":"https:\/\/www.europesays.com\/fi\/339441\/","title":{"rendered":"Thaimaa puolittaa suomalaisten viisumivapaan oleskelun maassa | Uutisia lyhyesti"},"content":{"rendered":"<p class=\"aw__sc-1qwuw0s-0 aw__sc-1vg2sqm-0 epAWpq ecELkD yle__article__paragraph\">Jatkossa suomalaiset turistit voivat oleskella maassa 30 p\u00e4iv\u00e4\u00e4 ilman viisumia aiemman 60 p\u00e4iv\u00e4n sijaan.<\/p>\n<p><img decoding=\"async\" alt=\"Thaimaalainen j\u00e4ttil\u00e4isvartijan Yakshan patsas lentokent\u00e4n l\u00e4ht\u00f6aulassa.\" src=\"https:\/\/www.europesays.com\/fi\/wp-content\/uploads\/2026\/09\/1782710297.jpeg\" class=\"aw__sc-dklauk-0 LPzKX\"\/><\/p>\n<p>Avaa kuvien katselu<\/p>\n<p>Uusi muutos astuu voimaan 15. syyskuuta. Matkustajia kansainv\u00e4lisell\u00e4 Suvarnabhumin lentoasemalla Bangkokissa kes\u00e4kuussa. Kuva: Rungroj Jongrit \/ EPA<\/p>\n<p class=\"aw__sc-1qwuw0s-0 aw__sc-ngllmo-0 epAWpq fzYpjk yle__article__paragraph\">Thaimaa on p\u00e4\u00e4tt\u00e4nyt uudistaa viisumik\u00e4yt\u00e4nt\u00f6j\u00e4\u00e4n. Thaimaan ulkoministeri\u00f6n alainen konsuliasioiden osasto kertoo asiasta <a class=\"aw__sc-ngllmo-1 bTDnwX yle__article__link\" href=\"https:\/\/consular.mfa.go.th\/th\/content\/1-9-69-00?cate=5ddbe42115e39c4768007e1d\" role=\"link\" rel=\"nofollow noopener\" target=\"_blank\">sivuillaan<\/a>.<\/p>\n<p class=\"aw__sc-1qwuw0s-0 aw__sc-ngllmo-0 epAWpq fzYpjk yle__article__paragraph\">Jatkossa viisumivapaa oleskelu maassa puolitetaan 60 p\u00e4iv\u00e4st\u00e4 30 p\u00e4iv\u00e4\u00e4n. Muutos koskee useita Euroopan unionin maita, mukaan lukien Suomea.<\/p>\n<p class=\"aw__sc-1qwuw0s-0 aw__sc-ngllmo-0 epAWpq fzYpjk yle__article__paragraph\">Vuodesta 2024 l\u00e4htien suomalaiset turistit ovat voineet oleskella Thaimaassa 60 p\u00e4iv\u00e4\u00e4 ilman viisumia.<\/p>\n<p class=\"aw__sc-1qwuw0s-0 aw__sc-ngllmo-0 epAWpq fzYpjk yle__article__paragraph\">Uusi muutos astuu voimaan 15. syyskuuta.<\/p>\n<p class=\"aw__sc-1qwuw0s-0 aw__sc-ngllmo-0 epAWpq fzYpjk yle__article__paragraph\">Tulevasta muutoksesta uutisoi aiemmin toukokuussa muun muassa uutistoimisto <a class=\"aw__sc-ngllmo-1 bTDnwX yle__article__link\" href=\"https:\/\/www.reuters.com\/world\/asia-pacific\/thailand-cut-visa-free-stay-30-days-tourists-93-countries-2026-05-13\/\" role=\"link\" rel=\"nofollow noopener\" target=\"_blank\">Reuters<\/a>. Thaimaan ulkoministeri <strong class=\"aw__sc-ngllmo-2 gdRrun yle__article__strong\">Sihasak Phuangketkaeow<\/strong> perusteli muutosta tuolloin sill\u00e4, ett\u00e4 se ehk\u00e4isisi rikollista toimintaa maassa.<\/p>\n<p class=\"aw__sc-1qwuw0s-0 aw__sc-ngllmo-0 epAWpq fzYpjk yle__article__paragraph\">Thaimaa on yksi maailman suosituimmista matkailukohteista.<\/p>\n","protected":false},"excerpt":{"rendered":"Jatkossa suomalaiset turistit voivat oleskella maassa 30 p\u00e4iv\u00e4\u00e4 ilman viisumia aiemman 60 p\u00e4iv\u00e4n sijaan. Avaa kuvien katselu Uusi&hellip;\n","protected":false},"author":2,"featured_media":339442,"comment_status":"","ping_status":"","sticky":false,"template":"","format":"standard","meta":{"footnotes":"","_share_on_mastodon":"0"},"categories":[14],"tags":[41897,22,23,26,27,33,31,30,17,24,25,28,29,1478,15,18,21,1399,32,2911,19,20,56,16,4271,59,60,61],"class_list":["post-339441","post","type-post","status-publish","format-standard","has-post-thumbnail","category-ulkomaat","tag-aasian-matkailu","tag-breaking-news","tag-breakingnews","tag-featured-news","tag-featurednews","tag-fi","tag-finland","tag-finnish","tag-headlines","tag-latest-news","tag-latestnews","tag-main-news","tag-mainnews","tag-matkailu","tag-news","tag-otsikot","tag-paauutiset","tag-pohjoismaat","tag-suomi","tag-thaimaa","tag-top-stories","tag-topstories","tag-ulkomaat","tag-uutiset","tag-viisumit","tag-world","tag-world-news","tag-worldnews"],"share_on_mastodon":{"url":"https:\/\/pubeurope.com\/@fi\/117200491217167493","error":""},"_links":{"self":[{"href":"https:\/\/www.europesays.com\/fi\/wp-json\/wp\/v2\/posts\/339441","targetHints":{"allow":["GET"]}}],"collection":[{"href":"https:\/\/www.europesays.com\/fi\/wp-json\/wp\/v2\/posts"}],"about":[{"href":"https:\/\/www.europesays.com\/fi\/wp-json\/wp\/v2\/types\/post"}],"author":[{"embeddable":true,"href":"https:\/\/www.europesays.com\/fi\/wp-json\/wp\/v2\/users\/2"}],"replies":[{"embeddable":true,"href":"https:\/\/www.europesays.com\/fi\/wp-json\/wp\/v2\/comments?post=339441"}],"version-history":[{"count":0,"href":"https:\/\/www.europesays.com\/fi\/wp-json\/wp\/v2\/posts\/339441\/revisions"}],"wp:featuredmedia":[{"embeddable":true,"href":"https:\/\/www.europesays.com\/fi\/wp-json\/wp\/v2\/media\/339442"}],"wp:attachment":[{"href":"https:\/\/www.europesays.com\/fi\/wp-json\/wp\/v2\/media?parent=339441"}],"wp:term":[{"taxonomy":"category","embeddable":true,"href":"https:\/\/www.europesays.com\/fi\/wp-json\/wp\/v2\/categories?post=339441"},{"taxonomy":"post_tag","embeddable":true,"href":"https:\/\/www.europesays.com\/fi\/wp-json\/wp\/v2\/tags?post=339441"}],"curies":[{"name":"wp","href":"https:\/\/api.w.org\/{rel}","templated":true}]}}