{"id":339447,"date":"2026-09-02T08:31:14","date_gmt":"2026-09-02T08:31:14","guid":{"rendered":"https:\/\/www.europesays.com\/fi\/339447\/"},"modified":"2026-09-02T08:31:14","modified_gmt":"2026-09-02T08:31:14","slug":"ymparisto-riihenmaen-alueen-nuorten-kokoontumisia-seurataan-yhteistyossa-paikalliset","status":"publish","type":"post","link":"https:\/\/www.europesays.com\/fi\/339447\/","title":{"rendered":"Ymp\u00e4rist\u00f6 | Riihenm\u00e4en alueen nuorten kokoontumisia seurataan yhteisty\u00f6ss\u00e4 | Paikalliset"},"content":{"rendered":"<p>M\u00e4nts\u00e4l\u00e4n kunnalle on tullut palautetta Riihenm\u00e4en koulun kent\u00e4n, l\u00e4himetsik\u00f6n ja ymp\u00e4r\u00f6iv\u00e4n alueen nuorten ilta- ja y\u00f6aikaisista kokoontumisista.<\/p>\n<p>Kunnan tiedotteen mukaan kunnassa tunnistetaan alueen asukkaiden kokemukset melusta ja muusta h\u00e4iri\u00f6st\u00e4.<\/p>\n<p>\u2013\u2009Samalla on hyv\u00e4 todeta, ett\u00e4 valtaosa alueella oleskelevista nuorista viett\u00e4\u00e4 aikaa yst\u00e4viens\u00e4 kanssa rauhallisesti.<\/p>\n<p><strong class=\"diks-storyline__impact\">Suuri<\/strong> nuorten m\u00e4\u00e4r\u00e4 aiheuttaa kuitenkin ajoittain \u00e4\u00e4nek\u00e4st\u00e4 oleskelua, ja lis\u00e4ksi alueella on havaittu liikenneturvallisuutta vaarantavaa mopo-, mopoauto-, m\u00f6nkij\u00e4- ja autoliikennett\u00e4.<\/p>\n<p>Alueelle on kokoontunut nuorten lis\u00e4ksi my\u00f6s aikuisia autoilijoita, jotka aiheuttavat vaaratilanteita holtittomalla ajamisella teill\u00e4 ja Riihenm\u00e4en koulun ymp\u00e4rist\u00f6ss\u00e4.<\/p>\n<p>Tilanteeseen reagoidaan yhteisty\u00f6ss\u00e4 nuorisopalvelujen, poliisin, koulujen, seurakunnan, kouluvalmentajien sek\u00e4 muiden paikallisten toimijoiden kanssa.<\/p>\n<p>Nuorisoty\u00f6ntekij\u00e4t jalkautuivat alueelle jo perjantaina 14.8. ja jatkoivat jalkautumista Riihenm\u00e4en alueella seuraavana viikonloppuina. Seuraava kerta on ensi viikonloppuna.<\/p>\n<p>L\u00e4sn\u00e4olon tavoitteena on tukea nuorten turvallista yhdess\u00e4oloa, keskustella nuorten kanssa, tehd\u00e4 havaintoja tilanteesta ja tarvittaessa olla yhteydess\u00e4 muihin viranomaisiin.<\/p>\n<p><strong class=\"diks-storyline__impact\">Lis\u00e4ksi<\/strong> huoltajille on l\u00e4hetetty tiedote, jossa kannustetaan keskustelemaan nuorten kanssa turvallisista valinnoista, liikenneturvallisuudesta sek\u00e4 muiden alueella asuvien huomioimisesta.<\/p>\n<p>Kunta seuraa tilanteen kehittymist\u00e4 tiiviisti ja arvioi tarvittavia jatkotoimia yhdess\u00e4 yhteisty\u00f6kumppanien kanssa. Tavoitteena on l\u00f6yt\u00e4\u00e4 ratkaisuja, jotka samanaikaisesti tukevat nuorten turvallista yhdess\u00e4oloa ja turvaavat alueen asukkaiden viihtyis\u00e4n elinymp\u00e4rist\u00f6n.<\/p>\n<p>\u2013\u2009Kiit\u00e4mme alueen asukkaita palautteesta ja rakentavasta yhteisty\u00f6st\u00e4. Havainnot auttavat meit\u00e4 kohdentamaan toimenpiteit\u00e4 oikeisiin asioihin, tiivist\u00e4\u00e4 tiedotteessa M\u00e4nts\u00e4l\u00e4n kunnan sivistysjohtaja <strong>Timo Ahvo<\/strong>.<\/p>\n","protected":false},"excerpt":{"rendered":"M\u00e4nts\u00e4l\u00e4n kunnalle on tullut palautetta Riihenm\u00e4en koulun kent\u00e4n, l\u00e4himetsik\u00f6n ja ymp\u00e4r\u00f6iv\u00e4n alueen nuorten ilta- ja y\u00f6aikaisista kokoontumisista. Kunnan&hellip;\n","protected":false},"author":2,"featured_media":339448,"comment_status":"","ping_status":"","sticky":false,"template":"","format":"standard","meta":{"footnotes":"","_share_on_mastodon":"0"},"categories":[113],"tags":[446,33,31,30,39228,478,2233,440,2370,814,118,32,119,2107,447],"class_list":["post-339447","post","type-post","status-publish","format-standard","has-post-thumbnail","category-ymparisto","tag-environment","tag-fi","tag-finland","tag-finnish","tag-hairiokayttaytyminen","tag-harrastukset","tag-hyvinvointi","tag-ihmiset","tag-mantsala","tag-nuoret","tag-science","tag-suomi","tag-tiede","tag-vapaa-aika","tag-ymparisto"],"share_on_mastodon":{"url":"https:\/\/pubeurope.com\/@fi\/117200518274486350","error":""},"_links":{"self":[{"href":"https:\/\/www.europesays.com\/fi\/wp-json\/wp\/v2\/posts\/339447","targetHints":{"allow":["GET"]}}],"collection":[{"href":"https:\/\/www.europesays.com\/fi\/wp-json\/wp\/v2\/posts"}],"about":[{"href":"https:\/\/www.europesays.com\/fi\/wp-json\/wp\/v2\/types\/post"}],"author":[{"embeddable":true,"href":"https:\/\/www.europesays.com\/fi\/wp-json\/wp\/v2\/users\/2"}],"replies":[{"embeddable":true,"href":"https:\/\/www.europesays.com\/fi\/wp-json\/wp\/v2\/comments?post=339447"}],"version-history":[{"count":0,"href":"https:\/\/www.europesays.com\/fi\/wp-json\/wp\/v2\/posts\/339447\/revisions"}],"wp:featuredmedia":[{"embeddable":true,"href":"https:\/\/www.europesays.com\/fi\/wp-json\/wp\/v2\/media\/339448"}],"wp:attachment":[{"href":"https:\/\/www.europesays.com\/fi\/wp-json\/wp\/v2\/media?parent=339447"}],"wp:term":[{"taxonomy":"category","embeddable":true,"href":"https:\/\/www.europesays.com\/fi\/wp-json\/wp\/v2\/categories?post=339447"},{"taxonomy":"post_tag","embeddable":true,"href":"https:\/\/www.europesays.com\/fi\/wp-json\/wp\/v2\/tags?post=339447"}],"curies":[{"name":"wp","href":"https:\/\/api.w.org\/{rel}","templated":true}]}}