{"id":339451,"date":"2026-09-02T08:39:08","date_gmt":"2026-09-02T08:39:08","guid":{"rendered":"https:\/\/www.europesays.com\/fi\/339451\/"},"modified":"2026-09-02T08:39:08","modified_gmt":"2026-09-02T08:39:08","slug":"seppo-j-rantalan-valokuvanayttely-tuorlan-majatalossa-kulttuuri","status":"publish","type":"post","link":"https:\/\/www.europesays.com\/fi\/339451\/","title":{"rendered":"Seppo J. Rantalan valokuvan\u00e4yttely Tuorlan Majatalossa &#8211; Kulttuuri"},"content":{"rendered":"<p class=\"teksti\">Raisiolaisen valokuvaaja Seppo J. Rantalan n\u00e4yttely Siveltimell\u00e4 ja kameralla on esill\u00e4 1.\u201329. syyskuuta Tuorlan Majatalossa. N\u00e4yttelyss\u00e4 n\u00e4hd\u00e4\u00e4n Suomen taiteen kultakauden tunnetut teokset uudessa muodossa, kun 1800-luvun suomalaisten taiteilijoiden klassikkomaalaukset her\u00e4\u00e4v\u00e4t eloon lavastettuina valokuvina.<\/p>\n<p class=\"teksti\">Idea valokuvallisiin taideteosten uusintoihin syntyi v\u00e4hitellen. Rantala kuvasi vuonna 2020 Albert Edelfeltin Leikkivi\u00e4 poikia rannalla -maalauksesta oman tulkintansa Naantalin Taidehuoneen ryhm\u00e4n\u00e4yttelyyn, jonka teemana oli ilo. <\/p>\n<p class=\"teksti\">Vuonna 2022 h\u00e4n osallistui kamerakerhon kanssa Mennytt\u00e4 aikaa Raisiossa -ryhm\u00e4ty\u00f6h\u00f6n, jossa kuvattiin muun muassa keskiaikaisia h\u00e4it\u00e4, torppariel\u00e4m\u00e4\u00e4, kinkereit\u00e4, saaristokuljetuksia, juhannusjuhlia ja aikakauden potretteja. Projektista syntyi my\u00f6s kirja.<\/p>\n<p class=\"teksti\">Historia-aiheisten kuvien innoittamana syntyi ajatus 1800-luvun suomalaisten taiteilijoiden teosten tulkitsemisesta uudelleen valokuvan keinoin. Rantala on toteuttanut kameralla toisintoja Suomen taidehistorian tunnetuista merkkiteoksista. N\u00e4yttelyss\u00e4 n\u00e4hd\u00e4\u00e4n muun muassa Akseli Gallen-Kallelan, Helene Schjerfbeckin, Hugo Simbergin, Albert Edelfeltin, Maria Wiikin ja Ellen Thesleffin teoksista inspiroituneita valokuvia. N\u00e4yttelyss\u00e4 on esill\u00e4 17 teosta, jotka on tulostettu kankaalle ja kehystetty.<\/p>\n<p class=\"teksti\">Jokaisen kuvan toteuttaminen on vaatinut huolellista taustaty\u00f6t\u00e4, lavastuksen suunnittelua ja valon ammattimaista k\u00e4sittely\u00e4. Tavoitteena ei ole ollut pelk\u00e4st\u00e4\u00e4n j\u00e4ljitell\u00e4 alkuper\u00e4ist\u00e4 maalausta, vaan v\u00e4litt\u00e4\u00e4 alkuper\u00e4isten teosten tunnelma ja tarina katsojalle.<\/p>\n<p class=\"teksti\">Rantala on valokuvauksen harrastaja, joka on kuvannut jo 1970-luvulla filmille. Digikameroiden tultua markkinoille h\u00e4n palasi aktiivisesti valokuvauksen pariin vuonna 2009. H\u00e4nen kuvausaiheensa ovat monipuolisia: luonto, maisemat, el\u00e4imet ja ihmiset kuuluvat h\u00e4nen repertuaariinsa, eik\u00e4 studiokuvauskaan ole h\u00e4nelle vierasta.<\/p>\n<p class=\"teksti\">Rantalan valokuvia on ollut esill\u00e4 useissa ryhm\u00e4n\u00e4yttelyiss\u00e4 eri puolilla Suomea. Henkil\u00f6kohtaisia n\u00e4yttelyit\u00e4 on ollut muun muassa Pykeijassa Norjassa, Kulttuuritila Kuulaassa Ivalossa, Rauman ja Hangon p\u00e4\u00e4kirjastoissa, Euran kirjastossa, Mosaiikki-kirjastossa Vantaalla, Rym\u00e4ttyl\u00e4n kotiseutukeskuksessa sek\u00e4 Helsingin ja Turun seudun kirjastoissa.<\/p>\n<p class=\"teksti\">N\u00e4yttelyyn voi tutustua Majatalon aukioloaikoina.<\/p>\n<p class=\"kirjoittaja\">Aamuset-kaupunkimedia (AKM)<\/p>\n","protected":false},"excerpt":{"rendered":"Raisiolaisen valokuvaaja Seppo J. Rantalan n\u00e4yttely Siveltimell\u00e4 ja kameralla on esill\u00e4 1.\u201329. syyskuuta Tuorlan Majatalossa. N\u00e4yttelyss\u00e4 n\u00e4hd\u00e4\u00e4n Suomen&hellip;\n","protected":false},"author":2,"featured_media":339452,"comment_status":"","ping_status":"","sticky":false,"template":"","format":"standard","meta":{"footnotes":"","_share_on_mastodon":"0"},"categories":[135],"tags":[389,387,388,390,137,33,31,30,3926,108,967,32,394,393,391,392,21648,15645,109],"class_list":["post-339451","post","type-post","status-publish","format-standard","has-post-thumbnail","category-taiteet-ja-suunnittelu","tag-arts","tag-arts-and-design","tag-artsanddesign","tag-design","tag-entertainment","tag-fi","tag-finland","tag-finnish","tag-kaupunki","tag-kulttuuri","tag-nayttelyt","tag-suomi","tag-suunnittelu","tag-taiteet","tag-taiteet-ja-suunnittelu","tag-taiteetsuunnittelu","tag-teemat","tag-valokuva","tag-viihde"],"share_on_mastodon":{"url":"https:\/\/pubeurope.com\/@fi\/117200549661513327","error":""},"_links":{"self":[{"href":"https:\/\/www.europesays.com\/fi\/wp-json\/wp\/v2\/posts\/339451","targetHints":{"allow":["GET"]}}],"collection":[{"href":"https:\/\/www.europesays.com\/fi\/wp-json\/wp\/v2\/posts"}],"about":[{"href":"https:\/\/www.europesays.com\/fi\/wp-json\/wp\/v2\/types\/post"}],"author":[{"embeddable":true,"href":"https:\/\/www.europesays.com\/fi\/wp-json\/wp\/v2\/users\/2"}],"replies":[{"embeddable":true,"href":"https:\/\/www.europesays.com\/fi\/wp-json\/wp\/v2\/comments?post=339451"}],"version-history":[{"count":0,"href":"https:\/\/www.europesays.com\/fi\/wp-json\/wp\/v2\/posts\/339451\/revisions"}],"wp:featuredmedia":[{"embeddable":true,"href":"https:\/\/www.europesays.com\/fi\/wp-json\/wp\/v2\/media\/339452"}],"wp:attachment":[{"href":"https:\/\/www.europesays.com\/fi\/wp-json\/wp\/v2\/media?parent=339451"}],"wp:term":[{"taxonomy":"category","embeddable":true,"href":"https:\/\/www.europesays.com\/fi\/wp-json\/wp\/v2\/categories?post=339451"},{"taxonomy":"post_tag","embeddable":true,"href":"https:\/\/www.europesays.com\/fi\/wp-json\/wp\/v2\/tags?post=339451"}],"curies":[{"name":"wp","href":"https:\/\/api.w.org\/{rel}","templated":true}]}}