{"id":339467,"date":"2026-09-02T09:10:21","date_gmt":"2026-09-02T09:10:21","guid":{"rendered":"https:\/\/www.europesays.com\/fi\/339467\/"},"modified":"2026-09-02T09:10:21","modified_gmt":"2026-09-02T09:10:21","slug":"lammin-perhetarina-maan-laulu-sai-virallisen-trailerin-ensi-ilta-joulukuussa","status":"publish","type":"post","link":"https:\/\/www.europesays.com\/fi\/339467\/","title":{"rendered":"L\u00e4mmin perhetarina Maan laulu sai virallisen trailerin \u2013 ensi-ilta joulukuussa"},"content":{"rendered":"<p class=\"wp-block-paragraph\">Maan laulu on <strong>Erol Minta\u015fin<\/strong> ohjaama elokuva, joka sai festivaaliensi-iltansa tammikuussa Rotterdamin elokuvajuhlilla. Toukokuussa Maan laulu palkittiin parhaana pitk\u00e4n\u00e4 fiktioelokuvana Amsterdam Kurdish Film Festival -elokuvajuhlilla.<\/p>\n<p class=\"wp-block-paragraph\">Elokuvan ovat k\u00e4sikirjoittaneet Minta\u015f ja <strong>Mikko Viljanen.<\/strong><\/p>\n<p>Lue my\u00f6s: <a href=\"https:\/\/www.episodi.fi\/?post_type=uutiset&amp;p=267429\" title=\"Uusintaversio vuoden 1981 kauhuklassikosta saapui HBO Maxiin \u2013 K18-leffan efektity\u00f6 \u201dtuntuu vatsanpohjassa\u201d\" class=\"underline-custom !font-heading !font-bold !underline-offset-4 !decoration-4 !decoration-accent !text-md\" rel=\"nofollow noopener\" target=\"_blank\">Uusintaversio vuoden 1981 kauhuklassikosta saapui HBO Maxiin \u2013 K18-leffan efektity\u00f6 \u201dtuntuu vatsanpohjassa\u201d<\/a><\/p>\n<p>Lue my\u00f6s: <a href=\"https:\/\/www.episodi.fi\/uutiset\/howard-stern-saapuu-hbo-maxille\/\" title=\"The Howard Stern Show saapuu HBO Maxille\" class=\"underline-custom !font-heading !font-bold !underline-offset-4 !decoration-4 !decoration-accent !text-md\" rel=\"nofollow noopener\" target=\"_blank\">The Howard Stern Show saapuu HBO Maxille<\/a><\/p>\n<p class=\"wp-block-paragraph\">P\u00e4\u00e4osissa n\u00e4hd\u00e4\u00e4n <strong>Dilan Gwyn <\/strong>(Turkish Detective, \u00c4lska Mig), Berlinalen Kultaisen karhun t\u00e4n\u00e4 vuonna voittaneesta Salvation-elokuvasta tuttu <strong>Feyyaz Duman, Ali Se\u00e7kiner Al\u0131c<\/strong>\u0131 (Burning Days) sek\u00e4 ensimm\u00e4isen elokuvaroolinsa tekev\u00e4 suomalainen <strong>Zenan T\u00fcnc.<\/strong><\/p>\n<p class=\"wp-block-paragraph\">Kurditaustainen suomalaisl\u00e4\u00e4k\u00e4ri Rojin (Gwyn) on omistanut el\u00e4m\u00e4ns\u00e4 humanitaariselle ty\u00f6lle, mutta kutsumus on vienyt h\u00e4net yh\u00e4 kauemmas omasta perheest\u00e4\u00e4n. Pitk\u00e4t poissaolot rasittavat avioliittoa Ferhatin (Duman) kanssa ja ovat et\u00e4\u00e4nnytt\u00e4neet h\u00e4net teini-ik\u00e4isest\u00e4 tytt\u00e4rest\u00e4\u00e4n Azadista (T\u00fcnc). Rojin kantaa my\u00f6s vaikeaa salaisuutta: Azad ei tied\u00e4 olevansa adoptoitu.<\/p>\n<p class=\"wp-block-paragraph\">Kun Rojinin is\u00e4 Nizam (Al\u0131c\u0131) saapuu Ruotsista vierailulle, h\u00e4n paljastaa tytt\u00e4relleen vuosikymmeni\u00e4 vaienneen salaisuuden. Paljastus saa Rojinin l\u00e4htem\u00e4\u00e4n Azadin kanssa Kurdistaniin etsim\u00e4\u00e4n vastauksia omaan menneisyyteens\u00e4. Matkalla suvun muistot ja vaietut asiat nousevat pintaan, ja \u00e4iti ja tyt\u00e4r saavat mahdollisuuden l\u00f6yt\u00e4\u00e4 toisensa uudelleen.<\/p>\n<p class=\"wp-block-paragraph\">Ensi-ilta 11. joulukuuta 2026.<\/p>\n<p class=\"wp-block-paragraph\">Alla traileri.<\/p>\n<p><img loading=\"lazy\" decoding=\"async\" alt=\"Youtube video\" width=\"480\" height=\"360\" data-pin-nopin=\"true\" nopin=\"nopin\" class=\"perfmatters-lazy\" src=\"https:\/\/www.europesays.com\/fi\/wp-content\/uploads\/2026\/09\/1788340221_948_hqdefault.jpg\"\/><\/p>\n","protected":false},"excerpt":{"rendered":"Maan laulu on Erol Minta\u015fin ohjaama elokuva, joka sai festivaaliensi-iltansa tammikuussa Rotterdamin elokuvajuhlilla. Toukokuussa Maan laulu palkittiin parhaana&hellip;\n","protected":false},"author":2,"featured_media":339468,"comment_status":"","ping_status":"","sticky":false,"template":"","format":"standard","meta":{"footnotes":"","_share_on_mastodon":"0"},"categories":[131],"tags":[41899,155,137,41900,33,173,31,30,41901,172,32,109],"class_list":["post-339467","post","type-post","status-publish","format-standard","has-post-thumbnail","category-elokuvat","tag-dilan-gwyn","tag-elokuvat","tag-entertainment","tag-erol-mintas","tag-fi","tag-film","tag-finland","tag-finnish","tag-mana-laulu","tag-movies","tag-suomi","tag-viihde"],"share_on_mastodon":{"url":"https:\/\/pubeurope.com\/@fi\/117200671769072101","error":""},"_links":{"self":[{"href":"https:\/\/www.europesays.com\/fi\/wp-json\/wp\/v2\/posts\/339467","targetHints":{"allow":["GET"]}}],"collection":[{"href":"https:\/\/www.europesays.com\/fi\/wp-json\/wp\/v2\/posts"}],"about":[{"href":"https:\/\/www.europesays.com\/fi\/wp-json\/wp\/v2\/types\/post"}],"author":[{"embeddable":true,"href":"https:\/\/www.europesays.com\/fi\/wp-json\/wp\/v2\/users\/2"}],"replies":[{"embeddable":true,"href":"https:\/\/www.europesays.com\/fi\/wp-json\/wp\/v2\/comments?post=339467"}],"version-history":[{"count":0,"href":"https:\/\/www.europesays.com\/fi\/wp-json\/wp\/v2\/posts\/339467\/revisions"}],"wp:featuredmedia":[{"embeddable":true,"href":"https:\/\/www.europesays.com\/fi\/wp-json\/wp\/v2\/media\/339468"}],"wp:attachment":[{"href":"https:\/\/www.europesays.com\/fi\/wp-json\/wp\/v2\/media?parent=339467"}],"wp:term":[{"taxonomy":"category","embeddable":true,"href":"https:\/\/www.europesays.com\/fi\/wp-json\/wp\/v2\/categories?post=339467"},{"taxonomy":"post_tag","embeddable":true,"href":"https:\/\/www.europesays.com\/fi\/wp-json\/wp\/v2\/tags?post=339467"}],"curies":[{"name":"wp","href":"https:\/\/api.w.org\/{rel}","templated":true}]}}