{"id":339491,"date":"2026-09-02T09:46:14","date_gmt":"2026-09-02T09:46:14","guid":{"rendered":"https:\/\/www.europesays.com\/fi\/339491\/"},"modified":"2026-09-02T09:46:14","modified_gmt":"2026-09-02T09:46:14","slug":"30-miljoonan-verotuki-kaatui-nyt-paljastui-syy","status":"publish","type":"post","link":"https:\/\/www.europesays.com\/fi\/339491\/","title":{"rendered":"30 miljoonan verotuki kaatui \u2013\u2009Nyt paljastui syy"},"content":{"rendered":"<p>Hallitus p\u00e4\u00e4tti budjettiriihess\u00e4\u00e4n luopua datakeskuksille aiotusta uudesta verotuesta. P\u00e4\u00e4t\u00f6s on riihen suurimpia uutisia. N\u00e4in sit\u00e4 perustellaan.<\/p>\n<p><img decoding=\"async\" class=\"image image-show image-preview\" src=\"https:\/\/www.europesays.com\/fi\/wp-content\/uploads\/2026\/09\/cb2e39ffc0df554380b456458a6cc817e0bf91a88e22a209759b9ef7e52cea1f.jpg\" alt=\"\"\/><img decoding=\"async\" class=\"image image-show\" src=\"https:\/\/www.europesays.com\/fi\/wp-content\/uploads\/2026\/09\/1788342374_799_cb2e39ffc0df554380b456458a6cc817e0bf91a88e22a209759b9ef7e52cea1f.jpg\" alt=\"\"\/><\/p>\n<p>Hallitus sai budjettiehdotuksensa valmiiksi yhdess\u00e4 p\u00e4iv\u00e4ss\u00e4. Kuvassa p\u00e4\u00e4ministeri Petteri Orpo (kok), valtiovarainministeri Riikka Purra (ps) sek\u00e4 maa- ja mets\u00e4talousministeri Sari Essayah (kd).  Atte Kajova<\/p>\n<p class=\"paragraph\">P\u00e4\u00e4ministeri <strong>Petteri Orpo<\/strong> (kok) perusteli budjettiriihi-infossa, miksi hallitus p\u00e4\u00e4tti luopua datakeskuksille suunnitellusta verotuesta.<\/p>\n<p class=\"paragraph\">Budjettiriihess\u00e4 l\u00e4hinn\u00e4 vietiin pohjiin jo tehtyj\u00e4 p\u00e4\u00e4t\u00f6ksi\u00e4, joten viime vuodesta asti valmistellun verotuen hylk\u00e4\u00e4minen on riihen suurimpia uutisia.<\/p>\n<p class=\"paragraph\">Uudella verotuella oli tarkoitus korvata datakeskusten s\u00e4hk\u00f6verotuki, joka poistui hein\u00e4kuun alussa.<\/p>\n<p class=\"paragraph\">Hallitus linjasi viime syksyn\u00e4, ett\u00e4 konesaleissa k\u00e4ytett\u00e4v\u00e4n s\u00e4hk\u00f6n vero siirret\u00e4\u00e4n alemmasta s\u00e4hk\u00f6veroluokasta yleiseen s\u00e4hk\u00f6veroluokkaan. Muutos kiristi datakeskusten s\u00e4hk\u00f6veroa merkitt\u00e4v\u00e4sti, sill\u00e4 yleisen s\u00e4hk\u00f6veroluokan vero on 2,24 sentti\u00e4 kilowattitunnilta, kun alemmassa luokassa se on vain 0,05 sentti\u00e4 kilowattitunnilta.<\/p>\n<p class=\"paragraph\">Datakeskusten s\u00e4hk\u00f6verotuen poistaminen oli korvaava toimi sille, ett\u00e4 <a href=\"https:\/\/www.kauppalehti.fi\/uutiset\/a\/e8227a4b-a477-4e53-8cc3-d7322af9c98e\" rel=\"noopener nofollow\" target=\"_blank\">hallitus luopui makeisten ja suklaan arvonlis\u00e4verokannan korotuksesta<\/a>. Samalla hallitus linjasi my\u00f6s vastaavan tuen poistamisesta kaivostoiminnalta, jolta tuki poistui jo vuoden alusta.<\/p>\n<p class=\"paragraph\">Datakeskusten osalta s\u00e4hk\u00f6verotulojen on arvioitu kasvavan 47 miljoonaa euroa vuodessa ja kaivostoiminnan osalta 11 miljoonaa euroa vuoden 2026 tasolla.<\/p>\n<p class=\"paragraph\">Samalla, kun datakeskusten s\u00e4hk\u00f6verotuki poistettiin, hallitus halusi varmistaa Suomelle hy\u00f6dylliset datakeskusinvestoinnit uudella tuella, jonka suuruus olisi ollut <a href=\"https:\/\/www.maaseuduntulevaisuus.fi\/uutiset\/2ea9f0b5-fdc6-4a85-9c2c-357fe8304f1d\" rel=\"noopener nofollow\" target=\"_blank\">enint\u00e4\u00e4n 30 miljoonaa euroa<\/a>.<\/p>\n<p class=\"paragraph\">Hallituksessa erityisesti kokoomus on ollut huolissaan investointien menett\u00e4misest\u00e4 tuen poistuessa, kun taas perussuomalaiset on ep\u00e4illyt uuden verotuen tarpeellisuutta.<\/p>\n<p>N\u00e4in kommentoivat Orpo ja Purra<\/p>\n<p class=\"paragraph\">P\u00e4\u00e4ministeri Orpon mukaan asia on k\u00e4yty hyvin huolellisesti l\u00e4pi ja samaan aikaan on n\u00e4hty, ett\u00e4 kiinnostusta datakeskusinvestointeihin Suomeen on valtavasti.<\/p>\n<p class=\"paragraph\">\u2013 T\u00e4m\u00e4 tuki siin\u00e4 muodossa kuin sit\u00e4 valmisteltiin, olisi kuitenkin j\u00e4\u00e4nyt suhteellisen pienelle tasolle suhteessa n\u00e4iden investointien kokoon. Kun t\u00e4ss\u00e4 samaan aikaan t\u00e4ytyy mietti\u00e4 viel\u00e4 sit\u00e4, mik\u00e4 on se kokonaisuus alkaen energiasta, sen riitt\u00e4vyydest\u00e4, niin me totesimme, ett\u00e4 t\u00e4m\u00e4 ei ole nyt prioriteetti, ja siksi t\u00e4st\u00e4 luovuttiin, Orpo perusteli tiedotustilaisuudessa maanantai-iltana.<\/p>\n<p class=\"paragraph\">Valtiovarainministeri <strong>Riikka Purra<\/strong> (ps) sanoi ennakoineensa jo aiemmin, ett\u00e4 kes\u00e4ll\u00e4 voimaan astunut veronkiristys ei vaikuta datakeskusten investointihalukkuuteen, koska Suomen houkutustekij\u00e4t muutoin ovat kunnossa. H\u00e4nen mukaansa uutta yritystukea ei siis tarvita.<\/p>\n<p class=\"paragraph\">\u2013 Olen totta kai tyytyv\u00e4inen, ett\u00e4 hallitus p\u00e4\u00e4si t\u00e4llaiseen ratkaisuun.<\/p>\n<p class=\"paragraph\">My\u00f6s kokoomuksesta tulee samansuuntaista viesti\u00e4.<\/p>\n<p class=\"paragraph\">\u2013 Oikea p\u00e4\u00e4t\u00f6s. Suomi on kilpailukykyinen datakeskusten suhteen ilman tukiakin, kirjoittaa entinen ty\u00f6ministeri, kansanedustaja <strong>Arto Satonen<\/strong> (kok) <a href=\"https:\/\/x.com\/artosatonen\/status\/2094844643422687369\" rel=\"noopener nofollow\">viestipalvelu X:ss\u00e4<\/a>.<\/p>\n<p class=\"paragraph\">\u2013 Uusi datakeskusten verotuki ei etene! Hyv\u00e4 p\u00e4\u00e4t\u00f6s! S\u00e4hk\u00f6n hinta on pidett\u00e4v\u00e4 kohtuullisena tavallisille kotitalouksille. Vapaamatkustajille ei ole tilaa, sanoo <a href=\"https:\/\/x.com\/MiaLaiho\/status\/2094865072820474159\" rel=\"noopener nofollow\">my\u00f6s kansanedustaja<\/a> <strong>Mia Laiho<\/strong> (kok).<\/p>\n<p>Energiateollisuus pettyi<\/p>\n<p class=\"paragraph\">Alan edunvalvoja Energiateollisuus huomauttaa, ett\u00e4 tarkoitus oli tukea datakeskuksia, jotka hy\u00f6dynt\u00e4v\u00e4t hukkal\u00e4mp\u00f6\u00e4 tai ovat energiatehokkaita.<\/p>\n<p class=\"paragraph\">Mahdollisuutta lis\u00e4t\u00e4 puhdasta s\u00e4hk\u00f6\u00e4 ja houkutella puhtaan teollisuuden investointeja Suomeen ei saa Energiateollisuuden mukaan heikent\u00e4\u00e4 poukkoilevalla veropolitiikalla. Pienille l\u00e4mp\u00f6laitoksille p\u00e4\u00e4st\u00f6t\u00f6nt\u00e4 energiaa toimittavien datal\u00e4mp\u00f6laitosten tilanne vaikeutuu selv\u00e4sti tuen perumisen takia, Energiateollisuus katsoo.<\/p>\n<p class=\"paragraph\">\u2013 Ep\u00e4selvyys yritysten toimintaymp\u00e4rist\u00f6st\u00e4 ei ole kenenk\u00e4\u00e4n etu. Sin\u00e4ns\u00e4 on hyv\u00e4, ett\u00e4 nyt on tiedossa, miten asian kanssa edet\u00e4\u00e4n. Kokonaisuus antaa kuitenkin huonon vaikutelman Suomesta investointiymp\u00e4rist\u00f6n\u00e4. T\u00e4ll\u00e4 tiell\u00e4 emme voi jatkaa, jos haluamme t\u00e4nne laajasti puhtaan teollisuuden investointeja ja ty\u00f6paikkoja, toteaa Energiateollisuus ry:n toimitusjohtaja <strong>Jukka Leskel\u00e4<\/strong> tiedotteessa.<\/p>\n","protected":false},"excerpt":{"rendered":"Hallitus p\u00e4\u00e4tti budjettiriihess\u00e4\u00e4n luopua datakeskuksille aiotusta uudesta verotuesta. P\u00e4\u00e4t\u00f6s on riihen suurimpia uutisia. N\u00e4in sit\u00e4 perustellaan. Hallitus sai&hellip;\n","protected":false},"author":2,"featured_media":339492,"comment_status":"","ping_status":"","sticky":false,"template":"","format":"standard","meta":{"footnotes":"","_share_on_mastodon":"0"},"categories":[12],"tags":[22,23,124,26,27,33,31,30,17,24,25,28,29,15,18,21,637,888,885,887,32,19,20,16],"class_list":["post-339491","post","type-post","status-publish","format-standard","has-post-thumbnail","category-suomi","tag-breaking-news","tag-breakingnews","tag-energia-sektori","tag-featured-news","tag-featurednews","tag-fi","tag-finland","tag-finnish","tag-headlines","tag-latest-news","tag-latestnews","tag-main-news","tag-mainnews","tag-news","tag-otsikot","tag-paauutiset","tag-politiikka","tag-suomalaiset-poliitikot","tag-suomen-poliittiset-puolueet","tag-suomen-politiikka","tag-suomi","tag-top-stories","tag-topstories","tag-uutiset"],"share_on_mastodon":{"url":"https:\/\/pubeurope.com\/@fi\/117200814187622554","error":""},"_links":{"self":[{"href":"https:\/\/www.europesays.com\/fi\/wp-json\/wp\/v2\/posts\/339491","targetHints":{"allow":["GET"]}}],"collection":[{"href":"https:\/\/www.europesays.com\/fi\/wp-json\/wp\/v2\/posts"}],"about":[{"href":"https:\/\/www.europesays.com\/fi\/wp-json\/wp\/v2\/types\/post"}],"author":[{"embeddable":true,"href":"https:\/\/www.europesays.com\/fi\/wp-json\/wp\/v2\/users\/2"}],"replies":[{"embeddable":true,"href":"https:\/\/www.europesays.com\/fi\/wp-json\/wp\/v2\/comments?post=339491"}],"version-history":[{"count":0,"href":"https:\/\/www.europesays.com\/fi\/wp-json\/wp\/v2\/posts\/339491\/revisions"}],"wp:featuredmedia":[{"embeddable":true,"href":"https:\/\/www.europesays.com\/fi\/wp-json\/wp\/v2\/media\/339492"}],"wp:attachment":[{"href":"https:\/\/www.europesays.com\/fi\/wp-json\/wp\/v2\/media?parent=339491"}],"wp:term":[{"taxonomy":"category","embeddable":true,"href":"https:\/\/www.europesays.com\/fi\/wp-json\/wp\/v2\/categories?post=339491"},{"taxonomy":"post_tag","embeddable":true,"href":"https:\/\/www.europesays.com\/fi\/wp-json\/wp\/v2\/tags?post=339491"}],"curies":[{"name":"wp","href":"https:\/\/api.w.org\/{rel}","templated":true}]}}