{"id":339495,"date":"2026-09-02T09:48:23","date_gmt":"2026-09-02T09:48:23","guid":{"rendered":"https:\/\/www.europesays.com\/fi\/339495\/"},"modified":"2026-09-02T09:48:23","modified_gmt":"2026-09-02T09:48:23","slug":"nepalin-akkitulvassa-kuolleita-on-jo-yli-1-100-uutissuomalainen","status":"publish","type":"post","link":"https:\/\/www.europesays.com\/fi\/339495\/","title":{"rendered":"Nepalin \u00e4kkitulvassa kuolleita on jo yli 1 100 | Uutissuomalainen"},"content":{"rendered":"<p>Nepalin \u00e4kkitulvan kuolonuhrien m\u00e4\u00e4r\u00e4 on noussut yli 1\u2009100 ihmiseen, paikallinen viranomainen kertoo. Nepalissa on kateissa yh\u00e4 l\u00e4hes 4\u2009000 ihmist\u00e4.<\/p>\n<p>\u00c4kkitulva iski Nepalin ja Kiinalle kuuluvan Tiibetin rajalle viikko sitten. Asiantuntijoiden mukaan katastrofi sai alkunsa j\u00e4\u00e4tik\u00f6n romahduksesta, mik\u00e4 johti tulviin ja maanvy\u00f6rymiin.<\/p>\n<p>Kiinan valtionmedian mukaan Kiinan puolella kuolleita on vahvistettu 16. Kiinassa on kateissa yli 500 ihmist\u00e4.<\/p>\n<p>Kaikkiaan kadonneiden joukossa on yli 580 ulkomaalaista, jotka edustavat yli 30:t\u00e4 kansallisuutta. Suomen ulkoministeri\u00f6n mukaan yksi Nepalissa kadonneista on suomalainen.<\/p>\n<p>Tuhojen laajuus on her\u00e4tt\u00e4nyt Nepalissa kasvavaa suuttumusta siit\u00e4, ett\u00e4 maa on aiheuttanut rikkaisiin teollisuusmaihin verrattuna vain v\u00e4h\u00e4n ilmastop\u00e4\u00e4st\u00f6j\u00e4, mutta k\u00e4rsii kuitenkin niiden seurauksista.<\/p>\n<p>Himalajan j\u00e4\u00e4tik\u00f6t sulavat ilmastonmuutoksen vuoksi nopeammin kuin koskaan ennen, mik\u00e4 altistaa alueella asuvat ihmiset arvaamattomille katastrofeille. Ikiroudan pehmeneminen lis\u00e4\u00e4 maanvy\u00f6rymien riski\u00e4.<\/p>\n","protected":false},"excerpt":{"rendered":"Nepalin \u00e4kkitulvan kuolonuhrien m\u00e4\u00e4r\u00e4 on noussut yli 1\u2009100 ihmiseen, paikallinen viranomainen kertoo. Nepalissa on kateissa yh\u00e4 l\u00e4hes 4\u2009000&hellip;\n","protected":false},"author":2,"featured_media":339496,"comment_status":"","ping_status":"","sticky":false,"template":"","format":"standard","meta":{"footnotes":"","_share_on_mastodon":"0"},"categories":[117],"tags":[33,31,30,533,72,4077,476,120,637,118,32,119,872,477,534],"class_list":["post-339495","post","type-post","status-publish","format-standard","has-post-thumbnail","category-luonto","tag-fi","tag-finland","tag-finnish","tag-luonnonkatastrofi","tag-luonto","tag-meret","tag-nature","tag-onnettomuustapaus","tag-politiikka","tag-science","tag-suomi","tag-tiede","tag-vesistot","tag-wildlife","tag-ymparisto-ja-luonto"],"share_on_mastodon":{"url":"https:\/\/pubeurope.com\/@fi\/117200821085123967","error":""},"_links":{"self":[{"href":"https:\/\/www.europesays.com\/fi\/wp-json\/wp\/v2\/posts\/339495","targetHints":{"allow":["GET"]}}],"collection":[{"href":"https:\/\/www.europesays.com\/fi\/wp-json\/wp\/v2\/posts"}],"about":[{"href":"https:\/\/www.europesays.com\/fi\/wp-json\/wp\/v2\/types\/post"}],"author":[{"embeddable":true,"href":"https:\/\/www.europesays.com\/fi\/wp-json\/wp\/v2\/users\/2"}],"replies":[{"embeddable":true,"href":"https:\/\/www.europesays.com\/fi\/wp-json\/wp\/v2\/comments?post=339495"}],"version-history":[{"count":0,"href":"https:\/\/www.europesays.com\/fi\/wp-json\/wp\/v2\/posts\/339495\/revisions"}],"wp:featuredmedia":[{"embeddable":true,"href":"https:\/\/www.europesays.com\/fi\/wp-json\/wp\/v2\/media\/339496"}],"wp:attachment":[{"href":"https:\/\/www.europesays.com\/fi\/wp-json\/wp\/v2\/media?parent=339495"}],"wp:term":[{"taxonomy":"category","embeddable":true,"href":"https:\/\/www.europesays.com\/fi\/wp-json\/wp\/v2\/categories?post=339495"},{"taxonomy":"post_tag","embeddable":true,"href":"https:\/\/www.europesays.com\/fi\/wp-json\/wp\/v2\/tags?post=339495"}],"curies":[{"name":"wp","href":"https:\/\/api.w.org\/{rel}","templated":true}]}}