{"id":339505,"date":"2026-09-02T10:11:11","date_gmt":"2026-09-02T10:11:11","guid":{"rendered":"https:\/\/www.europesays.com\/fi\/339505\/"},"modified":"2026-09-02T10:11:11","modified_gmt":"2026-09-02T10:11:11","slug":"vg-oslossa-kaikki-hautajaiset-siirretaan-kuningas-haraldin-hautajaisseremonian-tielta-uutisia-lyhyesti","status":"publish","type":"post","link":"https:\/\/www.europesays.com\/fi\/339505\/","title":{"rendered":"VG: Oslossa kaikki hautajaiset siirret\u00e4\u00e4n Kuningas Haraldin hautajaisseremonian tielt\u00e4 | Uutisia lyhyesti"},"content":{"rendered":"<p class=\"aw__sc-1qwuw0s-0 aw__sc-1vg2sqm-0 epAWpq ecELkD yle__article__paragraph\">Hautausurakoitsijan mukaan muut hautajaiset on siirretty hyv\u00e4ss\u00e4 yhteisymm\u00e4rryksess\u00e4 omaisten kanssa.<\/p>\n<p class=\"aw__sc-1qwuw0s-0 aw__sc-ngllmo-0 epAWpq fzYpjk yle__article__paragraph\">Kuningas <strong class=\"aw__sc-ngllmo-2 gdRrun yle__article__strong\">Haraldin<\/strong> hautajaisp\u00e4iv\u00e4n\u00e4 kaikki muut hautajaiset Oslossa siirret\u00e4\u00e4n muille p\u00e4iville. Asiasta kertoo Oslon kirkollinen yhteisneuvosto<a class=\"aw__sc-ngllmo-1 bTDnwX yle__article__link\" href=\"https:\/\/www.vg.no\/spesial\/2026\/kong-harald\/?pinnedEntry=93312\" role=\"link\" rel=\"nofollow noopener\" target=\"_blank\"> norjalaislehti VG:n <\/a>mukaan.<\/p>\n<p class=\"aw__sc-1qwuw0s-0 aw__sc-ngllmo-0 epAWpq fzYpjk yle__article__paragraph\">Kuninkaan hautajaiset pidet\u00e4\u00e4n keskiviikkona 9. syyskuuta. Hautajaiset j\u00e4rjest\u00e4\u00e4 Norjan suurin hautaustoimisto J\u00f8lstad.<\/p>\n<p class=\"aw__sc-1qwuw0s-0 aw__sc-ngllmo-0 epAWpq fzYpjk yle__article__paragraph\">\u2013 Ne harvat seremoniat, jotka oli sovittu pidett\u00e4v\u00e4ksi ensi keskiviikkona Oslossa, on siirretty hyv\u00e4ss\u00e4 yhteisymm\u00e4rryksess\u00e4 omaisten kanssa, J\u00f8lstad kertoo.<\/p>\n<p class=\"aw__sc-1qwuw0s-0 aw__sc-ngllmo-0 epAWpq fzYpjk yle__article__paragraph\">J\u00f8lstadin mukaan Oslon hautausvirasto on tukenut p\u00e4\u00e4t\u00f6st\u00e4.<\/p>\n<p class=\"aw__sc-1qwuw0s-0 aw__sc-ngllmo-0 epAWpq fzYpjk yle__article__paragraph\">Norjan uusi kuningas <strong class=\"aw__sc-ngllmo-2 gdRrun yle__article__strong\">Haakon<\/strong> on julistanut hoviin kuukauden mittaisen suruajan.<\/p>\n<p class=\"aw__sc-1qwuw0s-0 aw__sc-ngllmo-0 epAWpq fzYpjk yle__article__paragraph\">Hovisuru tarkoittaa, ett\u00e4 kuningasperhe peruu kaiken virallisen ohjelman, lukuun ottamatta perustuslaillisia teht\u00e4vi\u00e4. Hovisurun aikana kuningasperhe ja hovin ty\u00f6ntekij\u00e4t pukeutuvat tummiin asuihin.<\/p>\n<p class=\"aw__sc-1qwuw0s-0 aw__sc-ngllmo-0 epAWpq fzYpjk yle__article__paragraph\">Kuningashuoneen virallinen ohjelma alkaa j\u00e4lleen 9. lokakuuta, kun suruaika p\u00e4\u00e4ttyy.<\/p>\n","protected":false},"excerpt":{"rendered":"Hautausurakoitsijan mukaan muut hautajaiset on siirretty hyv\u00e4ss\u00e4 yhteisymm\u00e4rryksess\u00e4 omaisten kanssa. Kuningas Haraldin hautajaisp\u00e4iv\u00e4n\u00e4 kaikki muut hautajaiset Oslossa siirret\u00e4\u00e4n&hellip;\n","protected":false},"author":2,"featured_media":339506,"comment_status":"","ping_status":"","sticky":false,"template":"","format":"standard","meta":{"footnotes":"","_share_on_mastodon":"0"},"categories":[14],"tags":[22,23,26,27,33,31,30,41861,17,652,24,25,28,29,15,385,18,21,32,19,20,56,16,59,60,61],"class_list":["post-339505","post","type-post","status-publish","format-standard","has-post-thumbnail","category-ulkomaat","tag-breaking-news","tag-breakingnews","tag-featured-news","tag-featurednews","tag-fi","tag-finland","tag-finnish","tag-haakon-viii","tag-headlines","tag-kuninkaalliset","tag-latest-news","tag-latestnews","tag-main-news","tag-mainnews","tag-news","tag-norja","tag-otsikot","tag-paauutiset","tag-suomi","tag-top-stories","tag-topstories","tag-ulkomaat","tag-uutiset","tag-world","tag-world-news","tag-worldnews"],"share_on_mastodon":{"url":"https:\/\/pubeurope.com\/@fi\/117200911409708991","error":""},"_links":{"self":[{"href":"https:\/\/www.europesays.com\/fi\/wp-json\/wp\/v2\/posts\/339505","targetHints":{"allow":["GET"]}}],"collection":[{"href":"https:\/\/www.europesays.com\/fi\/wp-json\/wp\/v2\/posts"}],"about":[{"href":"https:\/\/www.europesays.com\/fi\/wp-json\/wp\/v2\/types\/post"}],"author":[{"embeddable":true,"href":"https:\/\/www.europesays.com\/fi\/wp-json\/wp\/v2\/users\/2"}],"replies":[{"embeddable":true,"href":"https:\/\/www.europesays.com\/fi\/wp-json\/wp\/v2\/comments?post=339505"}],"version-history":[{"count":0,"href":"https:\/\/www.europesays.com\/fi\/wp-json\/wp\/v2\/posts\/339505\/revisions"}],"wp:featuredmedia":[{"embeddable":true,"href":"https:\/\/www.europesays.com\/fi\/wp-json\/wp\/v2\/media\/339506"}],"wp:attachment":[{"href":"https:\/\/www.europesays.com\/fi\/wp-json\/wp\/v2\/media?parent=339505"}],"wp:term":[{"taxonomy":"category","embeddable":true,"href":"https:\/\/www.europesays.com\/fi\/wp-json\/wp\/v2\/categories?post=339505"},{"taxonomy":"post_tag","embeddable":true,"href":"https:\/\/www.europesays.com\/fi\/wp-json\/wp\/v2\/tags?post=339505"}],"curies":[{"name":"wp","href":"https:\/\/api.w.org\/{rel}","templated":true}]}}