{"id":339519,"date":"2026-09-02T10:39:09","date_gmt":"2026-09-02T10:39:09","guid":{"rendered":"https:\/\/www.europesays.com\/fi\/339519\/"},"modified":"2026-09-02T10:39:09","modified_gmt":"2026-09-02T10:39:09","slug":"suomalaisbandin-jasen-teki-jotain-jarkyttavaa-hississa-yleisona-16-vuotiaat-tytot","status":"publish","type":"post","link":"https:\/\/www.europesays.com\/fi\/339519\/","title":{"rendered":"Suomalaisb\u00e4ndin j\u00e4sen teki jotain j\u00e4rkytt\u00e4v\u00e4\u00e4 hississ\u00e4 \u2013 Yleis\u00f6n\u00e4 16-vuotiaat tyt\u00f6t"},"content":{"rendered":"<p>1980-luvun kulttiyhtyeen Santa Lucian laulaja Mape Morottaja muistelee menneit\u00e4 Ylen uutuussarjassa.<\/p>\n<p><img decoding=\"async\" class=\"image image-show image-preview\" src=\"https:\/\/www.europesays.com\/fi\/wp-content\/uploads\/2026\/09\/481d516cc0a031b8ff6956dfc134a98248ced48367d1df5841c344a9ac32d3e3.jpg\" alt=\"\"\/><img decoding=\"async\" class=\"image image-show\" src=\"https:\/\/www.europesays.com\/fi\/wp-content\/uploads\/2026\/09\/1788345549_222_481d516cc0a031b8ff6956dfc134a98248ced48367d1df5841c344a9ac32d3e3.jpg\" alt=\"\"\/><\/p>\n<p>Mape Morottaja tekee paljastuksen dokumentissa. Like Kustannus<\/p>\n<p class=\"paragraph\">Ylen uudessa dokumenttisarjassa Kaamos \u2013 Suomalaisen metallin viisi vuodenaikaa pureudutaan suomalaisen metallimusiikin historiaan.<\/p>\n<p class=\"paragraph\">Sarjan ensimm\u00e4isess\u00e4 jaksossa 1980-luvulla mainetta niitt\u00e4neen Santa Lucia -yhtyeen laulaja <a href=\"https:\/\/www.iltalehti.fi\/henkilot\/Mape Morottaja\" class=\"article-link-person-page\" rel=\"nofollow noopener\" target=\"_blank\">Mape Morottaja<\/a> jakaa eritt \u00e4in ik\u00e4v\u00e4n muiston nuoruudestaan.<\/p>\n<p class=\"paragraph\">Vasta nelj\u00e4 vuotta toiminnassa ollut Santa Lucia keikkaili vuoden 1988 Kuusrockissa. Yhtyeen j\u00e4senet olivat Morottajan mukaan tuolloin noin 16-vuotiaita.<\/p>\n<p class=\"paragraph\">Kun yhtye oli palaamassa keikan j\u00e4lkeen hotellihuoneeseen, astui heid\u00e4n kanssaan hissiin er\u00e4\u00e4n toisen tunnetun suomalaisyhtyeen j\u00e4sen. Mies teki hississ\u00e4 jotain hyvin j\u00e4rkytt\u00e4v\u00e4\u00e4.<\/p>\n<p class=\"paragraph\">\u2013 Sinne tuli yksi kuuluisan suomalaisen b\u00e4ndin soittaja jostain syyst\u00e4 pelkiss\u00e4 alushousuissa. H\u00e4n ajatteli, ett\u00e4 t\u00e4ss\u00e4h\u00e4n on hyv\u00e4 yleis\u00f6 ja p\u00e4\u00e4tti n\u00e4ytt\u00e4\u00e4 genitaalit meille, Morottaja paljastaa.<\/p>\n<p class=\"paragraph\">\u2013 Se oli h\u00e4nelle aika ik\u00e4v\u00e4 tilanne, koska voin kertoa, ett\u00e4 jos tulee viidelle 16-vuotiaalle n\u00e4ytt\u00e4m\u00e4\u00e4n alap\u00e4\u00e4t\u00e4ns\u00e4, niin siin\u00e4 j\u00e4\u00e4 kakkoseksi, Morottaja jatkaa.<\/p>\n<p class=\"paragraph\">Santa Lucia perustettiin vuonna 1982, ja se oli yksi ensimm\u00e4isist\u00e4 suomen kielell\u00e4 levytt\u00e4neist\u00e4 metalliyhtyeist\u00e4. Yhtye oli aktiivinen vuoteen 1992 asti, jolloin se lopetti.<\/p>\n<p class=\"paragraph\">Morottaja kertoo ohjelmassa, ett\u00e4 alun perin yhtyeen j\u00e4senet olivat kirkkokuorolaisia, jotka lauloivat Jeesuksesta. Esiteini-i\u00e4ss\u00e4 musiikkimaku alkoi kuitenkin kehitty\u00e4, ja kiinnostus raskasta musiikkia kohtaan voimistui.<\/p>\n<p class=\"paragraph\">Yhtye halusi alusta alkaen seist\u00e4 vahvasti omilla jaloillaan. He eiv\u00e4t halunneet muiden v\u00e4h\u00e4ttelev\u00e4n heit\u00e4 siksi, koska yhtye koostui tyt\u00f6ist\u00e4.<\/p>\n<p class=\"paragraph\">\u2013 16-vuotiaina me saatiin levytyssopimus. Keikkoja oli paljon ymp\u00e4riins\u00e4 ja ei ihan hirve\u00e4sti kiinnostanut opiskelu, Morottaja muistelee.<\/p>\n<p class=\"paragraph\">Santa Luciaan kuuluivat my\u00f6s <strong>Kati Pyykk\u00f6<\/strong>, <strong>Virpi Mattila<\/strong>, <strong>Mari-Anne M\u00e4ki<\/strong> ja <strong>Outi-Maria Kultalahti<\/strong>. Mape Morottaja on tullut urallaan sittemmin tunnetuksi toimittajana, k\u00e4sikirjoittajana ja ohjaajana.<\/p>\n<p class=\"paragraph\">Vuonna 2019 Santa Lucia julkaisi kokoelma-albumin Perse palaa \u2013 kaikki levytykset ja v\u00e4hiten h\u00e4vett\u00e4v\u00e4t demot 1987\u20131992. Albumi ker\u00e4si yll\u00e4tt\u00e4en maailmanlaajuista huomiota. <a href=\"https:\/\/www.rollingstone.com\/music\/music-features\/santa-lucia-finnish-band-reissue-svart-875958\/\" target=\"_blank\" rel=\"noopener nofollow\">Rolling Stone<\/a> -lehti esimerkiksi kutsui sit\u00e4 vuoden 2019 \u201dsiisteimm\u00e4ksi\u201d uudelleenjulkaisuksi.<\/p>\n<p class=\"paragraph\">Kaamos &#8211; Suomalaisen metallin viisi vuodenaikaa katsottavissa Yle Areenassa 31.8. ja Yle Teemalla 3.9. alkaen. <a href=\"https:\/\/www.iltalehti.fi\/telkku\" rel=\"nofollow noopener\" target=\"_blank\">Katso kaikki tv-ohjelmat ja l\u00e4hetysajat Telkun tv-oppaasta<\/a>.<\/p>\n","protected":false},"excerpt":{"rendered":"1980-luvun kulttiyhtyeen Santa Lucian laulaja Mape Morottaja muistelee menneit\u00e4 Ylen uutuussarjassa. Mape Morottaja tekee paljastuksen dokumentissa. Like Kustannus&hellip;\n","protected":false},"author":2,"featured_media":339520,"comment_status":"","ping_status":"","sticky":false,"template":"","format":"standard","meta":{"footnotes":"","_share_on_mastodon":"0"},"categories":[12],"tags":[35,138,22,23,26,27,33,31,30,17,24,25,525,28,29,47,141,15,18,21,32,484,19,20,16],"class_list":["post-339519","post","type-post","status-publish","format-standard","has-post-thumbnail","category-suomi","tag-24h","tag-audio","tag-breaking-news","tag-breakingnews","tag-featured-news","tag-featurednews","tag-fi","tag-finland","tag-finnish","tag-headlines","tag-latest-news","tag-latestnews","tag-laulaminen-ja-laulajat","tag-main-news","tag-mainnews","tag-musiikki","tag-muusikot-bandit","tag-news","tag-otsikot","tag-paauutiset","tag-suomi","tag-taiteellinen-ilmaisu-ja-mediat","tag-top-stories","tag-topstories","tag-uutiset"],"share_on_mastodon":{"url":"https:\/\/pubeurope.com\/@fi\/117201022069407623","error":""},"_links":{"self":[{"href":"https:\/\/www.europesays.com\/fi\/wp-json\/wp\/v2\/posts\/339519","targetHints":{"allow":["GET"]}}],"collection":[{"href":"https:\/\/www.europesays.com\/fi\/wp-json\/wp\/v2\/posts"}],"about":[{"href":"https:\/\/www.europesays.com\/fi\/wp-json\/wp\/v2\/types\/post"}],"author":[{"embeddable":true,"href":"https:\/\/www.europesays.com\/fi\/wp-json\/wp\/v2\/users\/2"}],"replies":[{"embeddable":true,"href":"https:\/\/www.europesays.com\/fi\/wp-json\/wp\/v2\/comments?post=339519"}],"version-history":[{"count":0,"href":"https:\/\/www.europesays.com\/fi\/wp-json\/wp\/v2\/posts\/339519\/revisions"}],"wp:featuredmedia":[{"embeddable":true,"href":"https:\/\/www.europesays.com\/fi\/wp-json\/wp\/v2\/media\/339520"}],"wp:attachment":[{"href":"https:\/\/www.europesays.com\/fi\/wp-json\/wp\/v2\/media?parent=339519"}],"wp:term":[{"taxonomy":"category","embeddable":true,"href":"https:\/\/www.europesays.com\/fi\/wp-json\/wp\/v2\/categories?post=339519"},{"taxonomy":"post_tag","embeddable":true,"href":"https:\/\/www.europesays.com\/fi\/wp-json\/wp\/v2\/tags?post=339519"}],"curies":[{"name":"wp","href":"https:\/\/api.w.org\/{rel}","templated":true}]}}