{"id":339523,"date":"2026-09-02T10:58:10","date_gmt":"2026-09-02T10:58:10","guid":{"rendered":"https:\/\/www.europesays.com\/fi\/339523\/"},"modified":"2026-09-02T10:58:10","modified_gmt":"2026-09-02T10:58:10","slug":"gal-gadot-ei-palaa-wonder-womanin-rooliin-enaa-ja-syykin-on-nyt-selvilla","status":"publish","type":"post","link":"https:\/\/www.europesays.com\/fi\/339523\/","title":{"rendered":"Gal Gadot ei palaa Wonder Womanin rooliin en\u00e4\u00e4 ja syykin on nyt selvill\u00e4"},"content":{"rendered":"<p>Kuva: \u00a9 Warner Bros.<\/p>\n<p>Gal Gadot teki kaksi Wonder Woman -elokuvaa, mutta ei palaa rooliin en\u00e4\u00e4.<\/p>\n<p><a href=\"https:\/\/muropaketti.com\/avainsana\/gal-gadot\/\" rel=\"nofollow noopener\" target=\"_blank\">Gal Gadot<\/a> on siirtynyt urallaan eteenp\u00e4in DC Studiosin Wonder Woman -elokuvien j\u00e4lkeen. <a href=\"https:\/\/www.youtube.com\/watch?v=PQDZwG78Pec\" target=\"_blank\" rel=\"noreferrer noopener nofollow\">Happy Sad Confused -podcastin<\/a> haastattelussa Gadot kertoo, ettei h\u00e4n en\u00e4\u00e4 l\u00e4htisi mukaan kolmanteen Wonder Woman -elokuvaan vaikka pyydett\u00e4isiin.<\/p>\n<p>\u201dViel\u00e4 yhden Wonder Womanin tekeminen t\u00e4ss\u00e4 vaiheessa el\u00e4m\u00e4\u00e4ni, kun minulla on nelj\u00e4 lasta ja eri koulut ja kaikki muu, en tied\u00e4 l\u00e4htisink\u00f6 siihen. Joutuisin olemaan poissa heid\u00e4n luotaan niin pitk\u00e4n aikaa, se ei en\u00e4\u00e4 toimi el\u00e4m\u00e4ni t\u00e4ss\u00e4 vaiheessa\u201d, Gadot kertoo.<\/p>\n<p>H\u00e4n kuitenkin kertoo olevansa kiitollinen siit\u00e4, ett\u00e4 sai tehd\u00e4 kaksi Wonder Woman -elokuvaa, joiden lis\u00e4ksi hahmo n\u00e4htiin my\u00f6s Batman v Supermanissa ja Justice Leaguessa.<\/p>\n<p>\u201dOlen niin kiitollinen, ett\u00e4 sain tilaisuuden k\u00e4ytt\u00e4\u00e4 n\u00e4it\u00e4 saappaita ja esitt\u00e4\u00e4 n\u00e4in rakastettua hahmoa. Voin vain toivoa, ett\u00e4 se kuka tahansa hahmoa esitt\u00e4\u00e4k\u00e4\u00e4n seuraavaksi, l\u00e4htisi avoimin mielin t\u00e4lle matkalle. T\u00e4m\u00e4 hahmo merkitsee niin paljon niin monille meist\u00e4. Se ei koskaan ollut minun. Olin aina vain astia. T\u00e4m\u00e4 on Hollywood.\u201d<\/p>\n<p>Katso koko haastattelu t\u00e4st\u00e4 videosta:<\/p>\n<p>Gadot n\u00e4yttelee my\u00f6s uudessa toimintaj\u00e4nn\u00e4riss\u00e4 The Runner, joka on julkaistu t\u00e4n\u00e4\u00e4n Prime Videossa.<\/p>\n","protected":false},"excerpt":{"rendered":"Kuva: \u00a9 Warner Bros. Gal Gadot teki kaksi Wonder Woman -elokuvaa, mutta ei palaa rooliin en\u00e4\u00e4. Gal Gadot&hellip;\n","protected":false},"author":2,"featured_media":339524,"comment_status":"","ping_status":"","sticky":false,"template":"","format":"standard","meta":{"footnotes":"","_share_on_mastodon":"0"},"categories":[131],"tags":[5185,155,137,33,173,31,30,25904,172,32,109,23489],"class_list":["post-339523","post","type-post","status-publish","format-standard","has-post-thumbnail","category-elokuvat","tag-dc-studios","tag-elokuvat","tag-entertainment","tag-fi","tag-film","tag-finland","tag-finnish","tag-gal-gadot","tag-movies","tag-suomi","tag-viihde","tag-wonder-woman"],"share_on_mastodon":{"url":"https:\/\/pubeurope.com\/@fi\/117201096338565427","error":""},"_links":{"self":[{"href":"https:\/\/www.europesays.com\/fi\/wp-json\/wp\/v2\/posts\/339523","targetHints":{"allow":["GET"]}}],"collection":[{"href":"https:\/\/www.europesays.com\/fi\/wp-json\/wp\/v2\/posts"}],"about":[{"href":"https:\/\/www.europesays.com\/fi\/wp-json\/wp\/v2\/types\/post"}],"author":[{"embeddable":true,"href":"https:\/\/www.europesays.com\/fi\/wp-json\/wp\/v2\/users\/2"}],"replies":[{"embeddable":true,"href":"https:\/\/www.europesays.com\/fi\/wp-json\/wp\/v2\/comments?post=339523"}],"version-history":[{"count":0,"href":"https:\/\/www.europesays.com\/fi\/wp-json\/wp\/v2\/posts\/339523\/revisions"}],"wp:featuredmedia":[{"embeddable":true,"href":"https:\/\/www.europesays.com\/fi\/wp-json\/wp\/v2\/media\/339524"}],"wp:attachment":[{"href":"https:\/\/www.europesays.com\/fi\/wp-json\/wp\/v2\/media?parent=339523"}],"wp:term":[{"taxonomy":"category","embeddable":true,"href":"https:\/\/www.europesays.com\/fi\/wp-json\/wp\/v2\/categories?post=339523"},{"taxonomy":"post_tag","embeddable":true,"href":"https:\/\/www.europesays.com\/fi\/wp-json\/wp\/v2\/tags?post=339523"}],"curies":[{"name":"wp","href":"https:\/\/api.w.org\/{rel}","templated":true}]}}