{"id":339525,"date":"2026-09-02T10:59:08","date_gmt":"2026-09-02T10:59:08","guid":{"rendered":"https:\/\/www.europesays.com\/fi\/339525\/"},"modified":"2026-09-02T10:59:08","modified_gmt":"2026-09-02T10:59:08","slug":"lihastautien-tietoisuuspaiva-2026-muistuttaa-ihminen-on-enemman-kuin-diagnoosinsa","status":"publish","type":"post","link":"https:\/\/www.europesays.com\/fi\/339525\/","title":{"rendered":"Lihastautien tietoisuusp\u00e4iv\u00e4 2026 muistuttaa: Ihminen on enemm\u00e4n kuin diagnoosinsa"},"content":{"rendered":"<p><strong>Keskiviikkona 2.9. vietet\u00e4\u00e4n j\u00e4lleen Lihastautien tietoisuusp\u00e4iv\u00e4\u00e4. P\u00e4iv\u00e4n tavoitteena on lis\u00e4t\u00e4 ymm\u00e4rryst\u00e4 ja tietoa lihassairauksista sek\u00e4 niiden vaikutuksista lihastautia sairastavan arkeen. T\u00e4n\u00e4 vuonna Lihastautiliitto haluaa muistuttaa erityisesti siit\u00e4, ett\u00e4 lihastautidiagnoosi on vain yksi osa ihmist\u00e4, eik\u00e4 m\u00e4\u00e4rit\u00e4 ihmisen osaamista, tavoitteita, kiinnostuksen kohteita tai unelmia.<\/strong><\/p>\n<p>Suomessa on noin 20 000 lihastautia sairastavaa. Lihassairaudet muodostavat laajan harvinaissairauksien ryhm\u00e4n, johon kuuluu satoja erilaisia diagnooseja. Sairaudet ja niiden vaikutukset vaihtelevat suuresti ihmisest\u00e4 toiseen, ja my\u00f6s samalla diagnoosilla el\u00e4vien kokemukset voivat olla hyvin erilaisia.<\/p>\n<p>Lihassairaus voi n\u00e4ky\u00e4 ulosp\u00e4in selv\u00e4sti tai olla l\u00e4hes t\u00e4ysin n\u00e4kym\u00e4t\u00f6n. Ulkon\u00e4k\u00f6 ei kuitenkaan kerro ihmisen toimintakyvyst\u00e4 tai avun tarpeesta.<\/p>\n<p>Toimintakyky ja tuen tarve voivat vaihdella paljon sek\u00e4 eri ihmisten v\u00e4lill\u00e4 ett\u00e4 saman henkil\u00f6n arjessa p\u00e4iv\u00e4st\u00e4 toiseen. Py\u00f6r\u00e4tuolia k\u00e4ytt\u00e4v\u00e4 voi kyet\u00e4 k\u00e4velem\u00e4\u00e4n lyhyit\u00e4 matkoja, ja k\u00e4velev\u00e4 ihminen voi puolestaan tarvita runsaasti lepoa tai erilaisia tukitoimia.<\/p>\n<p>Lihassairaudet yhdistet\u00e4\u00e4n usein lihasheikkouteen, mutta niiden vaikutukset voivat ulottua paljon laajemmalle. Sairaudet voivat vaikuttaa esimerkiksi liikkumiseen, jaksamiseen, puheeseen, nielemiseen, hengitykseen tai syd\u00e4men toimintaan. Oirekuva on aina yksil\u00f6llinen.<\/p>\n<p><strong>Tieto lis\u00e4\u00e4 yhdenvertaisuutta<\/strong><\/p>\n<p>Lihastautia sairastavat ihmiset opiskelevat, ty\u00f6skentelev\u00e4t, harrastavat, perustavat perheit\u00e4 ja osallistuvat yhteiskuntaan. Vaikka sairaus voi vaikuttaa siihen, miten asioita tehd\u00e4\u00e4n, se ei m\u00e4\u00e4rit\u00e4 ihmisen osaamista, tavoitteita, kiinnostuksen kohteita tai unelmia.<\/p>\n<p>Tietoisuusp\u00e4iv\u00e4n keskeinen viesti on, ett\u00e4 jokaisella on oikeus hyv\u00e4\u00e4n, yhdenvertaiseen ja esteett\u00f6m\u00e4\u00e4n el\u00e4m\u00e4\u00e4n toimintakyvyst\u00e4 riippumatta. Esteett\u00f6m\u00e4t ymp\u00e4rist\u00f6t, saavutettavat palvelut, oikea-aikainen hoito, kuntoutus ja yksil\u00f6lliset tukitoimet mahdollistavat t\u00e4ysipainoisen osallistumisen yhteiskuntaan.<\/p>\n<p>Lihassairaudet vaikuttavat esimerkiksi koulutukseen, ty\u00f6el\u00e4m\u00e4\u00e4n, asumiseen, liikkumiseen ja yhteiskunnalliseen osallistumiseen. Kun tietoa on enemm\u00e4n, v\u00e4\u00e4r\u00e4t oletukset v\u00e4henev\u00e4t ja palveluita sek\u00e4 ymp\u00e4rist\u00f6j\u00e4 voidaan kehitt\u00e4\u00e4 paremmin erilaiset toimintakyvyt huomioiviksi.<\/p>\n<p><strong>Tietoisuusp\u00e4iv\u00e4n kampanja kannustaa kaikkia osallistumaan tiedon levitt\u00e4miseen sosiaalisessa mediassa aihetunnisteella #LihastautienTietoisuusp\u00e4iv\u00e4.<\/strong><\/p>\n","protected":false},"excerpt":{"rendered":"Keskiviikkona 2.9. vietet\u00e4\u00e4n j\u00e4lleen Lihastautien tietoisuusp\u00e4iv\u00e4\u00e4. P\u00e4iv\u00e4n tavoitteena on lis\u00e4t\u00e4 ymm\u00e4rryst\u00e4 ja tietoa lihassairauksista sek\u00e4 niiden vaikutuksista lihastautia&hellip;\n","protected":false},"author":2,"featured_media":339526,"comment_status":"","ping_status":"","sticky":false,"template":"","format":"standard","meta":{"footnotes":"","_share_on_mastodon":"0"},"categories":[165],"tags":[33,31,30,166,32,167],"class_list":["post-339525","post","type-post","status-publish","format-standard","has-post-thumbnail","category-terveys","tag-fi","tag-finland","tag-finnish","tag-health","tag-suomi","tag-terveys"],"share_on_mastodon":{"url":"https:\/\/pubeurope.com\/@fi\/117201100050397669","error":""},"_links":{"self":[{"href":"https:\/\/www.europesays.com\/fi\/wp-json\/wp\/v2\/posts\/339525","targetHints":{"allow":["GET"]}}],"collection":[{"href":"https:\/\/www.europesays.com\/fi\/wp-json\/wp\/v2\/posts"}],"about":[{"href":"https:\/\/www.europesays.com\/fi\/wp-json\/wp\/v2\/types\/post"}],"author":[{"embeddable":true,"href":"https:\/\/www.europesays.com\/fi\/wp-json\/wp\/v2\/users\/2"}],"replies":[{"embeddable":true,"href":"https:\/\/www.europesays.com\/fi\/wp-json\/wp\/v2\/comments?post=339525"}],"version-history":[{"count":0,"href":"https:\/\/www.europesays.com\/fi\/wp-json\/wp\/v2\/posts\/339525\/revisions"}],"wp:featuredmedia":[{"embeddable":true,"href":"https:\/\/www.europesays.com\/fi\/wp-json\/wp\/v2\/media\/339526"}],"wp:attachment":[{"href":"https:\/\/www.europesays.com\/fi\/wp-json\/wp\/v2\/media?parent=339525"}],"wp:term":[{"taxonomy":"category","embeddable":true,"href":"https:\/\/www.europesays.com\/fi\/wp-json\/wp\/v2\/categories?post=339525"},{"taxonomy":"post_tag","embeddable":true,"href":"https:\/\/www.europesays.com\/fi\/wp-json\/wp\/v2\/tags?post=339525"}],"curies":[{"name":"wp","href":"https:\/\/api.w.org\/{rel}","templated":true}]}}