{"id":339531,"date":"2026-09-02T11:04:15","date_gmt":"2026-09-02T11:04:15","guid":{"rendered":"https:\/\/www.europesays.com\/fi\/339531\/"},"modified":"2026-09-02T11:04:15","modified_gmt":"2026-09-02T11:04:15","slug":"t24-prisma-haipyi-virosta-nain-kay-suomalaisille-suosikkituotteille-teemat","status":"publish","type":"post","link":"https:\/\/www.europesays.com\/fi\/339531\/","title":{"rendered":"T24 | Prisma h\u00e4ipyi Virosta \u2013\u2009n\u00e4in k\u00e4y suomalaisille suosikkituotteille | Teemat"},"content":{"rendered":"<p>SOK:n ja Coop Eestin v\u00e4linen yrityskauppa saatiin p\u00e4\u00e4t\u00f6kseen syyskuun ensimm\u00e4isen\u00e4 p\u00e4iv\u00e4n\u00e4 ja 13 Prisma-myym\u00e4l\u00e4\u00e4 siirtyi Coop Eestin omistukseen.<\/p>\n<p><strong class=\"diks-storyline__impact\">Samalla k\u00e4ynnistyi<\/strong> SOK:n ja Coop Eestin v\u00e4linen yhteisty\u00f6, joka avaa suomalaiselle elintarviketeollisuudelle uuden merkitt\u00e4v\u00e4n vientikanavan Viroon ja mahdollisuuden tavoittaa laajasti virolaisia kuluttajia. Yhteisty\u00f6n tiimoilta elintarviketeollisuus voi aiemman 13 Prisma-myym\u00e4l\u00e4n sijaan jatkossa tarjota tuotteitaan yli 300 Coop Eestin myym\u00e4l\u00e4\u00e4n. Lis\u00e4ksi Coop Eestill\u00e4 on mahdollisuus ostaa S-ryhm\u00e4n marketkaupan valikoimissa olevia tuotteita.<\/p>\n<p>Suomalaisille tuotteille on todenn\u00e4k\u00f6isesti jatkossakin kysynt\u00e4\u00e4 Virossa, sill\u00e4 Prisma-ketjun poistuminen on her\u00e4tt\u00e4nyt paljon haikeutta virolaiskuluttajien keskuudessa, ja moni on pel\u00e4nnyt suosikkituotteidensa h\u00e4vi\u00e4v\u00e4n kauppojen hyllylt\u00e4.<\/p>\n<p>\t\t<a class=\"diks-gallery__link\" href=\"https:\/\/i.media.fi\/incoming\/94uoo7\/8529224.jpg\/alternates\/FREE_1440\/8529224.jpg\" data-thumbnail=\"\" data-sub-html=\"13 Prisma-myym\u00e4l\u00e4\u00e4 siirtyiv\u00e4t Coop Eestin omistukseen. Prisma Peremarket \/ Siim Solman\" aria-label=\"Katso isompi kuva\" rel=\"nofollow noopener\" target=\"_blank\"><br \/>\n\t\t\t\t<img class=\"diks-figure__image\" src=\"https:\/\/www.europesays.com\/fi\/wp-content\/uploads\/2026\/09\/8529224.jpg\" loading=\"lazy\" decoding=\"sync\" alt=\"\"\/><\/p>\n<p>\t\t\t<\/a><br \/>\n\t\t\t\t\t13 Prisma-myym\u00e4l\u00e4\u00e4 siirtyiv\u00e4t Coop Eestin omistukseen. Prisma Peremarket \/ Siim Solman<\/p>\n<p>Virolaiskuluttajan arvostavat erityisesti suomalaistuotteiden laatua ja monia erikoistuotteita, joiden valmistamisessa suomalaisilla elintarvikeyrityksill\u00e4 on erityisosaamista. Gluteenittomat tuotteet ovat yksi t\u00e4llainen tuoteryhm\u00e4<\/p>\n<p>\u2013 Monet virolaiset kuluttajat ovat hankkineet suomalaisia suosikkituotteitaan varastoon sek\u00e4 kertoneet j\u00e4\u00e4v\u00e4ns\u00e4 kaipaamaan niit\u00e4. T\u00e4m\u00e4 kertoo suomalaisiin tuotteisiin kohdistuvasta vahvasta kysynn\u00e4st\u00e4, S-ryhm\u00e4n p\u00e4ivitt\u00e4istavarakaupan johtaja <strong>Antti Oksa <\/strong>toteaa tiedotteessa.<\/p>\n<p>SOK:n 25 vuotta Virossa harjoittama marketkauppa on ollut kokonaisuutena taloudellisesti kannattavaa. Samassa ajassa Prisma on rakentanut Virossa tunnetun ja arvostetun aseman.<\/p>\n<p>\u2013 Olemme ylpeit\u00e4 siit\u00e4, mit\u00e4 yhdess\u00e4 henkil\u00f6st\u00f6mme kanssa olemme Virossa rakentaneet, ja haluamme l\u00e4mpim\u00e4sti kiitt\u00e4\u00e4 ty\u00f6ntekij\u00f6it\u00e4mme, asiakkaitamme ja yhteisty\u00f6kumppaneitamme kuluneista 26 vuodesta, Viron marketkaupasta vuodesta 2020 l\u00e4htien vastannut johtaja <strong>Ilkka Alarotu<\/strong> sanoo.<\/p>\n<p>Yrityskaupan taustalla oli SOK:n strateginen p\u00e4\u00e4t\u00f6s keskitt\u00e4\u00e4 investoinnit asiakasomistajien palveluiden kehitt\u00e4miseen kotimaan liiketoiminnassa.<\/p>\n","protected":false},"excerpt":{"rendered":"SOK:n ja Coop Eestin v\u00e4linen yrityskauppa saatiin p\u00e4\u00e4t\u00f6kseen syyskuun ensimm\u00e4isen\u00e4 p\u00e4iv\u00e4n\u00e4 ja 13 Prisma-myym\u00e4l\u00e4\u00e4 siirtyi Coop Eestin omistukseen.&hellip;\n","protected":false},"author":2,"featured_media":339532,"comment_status":"","ping_status":"","sticky":false,"template":"","format":"standard","meta":{"footnotes":"","_share_on_mastodon":"0"},"categories":[76],"tags":[79,77,2199,33,31,30,898,2198,6304,32,3593,78,2200,4029],"class_list":["post-339531","post","type-post","status-publish","format-standard","has-post-thumbnail","category-talous","tag-business","tag-economy","tag-elintarvikekauppa-ja-supermarketit","tag-fi","tag-finland","tag-finnish","tag-kulutustavarat","tag-paivittaistavarat-sektori","tag-s-ryhma","tag-suomi","tag-tallinna24","tag-talous","tag-vahittaiskauppa-pl-moottoriajoneuvot-kotitaloustavaroiden-korjaus","tag-viro"],"share_on_mastodon":{"url":"https:\/\/pubeurope.com\/@fi\/117201120459117335","error":""},"_links":{"self":[{"href":"https:\/\/www.europesays.com\/fi\/wp-json\/wp\/v2\/posts\/339531","targetHints":{"allow":["GET"]}}],"collection":[{"href":"https:\/\/www.europesays.com\/fi\/wp-json\/wp\/v2\/posts"}],"about":[{"href":"https:\/\/www.europesays.com\/fi\/wp-json\/wp\/v2\/types\/post"}],"author":[{"embeddable":true,"href":"https:\/\/www.europesays.com\/fi\/wp-json\/wp\/v2\/users\/2"}],"replies":[{"embeddable":true,"href":"https:\/\/www.europesays.com\/fi\/wp-json\/wp\/v2\/comments?post=339531"}],"version-history":[{"count":0,"href":"https:\/\/www.europesays.com\/fi\/wp-json\/wp\/v2\/posts\/339531\/revisions"}],"wp:featuredmedia":[{"embeddable":true,"href":"https:\/\/www.europesays.com\/fi\/wp-json\/wp\/v2\/media\/339532"}],"wp:attachment":[{"href":"https:\/\/www.europesays.com\/fi\/wp-json\/wp\/v2\/media?parent=339531"}],"wp:term":[{"taxonomy":"category","embeddable":true,"href":"https:\/\/www.europesays.com\/fi\/wp-json\/wp\/v2\/categories?post=339531"},{"taxonomy":"post_tag","embeddable":true,"href":"https:\/\/www.europesays.com\/fi\/wp-json\/wp\/v2\/tags?post=339531"}],"curies":[{"name":"wp","href":"https:\/\/api.w.org\/{rel}","templated":true}]}}