{"id":339561,"date":"2026-09-02T11:58:22","date_gmt":"2026-09-02T11:58:22","guid":{"rendered":"https:\/\/www.europesays.com\/fi\/339561\/"},"modified":"2026-09-02T11:58:22","modified_gmt":"2026-09-02T11:58:22","slug":"maailman-suurimman-maan-johtaja-putinille-lopeta-sota-reaktio-tallentui-videolle","status":"publish","type":"post","link":"https:\/\/www.europesays.com\/fi\/339561\/","title":{"rendered":"Maailman suurimman maan johtaja Putinille: Lopeta sota \u2013 Reaktio tallentui videolle"},"content":{"rendered":"<p>Intian p\u00e4\u00e4ministeri esitti Ven\u00e4j\u00e4n presidentti Vladimir Putinille suoran pyynn\u00f6n Ukrainan sodan lopettamisesta.<\/p>\n<p class=\"paragraph\">Ven\u00e4j\u00e4n presidentti <a href=\"https:\/\/www.iltalehti.fi\/henkilot\/Vladimir Putin\" class=\"article-link-person-page\" rel=\"nofollow noopener\" target=\"_blank\">Vladimir Putin<\/a> n\u00e4htiin maanantaina vaikeana, kun Intian p\u00e4\u00e4ministeri <a href=\"https:\/\/www.iltalehti.fi\/henkilot\/Narendra Modi\" class=\"article-link-person-page\" rel=\"nofollow noopener\" target=\"_blank\">Narendra Modi<\/a> vaati julkisesti Ukrainan sodan p\u00e4\u00e4tt\u00e4mist\u00e4 Shanghain yhteisty\u00f6j\u00e4rjest\u00f6n huippukokouksessa Kirgisiassa.<\/p>\n<p class=\"paragraph\">\u2013 Meid\u00e4n on siirrytt\u00e4v\u00e4 loputtomasta sodasta sodan loppuun, vihollisuuksien p\u00e4\u00e4ttymiseen. Ja juuri t\u00e4h\u00e4n suuntaan meid\u00e4n on edett\u00e4v\u00e4. T\u00e4m\u00e4 on \u00e4\u00e4rimm\u00e4isen t\u00e4rke\u00e4\u00e4 koko ihmiskunnalle, Modi sanoi.<\/p>\n<p class=\"paragraph\">Tapaamisesta kuvatulla videolla n\u00e4kyy, miten Putin kuuntelee Modin puhetta keskittyneesti ja hieman vaikean oloisesti nieleskellen ja huuliaan imeskellen.<\/p>\n<p class=\"paragraph\">Intian p\u00e4\u00e4ministerin lausuessa englanniksi sanat \u201dend of war\u201d (suom. sodan loppu) Putinin katse k\u00e4\u00e4ntyy hetkellisesti lattiasta suoraan puhujaan.<\/p>\n<p><img decoding=\"async\" class=\"image image-show image-preview\" src=\"https:\/\/www.europesays.com\/fi\/wp-content\/uploads\/2026\/09\/784270cad8d67f0db0b3a8be38eee387650c7e3b6a1718746894ff9068c7fc3e.jpg\" alt=\"\"\/><img decoding=\"async\" class=\"image image-show\" src=\"https:\/\/www.europesays.com\/fi\/wp-content\/uploads\/2026\/09\/1788350302_598_784270cad8d67f0db0b3a8be38eee387650c7e3b6a1718746894ff9068c7fc3e.jpg\" alt=\"\"\/><\/p>\n<p>Ven\u00e4j\u00e4n presidentti Vladimir Putin keskittyi omassa puheenvuorossaan Intian ja Ven\u00e4j\u00e4n suhteiden ylist\u00e4miseen. ZumaWire \/ MVPHOTOS<\/p>\n<p class=\"paragraph\">Uutistoimisto Reutersin julkaisemasta videosta on j\u00e4\u00e4nyt pois osuus, jossa Putin vastaa Modin Ukrainan sotaa koskevaan osuuteen. Brittilehti Daily Mailin <a href=\"https:\/\/www.dailymail.com\/news\/article-16093667\/squirming-Putin-endless-war-end-India-Modi.html\" target=\"_blank\" rel=\"noopener nofollow\">mukaan<\/a> Ven\u00e4j\u00e4n presidentti tyytyi toteamaan sodan p\u00e4\u00e4tt\u00e4misest\u00e4 vain, ett\u00e4 \u201dliikumme siihen suuntaan\u201d.<\/p>\n<p class=\"paragraph\">Sen j\u00e4lkeen Putin jatkoi puhettaan ylist\u00e4m\u00e4ll\u00e4 Ven\u00e4j\u00e4n ja Intian v\u00e4lisi\u00e4 suhteita ja Modia itse\u00e4\u00e4n.<\/p>\n<p class=\"paragraph\">\u2013 Ven\u00e4j\u00e4n ja Intian v\u00e4liset suhteet vahvistuvat edelleen erityisen ja etuoikeutetun strategisen kumppanuuden periaatteiden pohjalta. Arvoisa p\u00e4\u00e4ministeri, ep\u00e4ilem\u00e4tt\u00e4 teid\u00e4n henkil\u00f6kohtainen panoksenne Ven\u00e4j\u00e4n ja Intian v\u00e4listen suhteiden kehitt\u00e4miseen edist\u00e4\u00e4 t\u00e4t\u00e4 suuresti, Putin sanoo Modin nauraessa h\u00e4nen ylistyssanoilleen.<\/p>\n<p>Harvinaisia sanoja<\/p>\n<p class=\"paragraph\">Intiasta on Ukrainan sodan aikana muodostunut Ven\u00e4j\u00e4lle \u00e4\u00e4rimm\u00e4isen t\u00e4rke\u00e4 kumppani etenkin kaupan osalta.<\/p>\n<p class=\"paragraph\">Suomessa majaansa pit\u00e4v\u00e4 voittoa tavoittelematon ajatushautomo Centre for Research on Energy and Clean Air (CREA) kertoo hein\u00e4kuun <a href=\"https:\/\/energyandcleanair.org\/july-2026-monthly-analysis-of-russian-fossil-fuel-exports-and-sanctions\/\" target=\"_blank\" rel=\"noopener nofollow\">katsauksessaan<\/a> Intian olevan Kiinan j\u00e4lkeen suurin ven\u00e4l\u00e4isten fossiilisten polttoaineiden ostaja. Intia on my\u00f6s v\u00e4kiluvultaan maailman suurin valtio.<\/p>\n<p>Intia on Kiinan j\u00e4lkeen maailman suurin ven\u00e4l\u00e4isten fossiilisten polttoaineiden ostaja. Kuvassa Intian p\u00e4\u00e4ministeri Narendra Modi. ZumaWire \/ MVPHOTOS<\/p>\n<p class=\"paragraph\">Samalla Intia on kyll\u00e4 vedonnut rauhan ja diplomatian puolesta aiemminkin, mutta Modin nyt antama lausunto on aiempiin verrattuna erityisen suora.<\/p>\n<p class=\"paragraph\">Samanlaista suoraa retoriikkaa <a href=\"https:\/\/www.iltalehti.fi\/ulkomaat\/f683837c-097d-43aa-86aa-672d0b26fe41\" rel=\"nofollow noopener\" target=\"_blank\">kuultiin reilu kuukausi<\/a> sitten my\u00f6s toiselta Ven\u00e4j\u00e4n pitk\u00e4aikaiselta liittolaiselta, kun Kazakstanin presidentti <a href=\"https:\/\/www.iltalehti.fi\/henkilot\/Kassym-Jomart Tokayev\" class=\"article-link-person-page\" rel=\"nofollow noopener\" target=\"_blank\">Kasym-\u017domart Tokajev<\/a> vetosi sodan \u201dj\u00e4\u00e4dytt\u00e4misen\u201d puolesta.<\/p>\n<p class=\"paragraph\">\u2013 Kyse ei ole mist\u00e4\u00e4n sis\u00e4llissodasta. Olemme aina suhtautuneet kunnioittavasti Ukrainan kansaan, sen kulttuuriin ja kieleen, ja katsomme, ett\u00e4 t\u00e4m\u00e4n konfliktin luonne ei ole monille t\u00e4ysin selv\u00e4, meid\u00e4t mukaan lukien, Tokajev sanoi.<\/p>\n<p class=\"paragraph\">\u2013 Ehk\u00e4 t\u00e4m\u00e4 konflikti kannattaisi jo j\u00e4\u00e4dytt\u00e4\u00e4 ja palata Istanbul 2.0 -kaavaan, sill\u00e4 siin\u00e4 saavutettiin merkitt\u00e4vi\u00e4 tuloksia.<\/p>\n<p class=\"paragraph\">Kazakstanin presidentin lausuntoa Iltalehdelle kommentoinut Ulkopoliittisen instituutin vanhempi tutkija <a href=\"https:\/\/www.iltalehti.fi\/henkilot\/Ryhor Nizhnikau\" class=\"article-link-person-page\" rel=\"nofollow noopener\" target=\"_blank\">Ryhor Nizhnikau<\/a> <a href=\"https:\/\/www.iltalehti.fi\/ulkomaat\/90f91a22-2850-471b-9963-c8b84896c2ec\" rel=\"nofollow noopener\" target=\"_blank\">kertoikin tuolloin<\/a>, ett\u00e4 Putinia lukuun ottamatta l\u00e4hes kaikki n\u00e4kev\u00e4t nyt olevan otollinen hetki saada Ven\u00e4j\u00e4 neuvottelup\u00f6yt\u00e4\u00e4n.<\/p>\n<p class=\"paragraph\">\u2013 Kaikki haluaisivat tietenkin t\u00e4m\u00e4n sodan p\u00e4\u00e4ttyv\u00e4n. Putin vaikuttaa olevan ainoa, joka ei n\u00e4e todellista syyt\u00e4 sodan lopettamiseen, Nizhnikau sanoi.<\/p>\n","protected":false},"excerpt":{"rendered":"Intian p\u00e4\u00e4ministeri esitti Ven\u00e4j\u00e4n presidentti Vladimir Putinille suoran pyynn\u00f6n Ukrainan sodan lopettamisesta. Ven\u00e4j\u00e4n presidentti Vladimir Putin n\u00e4htiin maanantaina&hellip;\n","protected":false},"author":2,"featured_media":339562,"comment_status":"","ping_status":"","sticky":false,"template":"","format":"standard","meta":{"footnotes":"","_share_on_mastodon":"0"},"categories":[14],"tags":[35,22,23,26,27,33,31,30,17,24,25,28,29,15,18,21,142,637,144,32,19,20,56,16,1262,1665,59,60,61],"class_list":["post-339561","post","type-post","status-publish","format-standard","has-post-thumbnail","category-ulkomaat","tag-24h","tag-breaking-news","tag-breakingnews","tag-featured-news","tag-featurednews","tag-fi","tag-finland","tag-finnish","tag-headlines","tag-latest-news","tag-latestnews","tag-main-news","tag-mainnews","tag-news","tag-otsikot","tag-paauutiset","tag-poliitikot","tag-politiikka","tag-presidentti","tag-suomi","tag-top-stories","tag-topstories","tag-ulkomaat","tag-uutiset","tag-venajan-politiikka","tag-venalaiset-poliitikot","tag-world","tag-world-news","tag-worldnews"],"share_on_mastodon":{"url":"https:\/\/pubeurope.com\/@fi\/117201332748541037","error":""},"_links":{"self":[{"href":"https:\/\/www.europesays.com\/fi\/wp-json\/wp\/v2\/posts\/339561","targetHints":{"allow":["GET"]}}],"collection":[{"href":"https:\/\/www.europesays.com\/fi\/wp-json\/wp\/v2\/posts"}],"about":[{"href":"https:\/\/www.europesays.com\/fi\/wp-json\/wp\/v2\/types\/post"}],"author":[{"embeddable":true,"href":"https:\/\/www.europesays.com\/fi\/wp-json\/wp\/v2\/users\/2"}],"replies":[{"embeddable":true,"href":"https:\/\/www.europesays.com\/fi\/wp-json\/wp\/v2\/comments?post=339561"}],"version-history":[{"count":0,"href":"https:\/\/www.europesays.com\/fi\/wp-json\/wp\/v2\/posts\/339561\/revisions"}],"wp:featuredmedia":[{"embeddable":true,"href":"https:\/\/www.europesays.com\/fi\/wp-json\/wp\/v2\/media\/339562"}],"wp:attachment":[{"href":"https:\/\/www.europesays.com\/fi\/wp-json\/wp\/v2\/media?parent=339561"}],"wp:term":[{"taxonomy":"category","embeddable":true,"href":"https:\/\/www.europesays.com\/fi\/wp-json\/wp\/v2\/categories?post=339561"},{"taxonomy":"post_tag","embeddable":true,"href":"https:\/\/www.europesays.com\/fi\/wp-json\/wp\/v2\/tags?post=339561"}],"curies":[{"name":"wp","href":"https:\/\/api.w.org\/{rel}","templated":true}]}}