{"id":339563,"date":"2026-09-02T11:59:13","date_gmt":"2026-09-02T11:59:13","guid":{"rendered":"https:\/\/www.europesays.com\/fi\/339563\/"},"modified":"2026-09-02T11:59:13","modified_gmt":"2026-09-02T11:59:13","slug":"ensihoitajat-tekivat-karmean-loydon-janne-puhakan-kotoa-he-pakenivat-ulos","status":"publish","type":"post","link":"https:\/\/www.europesays.com\/fi\/339563\/","title":{"rendered":"Ensihoitajat tekiv\u00e4t karmean l\u00f6yd\u00f6n Janne Puhakan kotoa \u2013 \u201dHe pakenivat ulos\u201d"},"content":{"rendered":"<p>Iltalehti seurasi Janne Puhakan murhaoikeudenk\u00e4ynnin kolmatta p\u00e4iv\u00e4\u00e4 Helsingin hovioikeudessa.<\/p>\n<p class=\"paragraph\"><a href=\"https:\/\/www.iltalehti.fi\/henkilot\/Janne Puhakka\" class=\"article-link-person-page\" rel=\"nofollow noopener\" target=\"_blank\">Janne Puhakan<\/a>, 29, murhan oikeudenk\u00e4ynti jatkui Helsingin hovioikeudessa todistajien kuulemisella.<\/p>\n<p class=\"paragraph\">Keskiviikkona 2. syyskuuta salissa kuultiin kuutta todistajaa: kahta poliisia, kahta l\u00e4\u00e4k\u00e4ri\u00e4, ex-pariskunnan naapuria sek\u00e4 yhteist\u00e4 yst\u00e4v\u00e4\u00e4.<\/p>\n<p class=\"paragraph\">Puhakan entinen puoliso, elinkautiseen tuomittu <a href=\"https:\/\/www.iltalehti.fi\/henkilot\/Rolf Nordmo\" class=\"article-link-person-page\" rel=\"nofollow noopener\" target=\"_blank\">Rolf Nordmo<\/a>, 68, vaatii murhasyytteen hylk\u00e4\u00e4mist\u00e4. H\u00e4n katsoo syyllistyneens\u00e4 tappoon.<\/p>\n<p class=\"paragraph\">Iltalehti seurasi oikeudenk\u00e4ynti\u00e4 oheisessa tekstiseurannassa.<\/p>\n<p>Liveseuranta<\/p>\n<p>Uusin ensinVanhin ensin<\/p>\n<p>Ei vanhempia p\u00e4ivityksi\u00e4<\/p>\n<p>\u201dRolf oli todella turhautunut\u201d<img decoding=\"async\" class=\"image image-show image-preview\" src=\"https:\/\/www.europesays.com\/fi\/wp-content\/uploads\/2026\/09\/d6e95752e0f6acce38de6db59545e63514bcce33f54fcf5b22423144cf04305d.jpg\" alt=\"\"\/><img decoding=\"async\" class=\"image image-show\" src=\"https:\/\/www.europesays.com\/fi\/wp-content\/uploads\/2026\/09\/1788350353_33_d6e95752e0f6acce38de6db59545e63514bcce33f54fcf5b22423144cf04305d.jpg\" alt=\"\"\/><\/p>\n<p>Rolf Nordmo vaatii, ett\u00e4 hovioikeus hylk\u00e4\u00e4 murhasyytteen ja tuomitsee h\u00e4net m\u00e4\u00e4r\u00e4aikaiseen vankeusrangaistukseen taposta. Antti Mannermaa<\/p>\n<p class=\"paragraph\">Hovioikeudenk\u00e4yntiin on varattu kaikkiaan viisi p\u00e4iv\u00e4\u00e4.<\/p>\n<p class=\"paragraph\"><a href=\"https:\/\/www.iltalehti.fi\/kotimaa\/dcfed3ee-fb10-4a6d-be96-358ca85e14ae\" rel=\"nofollow noopener\" target=\"_blank\">Ensimm\u00e4isen\u00e4 p\u00e4iv\u00e4n\u00e4<\/a> salissa k\u00e4ytiin l\u00e4pi asiaesittelyt ja kirjalliset todisteet. <a href=\"https:\/\/www.iltalehti.fi\/kotimaa\/6f374d3c-53d6-46f6-9aa6-58bdccf2d15f\" rel=\"nofollow noopener\" target=\"_blank\">Toisena p\u00e4iv\u00e4n\u00e4<\/a> \u00e4\u00e4neen p\u00e4\u00e4siv\u00e4t Puhakan omaiset sek\u00e4 Nordmo itse. Norjalaismiehen kuuleminen kesti tuntikausia.<\/p>\n<p class=\"paragraph\">Kolmantena p\u00e4iv\u00e4n\u00e4 kuullaan muun muassa Henttaan-kodin naapuria. Naista kuullaan uutena todistajana eli ensimm\u00e4ist\u00e4 kertaa oikeusprosessin aikana.<\/p>\n<p class=\"paragraph\">H\u00e4n oli n\u00e4hnyt Nordmon tekop\u00e4iv\u00e4n\u00e4 13. lokakuuta 2024 hieman ennen henkirikosta.<\/p>\n<p class=\"paragraph\">\u2013 Sin\u00e4 p\u00e4iv\u00e4n\u00e4 h\u00e4n oli erilainen. H\u00e4n ei ollut vain surullinen, vaan my\u00f6s todella vihainen, nainen kertoi poliisikuulustelussa.<\/p>\n<p class=\"paragraph\">Nainen kertoi jutelleensa Nordmon kanssa puolisen tuntia p\u00e4\u00e4ttyneest\u00e4 parisuhteesta ja t\u00e4m\u00e4n voinnista.<\/p>\n<p class=\"paragraph\">\u2013 Rolf oli todella turhautunut. H\u00e4nest\u00e4 n\u00e4kyi turhautuneisuus ja vihan tunne ja suru. H\u00e4n sanoi, ettei voi uskoa t\u00e4t\u00e4 todeksi.<\/p>\n<p>Nordmo ampui Puhakan ex-pariskunnan yhteisen kodin eteiseen. Pete Anikari<\/p>\n<p class=\"paragraph\">Keskustelun p\u00e4\u00e4tytty\u00e4 nainen palasi kotiinsa.<\/p>\n<p class=\"paragraph\">\u2013 Yll\u00e4tt\u00e4v\u00e4\u00e4 oli my\u00f6s, ett\u00e4 vaikka min\u00e4 olin kotona koko ajan, en kuullut mit\u00e4\u00e4n. En kuullut riitely\u00e4 tai aseen laukauksia.<\/p>\n<p class=\"paragraph\">Nainen t\u00e4smensi, ettei asunnosta muutenkaan kuulunut juuri koskaan mit\u00e4\u00e4n.<\/p>\n<p>\u201dJos h\u00e4n ei saa Jannea niin ei kukaan muukaan\u201d<\/p>\n<p class=\"paragraph\">Hovioikeus kuulee keskiviikkona my\u00f6s muun muassa l\u00e4\u00e4k\u00e4ri\u00e4, joka tutki Nordmon v\u00e4litt\u00f6m\u00e4sti kiinnioton j\u00e4lkeen, sek\u00e4 poliisia, joka saattoi Nordmon tutkimuksiin.<\/p>\n<p class=\"paragraph\">Kumpaakin kuultiin todistajana sek\u00e4 k\u00e4r\u00e4j\u00e4oikeudessa ett\u00e4 esitutkinnassa. L\u00e4\u00e4k\u00e4rin mukaan Nordmo oli tilanteessa \u201dhieman kiihtynyt\u201d.<\/p>\n<p class=\"paragraph\">\u2013 H\u00e4n sanoi, ett\u00e4 ajatus Jannesta toisen miehen kanssa oli h\u00e4nelle liikaa.<\/p>\n<p class=\"paragraph\">\u2013 H\u00e4n puhui &#8221;h\u00e4nen Jannestaan&#8221; sanomalla &#8221;my Janne&#8221;.<\/p>\n<p>29-vuotiaana kuolleen Janne Puhakan kohtalo kosketti monia sek\u00e4 Suomessa ett\u00e4 ulkomailla. Jani Korpela<\/p>\n<p class=\"paragraph\">Poliisi taas kuvaili Nordmon k\u00e4yt\u00f6st\u00e4 asialliseksi, kohteliaaksi ja rauhalliseksi. H\u00e4nen mukaansa Nordmo tarinoi l\u00e4\u00e4k\u00e4rille ainakin puolen tunnin ajan kertoen pitk\u00e4lti ep\u00e4olennaisia seikkoja suhteesta.<\/p>\n<p class=\"paragraph\">\u2013 Sen se sanoi jossain yhteydess\u00e4, ett\u00e4 jos h\u00e4n ei saa Jannea niin sitten ei kukaan muukaan saa h\u00e4nt\u00e4. H\u00e4n sanoi ajatelleensa n\u00e4in.<\/p>\n<p class=\"paragraph\">\u2013 H\u00e4n oli viel\u00e4 niin rakastunut Janneen eik\u00e4 voinut kuvitella el\u00e4m\u00e4\u00e4ns\u00e4 ilman h\u00e4nt\u00e4. Niin se oli sitten k\u00e4\u00e4ntynyt n\u00e4in, ett\u00e4 h\u00e4n ajatteli ettei kukaan muukaan saa Jannea.<\/p>\n<p class=\"paragraph\">Todistajien kuulemiselle on varattu koko keskiviikkop\u00e4iv\u00e4. K\u00e4sittely jatkuu viel\u00e4 kahtena p\u00e4iv\u00e4n\u00e4 ensi viikolla.<\/p>\n<p class=\"paragraph\">Helsingin hovioikeus antaa tuomionsa my\u00f6hemmin.<\/p>\n<p>Nordmon ja Puhakan yli 10-vuotinen parisuhde p\u00e4\u00e4ttyi Puhakan aloitteesta syyskuussa 2024. Nordmo tappoi h\u00e4net alle kuukautta my\u00f6hemmin. Rolf Nordmon Instagram<\/p>\n<p>Janne Puhakan henkirikos<\/p>\n<p class=\"paragraph\">Alun perin j\u00e4\u00e4kiekkoilijana tunnetuksi tullut 29-vuotias Janne Puhakka kuoli henkirikoksen uhrina Espoon Henttaalla sunnuntaina 13. lokakuuta 2024.<\/p>\n<p class=\"paragraph\">H\u00e4nen entinen puolisonsa, tuolloin 66-vuotias Rolf Nordmo ampui h\u00e4net entisen kotitalon eteiseen haulikolla. Kahden laukauksen j\u00e4lkeen Nordmo hakkasi Puhakan kuoliaaksi iskem\u00e4ll\u00e4 t\u00e4t\u00e4 kymmenisen kertaa aseen metallisella piipulla.<\/p>\n<p class=\"paragraph\">V\u00e4kivalta oli raivokasta, ja Puhakka t\u00e4ysin puolustuskyvyt\u00f6n.<\/p>\n<p class=\"paragraph\">Puhakan ja Nordmon yli kymmenvuotinen parisuhde oli p\u00e4\u00e4ttynyt reilut kolme viikkoa aiemmin Puhakan aloitteesta. Kaksikon l\u00e4hipiirin mukaan Nordmo ei ollut hyv\u00e4ksynyt eroa.<\/p>\n<p class=\"paragraph\">Syytt\u00e4j\u00e4 vaati Nordmolle rangaistusta vakaasti harkiten sek\u00e4 erityisen raa\u2019alla ja julmalla tavalla tehdyst\u00e4 murhasta. Nordmo kiisti murhasyytteen ja my\u00f6nsi teon tappona.<\/p>\n<p class=\"paragraph\">L\u00e4nsi-Uudenmaan k\u00e4r\u00e4j\u00e4oikeus tuomitsi Nordmon murhasta elinkautiseen 1. huhtikuuta 2025. K\u00e4r\u00e4j\u00e4oikeus piti tekoa erityisen raakana, mutta ei erityisen julmana tai vakaasti harkittuna.<\/p>\n<p class=\"paragraph\">Nordmo valitti tuomiostaan Helsingin hovioikeuteen, jossa asiaa k\u00e4sitell\u00e4\u00e4n elo\u2013syyskuussa 2026. Hovioikeus antaa tuomionsa my\u00f6hemmin.<\/p>\n","protected":false},"excerpt":{"rendered":"Iltalehti seurasi Janne Puhakan murhaoikeudenk\u00e4ynnin kolmatta p\u00e4iv\u00e4\u00e4 Helsingin hovioikeudessa. Janne Puhakan, 29, murhan oikeudenk\u00e4ynti jatkui Helsingin hovioikeudessa todistajien&hellip;\n","protected":false},"author":2,"featured_media":339564,"comment_status":"","ping_status":"","sticky":false,"template":"","format":"standard","meta":{"footnotes":"","_share_on_mastodon":"0"},"categories":[12],"tags":[35,22,23,26,27,33,31,30,17,39,53,24,25,28,29,15,18,21,38,32,19,20,16,40,37],"class_list":["post-339563","post","type-post","status-publish","format-standard","has-post-thumbnail","category-suomi","tag-24h","tag-breaking-news","tag-breakingnews","tag-featured-news","tag-featurednews","tag-fi","tag-finland","tag-finnish","tag-headlines","tag-henkirikos","tag-laki-oikeus-ja-rikos","tag-latest-news","tag-latestnews","tag-main-news","tag-mainnews","tag-news","tag-otsikot","tag-paauutiset","tag-rikos","tag-suomi","tag-top-stories","tag-topstories","tag-uutiset","tag-vakivalta","tag-vakivaltarikokset"],"share_on_mastodon":{"url":"https:\/\/pubeurope.com\/@fi\/117201335995215232","error":""},"_links":{"self":[{"href":"https:\/\/www.europesays.com\/fi\/wp-json\/wp\/v2\/posts\/339563","targetHints":{"allow":["GET"]}}],"collection":[{"href":"https:\/\/www.europesays.com\/fi\/wp-json\/wp\/v2\/posts"}],"about":[{"href":"https:\/\/www.europesays.com\/fi\/wp-json\/wp\/v2\/types\/post"}],"author":[{"embeddable":true,"href":"https:\/\/www.europesays.com\/fi\/wp-json\/wp\/v2\/users\/2"}],"replies":[{"embeddable":true,"href":"https:\/\/www.europesays.com\/fi\/wp-json\/wp\/v2\/comments?post=339563"}],"version-history":[{"count":0,"href":"https:\/\/www.europesays.com\/fi\/wp-json\/wp\/v2\/posts\/339563\/revisions"}],"wp:featuredmedia":[{"embeddable":true,"href":"https:\/\/www.europesays.com\/fi\/wp-json\/wp\/v2\/media\/339564"}],"wp:attachment":[{"href":"https:\/\/www.europesays.com\/fi\/wp-json\/wp\/v2\/media?parent=339563"}],"wp:term":[{"taxonomy":"category","embeddable":true,"href":"https:\/\/www.europesays.com\/fi\/wp-json\/wp\/v2\/categories?post=339563"},{"taxonomy":"post_tag","embeddable":true,"href":"https:\/\/www.europesays.com\/fi\/wp-json\/wp\/v2\/tags?post=339563"}],"curies":[{"name":"wp","href":"https:\/\/api.w.org\/{rel}","templated":true}]}}