{"id":339565,"date":"2026-09-02T12:00:29","date_gmt":"2026-09-02T12:00:29","guid":{"rendered":"https:\/\/www.europesays.com\/fi\/339565\/"},"modified":"2026-09-02T12:00:29","modified_gmt":"2026-09-02T12:00:29","slug":"juha-kankkuselta-painavaa-tekstia-sami-pajarista","status":"publish","type":"post","link":"https:\/\/www.europesays.com\/fi\/339565\/","title":{"rendered":"Juha Kankkuselta painavaa teksti\u00e4 Sami Pajarista"},"content":{"rendered":"<p>Kankkunen pit\u00e4\u00e4 Pajarin voittosarjaa uskomattomana. <\/p>\n<p><img decoding=\"async\" class=\"image image-show image-preview\" src=\"https:\/\/www.europesays.com\/fi\/wp-content\/uploads\/2026\/09\/cf2177ea110e69bd9abe8aa511a7846a552550b5be2cd57a7425eec0509542cb.jpg\" alt=\"\"\/><img decoding=\"async\" class=\"image image-show\" src=\"https:\/\/www.europesays.com\/fi\/wp-content\/uploads\/2026\/09\/1788350429_158_cf2177ea110e69bd9abe8aa511a7846a552550b5be2cd57a7425eec0509542cb.jpg\" alt=\"\"\/><\/p>\n<p>Sami Pajari on hurjassa vireess\u00e4.  Vesa P\u00f6pp\u00f6nen\/AOP<\/p>\n<p class=\"paragraph\"><strong>Sami Pajari<\/strong> on tehnyt t\u00e4n\u00e4 vuonna huikean l\u00e4pimurron ralliautoilun absoluuttiselle huipulle. Kauden avauspuoliskolla Pajari nakutti tasaisesti palkintokorokkeelle, mutta viime kisoissa suomalaist\u00e4hden tulokset ovat olleet viel\u00e4kin kovempia.<\/p>\n<p class=\"paragraph\">Pajari on ottanut Toyotan puikoissa jo kolme per\u00e4tt\u00e4ist\u00e4 MM-rallivoittoa. Uran avausvoitto tuli Virossa hein\u00e4kuussa, ja sit\u00e4 seurasi upea kotirallin voitto Suomessa.<\/p>\n<p class=\"paragraph\">Eik\u00e4 siin\u00e4 viel\u00e4 kaikki. Viime viikonloppuna Pajari juhli jo kolmatta per\u00e4tt\u00e4ist\u00e4 t\u00e4ysosumaansa Paraguayssa.<\/p>\n<p class=\"paragraph\">\u2013 Olemme eritt\u00e4in iloisia siit\u00e4, ett\u00e4 Sami saavutti n\u00e4in uskomattoman tuloksen ottamalla uransa kolme ensimm\u00e4ist\u00e4 voittoa per\u00e4kk\u00e4in, Toyotan tallip\u00e4\u00e4llik\u00f6n teht\u00e4vi\u00e4 Paraguayssa hoitanut <strong>Juha Kankkunen<\/strong> iloitsi.<\/p>\n<p class=\"paragraph\">\u2013 Viro ja Suomi olivat h\u00e4nelle tutumpia ralleja, mutta Paraguayn kilpailu on edelleen hyvin uusi kaikille ja tarjoaa hyvin erilaisia haasteita, suomalaislegenda jatkoi.<\/p>\n<p class=\"paragraph\">Paraguayn sorakisassa n\u00e4htiin dramaattisia vaiheita heti ensimm\u00e4isist\u00e4 erikoiskokeista l\u00e4htien. Pajarin tallikavereista <strong>Takamoto Katsuta<\/strong> ja <strong>Sebastien Ogier<\/strong> keskeyttiv\u00e4t jo alkumetreill\u00e4, ja lis\u00e4ksi avausp\u00e4iv\u00e4n\u00e4 n\u00e4htiin lukuisia rengasrikkoja.<\/p>\n<p class=\"paragraph\">Pajari sen sijaan pysytteli poissa vaikeuksista ja nappasi isoimman pistepotin Paraguaysta. Samalla h\u00e4n nousi MM-taistossa 20 pisteen p\u00e4\u00e4h\u00e4n k\u00e4rkikuljettaja <strong>Elfyn Evansista<\/strong>.<\/p>\n<p class=\"paragraph\">\u2013 Olosuhteet eiv\u00e4t olleet helpot, varsinkaan perjantaina, jolloin tapahtui paljon kaikenlaista draamaa, mutta Sami selvisi ilman suurempia ongelmia. H\u00e4n ajoi tasaisesti ottamatta liikaa riskej\u00e4 ja teki eritt\u00e4in hyv\u00e4\u00e4 ty\u00f6t\u00e4, Kankkunen painotti.<\/p>\n<p class=\"paragraph\">\u2013 My\u00f6s Elfyn ajoi eritt\u00e4in fiksun rallin, vaikka h\u00e4nell\u00e4 olikin hieman huonoa tuuria perjantaina.<\/p>\n<p class=\"paragraph\">Kankkusen kipparoimalla tiimill\u00e4 oli mahdollisuus sinet\u00f6id\u00e4 valmistajien mestaruus Paraguayssa, mutta Hyundai pystyi viel\u00e4 siirt\u00e4m\u00e4\u00e4n ottelupallon seuraavaan er\u00e4\u00e4n. Toyotalla on uusi mahdollisuus tittelin sinet\u00f6imiseen ensi viikolla ajettavassa Chilen MM-rallissa.<\/p>\n<p class=\"paragraph\">\u2013 Vastustajamme olivat t\u00e4\u00e4ll\u00e4 vahvoja, mutta olemme j\u00e4lleen askeleen l\u00e4hemp\u00e4n\u00e4 valmistajien mestaruutta. Odotamme innolla Chile\u00e4, Kankkunen sanoi.<\/p>\n","protected":false},"excerpt":{"rendered":"Kankkunen pit\u00e4\u00e4 Pajarin voittosarjaa uskomattomana. Sami Pajari on hurjassa vireess\u00e4. Vesa P\u00f6pp\u00f6nen\/AOP Sami Pajari on tehnyt t\u00e4n\u00e4 vuonna&hellip;\n","protected":false},"author":2,"featured_media":339566,"comment_status":"","ping_status":"","sticky":false,"template":"","format":"standard","meta":{"footnotes":"","_share_on_mastodon":"0"},"categories":[5],"tags":[35,648,22,23,26,27,33,31,30,17,24,25,121,28,29,3584,83,15,18,21,32,128,19,20,16],"class_list":["post-339565","post","type-post","status-publish","format-standard","has-post-thumbnail","category-otsikot","tag-24h","tag-autot","tag-breaking-news","tag-breakingnews","tag-featured-news","tag-featurednews","tag-fi","tag-finland","tag-finnish","tag-headlines","tag-latest-news","tag-latestnews","tag-liikenne-ja-kuljetus","tag-main-news","tag-mainnews","tag-mm-rallit","tag-moottoriurheilu","tag-news","tag-otsikot","tag-paauutiset","tag-suomi","tag-tieliikenne","tag-top-stories","tag-topstories","tag-uutiset"],"share_on_mastodon":{"url":"https:\/\/pubeurope.com\/@fi\/117201340627805239","error":""},"_links":{"self":[{"href":"https:\/\/www.europesays.com\/fi\/wp-json\/wp\/v2\/posts\/339565","targetHints":{"allow":["GET"]}}],"collection":[{"href":"https:\/\/www.europesays.com\/fi\/wp-json\/wp\/v2\/posts"}],"about":[{"href":"https:\/\/www.europesays.com\/fi\/wp-json\/wp\/v2\/types\/post"}],"author":[{"embeddable":true,"href":"https:\/\/www.europesays.com\/fi\/wp-json\/wp\/v2\/users\/2"}],"replies":[{"embeddable":true,"href":"https:\/\/www.europesays.com\/fi\/wp-json\/wp\/v2\/comments?post=339565"}],"version-history":[{"count":0,"href":"https:\/\/www.europesays.com\/fi\/wp-json\/wp\/v2\/posts\/339565\/revisions"}],"wp:featuredmedia":[{"embeddable":true,"href":"https:\/\/www.europesays.com\/fi\/wp-json\/wp\/v2\/media\/339566"}],"wp:attachment":[{"href":"https:\/\/www.europesays.com\/fi\/wp-json\/wp\/v2\/media?parent=339565"}],"wp:term":[{"taxonomy":"category","embeddable":true,"href":"https:\/\/www.europesays.com\/fi\/wp-json\/wp\/v2\/categories?post=339565"},{"taxonomy":"post_tag","embeddable":true,"href":"https:\/\/www.europesays.com\/fi\/wp-json\/wp\/v2\/tags?post=339565"}],"curies":[{"name":"wp","href":"https:\/\/api.w.org\/{rel}","templated":true}]}}