{"id":339577,"date":"2026-09-02T12:26:19","date_gmt":"2026-09-02T12:26:19","guid":{"rendered":"https:\/\/www.europesays.com\/fi\/339577\/"},"modified":"2026-09-02T12:26:19","modified_gmt":"2026-09-02T12:26:19","slug":"stubbin-lausunto-leviaa-maailmalla-nain-kiina-vastaa","status":"publish","type":"post","link":"https:\/\/www.europesays.com\/fi\/339577\/","title":{"rendered":"Stubbin lausunto levi\u00e4\u00e4 maailmalla \u2013 N\u00e4in Kiina vastaa"},"content":{"rendered":"<p>Kiina kommentoi Stubbin lausuntoa liittyen Ven\u00e4j\u00e4n ydinaseisiin.<\/p>\n<p><img decoding=\"async\" class=\"image image-show image-preview\" src=\"https:\/\/www.europesays.com\/fi\/wp-content\/uploads\/2026\/09\/ee63074e94caa12e65ab85f8eca38f1b89c4653f663c29f0444cd4c9ac34be35.jpg\" alt=\"\"\/><img decoding=\"async\" class=\"image image-show\" src=\"https:\/\/www.europesays.com\/fi\/wp-content\/uploads\/2026\/09\/1788351979_790_ee63074e94caa12e65ab85f8eca38f1b89c4653f663c29f0444cd4c9ac34be35.jpg\" alt=\"\"\/><\/p>\n<p>Kiinan ulkoministeri Wang Yi vieraili tasavallan presidentti Alexander Stubbin luona Kultarannassa hein\u00e4kuussa. ALL OVER PRESS<\/p>\n<p class=\"paragraph\">Kiina on vakuuttanut Suomelle, ettei se anna Ven\u00e4j\u00e4n k\u00e4ytt\u00e4\u00e4 ydinaseita, sanoo tasavallan presidentti <a href=\"https:\/\/www.iltalehti.fi\/henkilot\/Alexander Stubb\" class=\"article-link-person-page\" rel=\"nofollow noopener\" target=\"_blank\">Alexander Stubb<\/a> amerikkalaislehti Politicon mukaan.<\/p>\n<p class=\"paragraph\">\u2013 Kiinan ulkoministeri vieraili luonani t\u00e4n\u00e4 kes\u00e4n\u00e4, ja otin asian esille. H\u00e4n sanoi, etteiv\u00e4t he koskaan salli sen tapahtuvan. Mielest\u00e4ni se on aika hyv\u00e4 pelote, Stubb kertoi saksalaistoimittaja <strong>Paul Ronzheimerin<\/strong> podcastissa.<\/p>\n<p class=\"paragraph\">Ukrainan valtionmedialle puhunut Kiinan ulkoministeri\u00f6 ei kiist\u00e4 eik\u00e4 vahvista Stubbin v\u00e4itett\u00e4, vaan toteaa Kiinan kannan sotaan ja ydinaseisiin pysyneen muuttumattomana.<\/p>\n<p>Kiinan ulkoministeri\u00f6n tiedottaja Guo Jiakun. JESSICA LEE<\/p>\n<p class=\"paragraph\">\u2013 Kiinan kanta Ukrainan kriisiin ja ydinaseiden k\u00e4ytt\u00f6\u00f6n on johdonmukainen ja selke\u00e4. Vaadimme edelleen rauhanneuvotteluja ja konfliktin ratkaisemista poliittisesti, sanoo Kiinan ulkoministeri\u00f6n tiedottaja <a href=\"https:\/\/www.iltalehti.fi\/henkilot\/Guo Jiakun\" class=\"article-link-person-page\" rel=\"nofollow noopener\" target=\"_blank\">Guo Jiakun<\/a> Ukrinformille.<\/p>\n<p class=\"paragraph\">Guo huomauttaa Kiinan julkaisseen lehdist\u00f6tiedotteen sen j\u00e4lkeen, kun ulkoministeri <a href=\"https:\/\/www.iltalehti.fi\/henkilot\/Wang Yi\" class=\"article-link-person-page\" rel=\"nofollow noopener\" target=\"_blank\">Wang Yi<\/a> tapasi Suomen valtiojohtoa 5. hein\u00e4kuuta. <a href=\"https:\/\/www.fmprc.gov.cn\/eng\/wjbzhd\/202607\/t20260706_11976141.html\" target=\"_blank\" rel=\"noopener nofollow\">Tiedotteessa ei mainita ydinaseita tai sotaa.<\/a><\/p>\n<p class=\"paragraph\">Kiina julistaa noudattavansa puolustuksellista ydinasepolitiikkaa ja k\u00e4ytt\u00e4v\u00e4ns\u00e4 omia ydinaseitaan vain vastatoimena Kiinaan kohdistuneelle ydiniskulle, Ukrinform kirjoittaa.<\/p>\n<p class=\"paragraph\"><a href=\"https:\/\/yle.fi\/a\/74-20010573\/64-3-305033\" target=\"_blank\" rel=\"noopener nofollow\">Presidentti Stubb sanoi jo 14. hein\u00e4kuuta,<\/a> ettei Kiina antaisi Ven\u00e4j\u00e4n k\u00e4ytt\u00e4\u00e4 ydinaseita.<\/p>\n<p class=\"paragraph\">\u2013 Kiinalaiset pit\u00e4v\u00e4t kyll\u00e4 huolen siit\u00e4, ettei Ven\u00e4j\u00e4 tule ydinaseita k\u00e4ytt\u00e4m\u00e4\u00e4n. Mutta eskalaatiovaara on aina olemassa, <a href=\"https:\/\/www.is.fi\/politiikka\/art-2000012138617.html\" target=\"_blank\" rel=\"noopener nofollow\">Stubb sanoi<\/a> Ukrainaa tukevien maiden eli halukkaiden koalition kokouksen j\u00e4lkeen.<\/p>\n","protected":false},"excerpt":{"rendered":"Kiina kommentoi Stubbin lausuntoa liittyen Ven\u00e4j\u00e4n ydinaseisiin. Kiinan ulkoministeri Wang Yi vieraili tasavallan presidentti Alexander Stubbin luona Kultarannassa&hellip;\n","protected":false},"author":2,"featured_media":339578,"comment_status":"","ping_status":"","sticky":false,"template":"","format":"standard","meta":{"footnotes":"","_share_on_mastodon":"0"},"categories":[5],"tags":[35,22,23,26,27,33,31,30,17,24,25,28,29,15,18,21,142,637,144,32,19,20,4385,16,638],"class_list":["post-339577","post","type-post","status-publish","format-standard","has-post-thumbnail","category-otsikot","tag-24h","tag-breaking-news","tag-breakingnews","tag-featured-news","tag-featurednews","tag-fi","tag-finland","tag-finnish","tag-headlines","tag-latest-news","tag-latestnews","tag-main-news","tag-mainnews","tag-news","tag-otsikot","tag-paauutiset","tag-poliitikot","tag-politiikka","tag-presidentti","tag-suomi","tag-top-stories","tag-topstories","tag-ulkopolitiikka-ja-kansainvalinen-politiikka","tag-uutiset","tag-valtiovalta"],"share_on_mastodon":{"url":"https:\/\/pubeurope.com\/@fi\/117201442495353205","error":""},"_links":{"self":[{"href":"https:\/\/www.europesays.com\/fi\/wp-json\/wp\/v2\/posts\/339577","targetHints":{"allow":["GET"]}}],"collection":[{"href":"https:\/\/www.europesays.com\/fi\/wp-json\/wp\/v2\/posts"}],"about":[{"href":"https:\/\/www.europesays.com\/fi\/wp-json\/wp\/v2\/types\/post"}],"author":[{"embeddable":true,"href":"https:\/\/www.europesays.com\/fi\/wp-json\/wp\/v2\/users\/2"}],"replies":[{"embeddable":true,"href":"https:\/\/www.europesays.com\/fi\/wp-json\/wp\/v2\/comments?post=339577"}],"version-history":[{"count":0,"href":"https:\/\/www.europesays.com\/fi\/wp-json\/wp\/v2\/posts\/339577\/revisions"}],"wp:featuredmedia":[{"embeddable":true,"href":"https:\/\/www.europesays.com\/fi\/wp-json\/wp\/v2\/media\/339578"}],"wp:attachment":[{"href":"https:\/\/www.europesays.com\/fi\/wp-json\/wp\/v2\/media?parent=339577"}],"wp:term":[{"taxonomy":"category","embeddable":true,"href":"https:\/\/www.europesays.com\/fi\/wp-json\/wp\/v2\/categories?post=339577"},{"taxonomy":"post_tag","embeddable":true,"href":"https:\/\/www.europesays.com\/fi\/wp-json\/wp\/v2\/tags?post=339577"}],"curies":[{"name":"wp","href":"https:\/\/api.w.org\/{rel}","templated":true}]}}