{"id":339581,"date":"2026-09-02T12:46:14","date_gmt":"2026-09-02T12:46:14","guid":{"rendered":"https:\/\/www.europesays.com\/fi\/339581\/"},"modified":"2026-09-02T12:46:14","modified_gmt":"2026-09-02T12:46:14","slug":"tallainen-kello-on-nyt-muotia-ja-se-loytyy-ehka-jo-kaappisi-katkoista","status":"publish","type":"post","link":"https:\/\/www.europesays.com\/fi\/339581\/","title":{"rendered":"T\u00e4llainen kello on nyt muotia \u2013 Ja se l\u00f6ytyy ehk\u00e4 jo kaappisi k\u00e4tk\u00f6ist\u00e4"},"content":{"rendered":"<p>Kellomuodissa inspiroidutaan nyt muun muassa menneiden vuosikymmenten malleista, ilahduttavista v\u00e4rivaihtoehdoista sek\u00e4 sirommista vaihtoehdoista.<\/p>\n<p><img decoding=\"async\" class=\"image image-show image-preview\" src=\"https:\/\/www.europesays.com\/fi\/wp-content\/uploads\/2026\/09\/eb7b0d6a0d3e7bbc6234dcb387a8ebb70512d1752aedaaf58dfcff8bfbc00d96.jpg\" alt=\"\"\/><img decoding=\"async\" class=\"image image-show\" src=\"https:\/\/www.europesays.com\/fi\/wp-content\/uploads\/2026\/09\/1788353174_15_eb7b0d6a0d3e7bbc6234dcb387a8ebb70512d1752aedaaf58dfcff8bfbc00d96.jpg\" alt=\"\"\/><\/p>\n<p>Millaiset kellotrendit dominoivat juuri nyt?  All Over Press<\/p>\n<p class=\"paragraph\">Juuri nyt kellomuodissa n\u00e4kyy selv\u00e4 k\u00e4\u00e4nne pois hurjan kookkaista kelloista kohti hillitymp\u00e4\u00e4, klassisempaa ja toisaalta persoonallista tyyli\u00e4. Yksi asia on kuitenkin selv\u00e4\u00e4: nyt on aika kaivaa perinteiset rannekellot takaisin k\u00e4ytt\u00f6\u00f6n.<\/p>\n<p>Pienemm\u00e4t kellot kiinnostavat<\/p>\n<p>Sirot ja korumaiset kellot ovat nyt muodissa. Kuvassa Lady Amelia Windsor. All Over Press<\/p>\n<p class=\"paragraph\">Massiiviset statement-kellot \u2013 jotka viel\u00e4 muutama vuosi sitten olivat valtavirtaa \u2013 korvataan nyt sirommilla malleilla. Ne koetaan elegantimmiksi, mukavammiksi ja monenlaisten asujen kanssa helposti yhdistelt\u00e4viksi.<\/p>\n<p class=\"paragraph\">Erityisesti naisten kellomuodin puolella trendaavat nyt hyvin kapeat, minimalistisen korumaiset ja minikellotaululliset versiot.<\/p>\n<p class=\"paragraph\">Siro kullanhohtoinen kello on nyt muodikas valinta. Ruotsalaismerkin kiilt\u00e4v\u00e4pintainen kello on ruostumatonta ter\u00e4st\u00e4. 229 e, <a href=\"https:\/\/mockberg.fi\/products\/heritage-petite-gold-watch\" target=\"_blank\" rel=\"noopener nofollow\">Mockberg<\/a>.<\/p>\n<p>Retrokellotyylit puhuttelevat<\/p>\n<p>Erilaiset retro-vivahteet ovat nyt pinnalla kellomuodissa. Antti Mannermaa<\/p>\n<p class=\"paragraph\">Nostalgiset, retro- ja vintage-henkiset kellot kiinnostavat nyt sek\u00e4 naisten ett\u00e4 miesten kelloissa.<\/p>\n<p class=\"paragraph\">Erityisesti 1950\u20131970-lukujen estetiikka inspiroi t\u00e4ll\u00e4 hetkell\u00e4 valmistajien kellomuotoilua enemm\u00e4n kuin hetkeen. Nyt n\u00e4kyy menneisyydest\u00e4 lainattuja elementtej\u00e4 \u2013 kuten kupolimaisia kellolaseja, klassisia kellotauluja, nahkarannekkeita, suorakulmaista kellomuotoilua sek\u00e4 tiettyj\u00e4 retrov\u00e4rej\u00e4 \u2013 mutta modernilla tekniikalla toteutettuna.<\/p>\n<p class=\"paragraph\">Casion kellossa on nostalginen muotoilu, joka sopii yht\u00e4 lailla niin arkeen kuin juhlatilaisuuksiinkin. Kellotaulussa on roomalainen numerointi, s\u00e4\u00e4dett\u00e4v\u00e4 nahkaranneke ja naarmuuntumaton mineraalilasi. 99 e, <a href=\"https:\/\/www.keskisenkello.fi\/casio-collection-retro-ltp-b150l-7b2ef\" target=\"_blank\" rel=\"noopener nofollow\">Keskisen Kello<\/a>.<\/p>\n<p>Persoonallisia v\u00e4rimaailmoja ja monipuolisia materiaaleja<\/p>\n<p>Kelloissa trendaa nyt erityisesti muun muassa vihre\u00e4 s\u00e4vyt. Kuvassa Helene Immel ja Jesse Metcalfe. All Over Press<\/p>\n<p class=\"paragraph\">Kellotauluissa perinteiset musta, valkoinen, harmaan s\u00e4vyt ja tummansininen ovat edelleen klassikoita, mutta trendit suosivat nyt hieman persoonallisempia v\u00e4rej\u00e4, jotka ovat silti tyylikk\u00e4it\u00e4 ja hillittyj\u00e4, eiv\u00e4t liian r\u00e4ikeit\u00e4. Vihre\u00e4n s\u00e4vyt kuten oliivi ja pullonvihre\u00e4, viininpunainen, vaaleansininen ja pastelliroosa n\u00e4ytt\u00e4v\u00e4t nyt raikkailta. Varsinaisten kelloharrastajien keskuudessa esiin nousee my\u00f6s yksi \u2013 monille muille yll\u00e4tt\u00e4v\u00e4 trendiv\u00e4ri \u2013 jota mets\u00e4stet\u00e4\u00e4n: lohenpunainen.<\/p>\n<p class=\"paragraph\">Rannekkeissa kest\u00e4vien ja suosittujen metallirannekkeiden lis\u00e4ksi entist\u00e4 useammin halutaan j\u00e4lleen valita pehmeit\u00e4 ja k\u00e4yt\u00f6ss\u00e4 patinoituvia nahkarannekkeita.<\/p>\n<p class=\"paragraph\">T\u00e4ss\u00e4 elegantissa miesten kellossa on trendik\u00e4s smaragdinvihre\u00e4 kellotaulu. Kellossa on kest\u00e4v\u00e4 ter\u00e4sranneke ja siin\u00e4 10 ATM -vesitiiviysluokka. 254 e, <a href=\"https:\/\/www.kultajousi.fi\/tuote\/gant-rannekello-20172469\" target=\"_blank\" rel=\"noopener nofollow\">Kultajousi<\/a>.<\/p>\n<p class=\"paragraph\">Tuotekuvat: valmistajat.<\/p>\n","protected":false},"excerpt":{"rendered":"Kellomuodissa inspiroidutaan nyt muun muassa menneiden vuosikymmenten malleista, ilahduttavista v\u00e4rivaihtoehdoista sek\u00e4 sirommista vaihtoehdoista. Millaiset kellotrendit dominoivat juuri nyt?&hellip;\n","protected":false},"author":2,"featured_media":339582,"comment_status":"","ping_status":"","sticky":false,"template":"","format":"standard","meta":{"footnotes":"","_share_on_mastodon":"0"},"categories":[130],"tags":[8673,137,33,31,30,2351,1390,2744,2742,32,487,2350,109],"class_list":["post-339581","post","type-post","status-publish","format-standard","has-post-thumbnail","category-viihde","tag-asusteet","tag-entertainment","tag-fi","tag-finland","tag-finnish","tag-kengat-ja-asusteet","tag-kuukausi","tag-luonnonvarat","tag-metallit-ja-mineraalit","tag-suomi","tag-teknologia-yleista","tag-vaatekappaleet","tag-viihde"],"share_on_mastodon":{"url":"https:\/\/pubeurope.com\/@fi\/117201521436502706","error":""},"_links":{"self":[{"href":"https:\/\/www.europesays.com\/fi\/wp-json\/wp\/v2\/posts\/339581","targetHints":{"allow":["GET"]}}],"collection":[{"href":"https:\/\/www.europesays.com\/fi\/wp-json\/wp\/v2\/posts"}],"about":[{"href":"https:\/\/www.europesays.com\/fi\/wp-json\/wp\/v2\/types\/post"}],"author":[{"embeddable":true,"href":"https:\/\/www.europesays.com\/fi\/wp-json\/wp\/v2\/users\/2"}],"replies":[{"embeddable":true,"href":"https:\/\/www.europesays.com\/fi\/wp-json\/wp\/v2\/comments?post=339581"}],"version-history":[{"count":0,"href":"https:\/\/www.europesays.com\/fi\/wp-json\/wp\/v2\/posts\/339581\/revisions"}],"wp:featuredmedia":[{"embeddable":true,"href":"https:\/\/www.europesays.com\/fi\/wp-json\/wp\/v2\/media\/339582"}],"wp:attachment":[{"href":"https:\/\/www.europesays.com\/fi\/wp-json\/wp\/v2\/media?parent=339581"}],"wp:term":[{"taxonomy":"category","embeddable":true,"href":"https:\/\/www.europesays.com\/fi\/wp-json\/wp\/v2\/categories?post=339581"},{"taxonomy":"post_tag","embeddable":true,"href":"https:\/\/www.europesays.com\/fi\/wp-json\/wp\/v2\/tags?post=339581"}],"curies":[{"name":"wp","href":"https:\/\/api.w.org\/{rel}","templated":true}]}}