{"id":339593,"date":"2026-09-02T13:13:20","date_gmt":"2026-09-02T13:13:20","guid":{"rendered":"https:\/\/www.europesays.com\/fi\/339593\/"},"modified":"2026-09-02T13:13:20","modified_gmt":"2026-09-02T13:13:20","slug":"is-jenni-poikelus-palaa-hetkeksi-televisioon-sitten-voin-jatkaa-vauvakuplassa","status":"publish","type":"post","link":"https:\/\/www.europesays.com\/fi\/339593\/","title":{"rendered":"IS: Jenni Poikelus palaa hetkeksi televisioon \u2013 &#8221;Sitten voin jatkaa vauvakuplassa&#8221;"},"content":{"rendered":"<p class=\"wp-block-paragraph\">Parasta aikaa vanhempainvapaalla oleva <strong>Jenni Poikelus<\/strong> palaa 5. syyskuuta hetkeksi t\u00f6ihin, kun h\u00e4n juontaa Yle 100 Show\u2019n yhdess\u00e4 <strong>Sonja Kailassaaren<\/strong> ja <strong>Mikko Kek\u00e4l\u00e4isen<\/strong> kanssa. Asiasta kertoo <a href=\"https:\/\/www.is.fi\/tv-ja-elokuvat\/art-2000012195570.html\" target=\"_blank\" rel=\"noreferrer noopener nofollow\">Ilta-Sanomat.<\/a><\/p>\n<p class=\"wp-block-paragraph\">Yle 100 Show kruunaa Ylen satavuotisjuhlavuoden ja esittelee Ylen sis\u00e4lt\u00f6\u00e4 vuosikymmenien varrelta. 2,5-tuntisessa tapahtumassa lava muuntautuu esimerkiksi El\u00e4m\u00e4ni biisin studioksi sek\u00e4 Vikin ja K\u00f6pin kulisseiksi.<\/p>\n<p>Lue my\u00f6s: <a href=\"https:\/\/www.voice.fi\/viihde\/meilla-on-valitettavasti-ikavia-uutisia-hausmyllyn-enzolla-on-parantumaton-syopa\" title=\"\u201dMeill\u00e4 on valitettavasti ik\u00e4vi\u00e4 uutisia\u201d \u2013 Hausmyllyn Enzolla on parantumaton sy\u00f6p\u00e4\" class=\"underline-custom !font-heading !font-bold !underline-offset-4 !decoration-4 !decoration-accent !text-md\" rel=\"nofollow noopener\" target=\"_blank\">\u201dMeill\u00e4 on valitettavasti ik\u00e4vi\u00e4 uutisia\u201d \u2013 Hausmyllyn Enzolla on parantumaton sy\u00f6p\u00e4<\/a><\/p>\n<p>Lue my\u00f6s: <a href=\"https:\/\/www.voice.fi\/viihde\/sampo-kaulanen-julkaisi-esikoisestaan-kuvan-parhain-tunne-21-vuotta-sitten\" title=\"Sampo Kaulanen julkaisi esikoisestaan kuvan \u2013 \u201dParhain tunne 21 vuotta sitten\u201d\" class=\"underline-custom !font-heading !font-bold !underline-offset-4 !decoration-4 !decoration-accent !text-md\" rel=\"nofollow noopener\" target=\"_blank\">Sampo Kaulanen julkaisi esikoisestaan kuvan \u2013 \u201dParhain tunne 21 vuotta sitten\u201d<\/a><\/p>\n<p class=\"wp-block-paragraph\">Vauva-arkeaan Poikelus kuvaa IS:lle \u201cihanaksi pys\u00e4htymiseksi\u201d jolloin mihink\u00e4\u00e4n ei ole kiire. Y\u00f6t ovat sujuneet her\u00e4ilyist\u00e4 huolimatta yll\u00e4tt\u00e4v\u00e4nkin hyvin.<\/p>\n<p class=\"wp-block-paragraph\">T\u00e4ll\u00e4 hetkell\u00e4 h\u00e4n ei tied\u00e4, milloin palaa kokonaan takaisin t\u00f6ihin. H\u00e4n aloittaa uudenlaisen arjen yritt\u00e4j\u00e4n\u00e4, joten tulevaisuus on viel\u00e4 auki.<\/p>\n<p>Lue my\u00f6s: <a href=\"https:\/\/www.voice.fi\/ilmiot\/itselleen-nauraminen-ei-olekaan-aina-hyva-asia-tutkijoiden-havainto-yllattaa\" title=\"Itselleen nauraminen ei olekaan aina hyv\u00e4 asia \u2013 tutkijoiden havainto yll\u00e4tt\u00e4\u00e4\" class=\"underline-custom !font-heading !font-bold !underline-offset-4 !decoration-4 !decoration-accent !text-md\" rel=\"nofollow noopener\" target=\"_blank\">Itselleen nauraminen ei olekaan aina hyv\u00e4 asia \u2013 tutkijoiden havainto yll\u00e4tt\u00e4\u00e4<\/a><\/p>\n<p>Lue my\u00f6s: <a href=\"https:\/\/www.voice.fi\/viihde\/soihdun-vaihto-vappu-pimia-vei-manttelinperijansa-veronica-verhon-illalliselle-kotiinlahto-venahti\" title=\"\u201dSoihdun vaihto\u201d \u2013 Vappu Pimi\u00e4 vei manttelinperij\u00e4ns\u00e4 Veronica Verhon illalliselle: kotiinl\u00e4ht\u00f6 ven\u00e4hti\" class=\"underline-custom !font-heading !font-bold !underline-offset-4 !decoration-4 !decoration-accent !text-md\" rel=\"nofollow noopener\" target=\"_blank\">\u201dSoihdun vaihto\u201d \u2013 Vappu Pimi\u00e4 vei manttelinperij\u00e4ns\u00e4 Veronica Verhon illalliselle: kotiinl\u00e4ht\u00f6 ven\u00e4hti<\/a><\/p>\n<p class=\"wp-block-paragraph\">Yle 100 Show on katsottavissa TV1-kanavalla klo 19.00 lauantaina 5.9.<\/p>\n","protected":false},"excerpt":{"rendered":"Parasta aikaa vanhempainvapaalla oleva Jenni Poikelus palaa 5. syyskuuta hetkeksi t\u00f6ihin, kun h\u00e4n juontaa Yle 100 Show\u2019n yhdess\u00e4&hellip;\n","protected":false},"author":2,"featured_media":339594,"comment_status":"","ping_status":"","sticky":false,"template":"","format":"standard","meta":{"footnotes":"","_share_on_mastodon":"0"},"categories":[130],"tags":[137,33,31,30,2853,41903,32,26046,109],"class_list":["post-339593","post","type-post","status-publish","format-standard","has-post-thumbnail","category-viihde","tag-entertainment","tag-fi","tag-finland","tag-finnish","tag-jenni-poikelus","tag-paluu-toihin","tag-suomi","tag-vauvakupla","tag-viihde"],"share_on_mastodon":{"url":"https:\/\/pubeurope.com\/@fi\/117201627109539823","error":""},"_links":{"self":[{"href":"https:\/\/www.europesays.com\/fi\/wp-json\/wp\/v2\/posts\/339593","targetHints":{"allow":["GET"]}}],"collection":[{"href":"https:\/\/www.europesays.com\/fi\/wp-json\/wp\/v2\/posts"}],"about":[{"href":"https:\/\/www.europesays.com\/fi\/wp-json\/wp\/v2\/types\/post"}],"author":[{"embeddable":true,"href":"https:\/\/www.europesays.com\/fi\/wp-json\/wp\/v2\/users\/2"}],"replies":[{"embeddable":true,"href":"https:\/\/www.europesays.com\/fi\/wp-json\/wp\/v2\/comments?post=339593"}],"version-history":[{"count":0,"href":"https:\/\/www.europesays.com\/fi\/wp-json\/wp\/v2\/posts\/339593\/revisions"}],"wp:featuredmedia":[{"embeddable":true,"href":"https:\/\/www.europesays.com\/fi\/wp-json\/wp\/v2\/media\/339594"}],"wp:attachment":[{"href":"https:\/\/www.europesays.com\/fi\/wp-json\/wp\/v2\/media?parent=339593"}],"wp:term":[{"taxonomy":"category","embeddable":true,"href":"https:\/\/www.europesays.com\/fi\/wp-json\/wp\/v2\/categories?post=339593"},{"taxonomy":"post_tag","embeddable":true,"href":"https:\/\/www.europesays.com\/fi\/wp-json\/wp\/v2\/tags?post=339593"}],"curies":[{"name":"wp","href":"https:\/\/api.w.org\/{rel}","templated":true}]}}