{"id":339595,"date":"2026-09-02T13:16:09","date_gmt":"2026-09-02T13:16:09","guid":{"rendered":"https:\/\/www.europesays.com\/fi\/339595\/"},"modified":"2026-09-02T13:16:09","modified_gmt":"2026-09-02T13:16:09","slug":"miten-timon-miljoonasalkkustrategia-on-toiminut-tuotot-onnistumiset-ja-pahimmat-hutit","status":"publish","type":"post","link":"https:\/\/www.europesays.com\/fi\/339595\/","title":{"rendered":"Miten Timon &#8221;miljoonasalkkustrategia&#8221; on toiminut? Tuotot, onnistumiset ja pahimmat hutit."},"content":{"rendered":"<p>Timo esitteli alkuvuonna sijoitusstrategian, jolla p\u00e4\u00e4see pitk\u00e4ll\u00e4 aikav\u00e4lill\u00e4 korkeisiin tuottoihin. Strategian tavoitteena on hy\u00f6dynt\u00e4\u00e4 kasvuyhti\u00f6iden tuottopotentiaalia. J\u00e4senwebinaarissa palataan takaisin sijoitusstrategiaan ja katsotaan, miten Timon rakentama salkku on aidosti p\u00e4rj\u00e4nnyt vuonna 2026. Mitk\u00e4 ovat salkun parhaimmat onnistumiset ja t\u00e4rkeimm\u00e4t opi?<\/p>\n<p>Timo esitteli alkuvuonna sijoitusstrategian, jolla p\u00e4\u00e4see pitk\u00e4ll\u00e4 aikav\u00e4lill\u00e4 korkeisiin tuottoihin. Strategian tavoitteena on hy\u00f6dynt\u00e4\u00e4 kasvuyhti\u00f6iden tuottopotentiaalia. J\u00e4senwebinaarissa palataan takaisin sijoitusstrategiaan ja katsotaan, miten Timon rakentama salkku on aidosti p\u00e4rj\u00e4nnyt vuonna 2026. Mitk\u00e4 ovat salkun parhaimmat onnistumiset ja t\u00e4rkeimm\u00e4t opi?<\/p>\n<p>J\u00e4senwebinaarissa esiteltyiin sijoitusstrategia ja miten se on toiminut k\u00e4yt\u00e4nn\u00f6ss\u00e4 vuonna 2026<\/p>\n<p class=\"wp-block-paragraph\">Webinaarissa k\u00e4ytiin l\u00e4pi salkun todellinen kehitys, onnistuneet ja ep\u00e4onnistuneet sijoitukset sek\u00e4 se, millaisilla kriteereill\u00e4 mahdollisia pitk\u00e4n aikav\u00e4lin menestyj\u00e4osakkeita voidaan etsi\u00e4. Webinaari pidettiin keskiviikkona 2.9.2026.<\/p>\n<p class=\"wp-block-paragraph\">Liity j\u00e4seneksi: lue artikkelista t\u00e4rkeimm\u00e4t pointit ja katso tallenne webinaarista.<\/p>\n<p>      J\u00e4sensis\u00e4lt\u00f6\u00e4<br \/>\n      T\u00e4m\u00e4 analyysi on vain j\u00e4senille<\/p>\n<p>Jatka lukemista ja saat samalla k\u00e4ytt\u00f6\u00f6si kaikki analyysit, markkinakatsaukset sek\u00e4 Sijoittaja360-ty\u00f6kalut.<\/p>\n<\/p>\n<p>Salkun 47,9 prosentin tuotto on vahva alku, mutta strategian todellinen testi mitataan vuosissa, ei kuukausissa. Matkalle mahtuu v\u00e4ist\u00e4m\u00e4tt\u00e4 laskukausia, ep\u00e4onnistuneita valintoja ja liian aikaisia myyntej\u00e4.<\/p>\n<p>Pitk\u00e4n aikav\u00e4lin tuloksen kannalta t\u00e4rkeint\u00e4 on l\u00f6yt\u00e4\u00e4 rakenteellisesta kasvusta hy\u00f6tyvi\u00e4 laatuyhti\u00f6it\u00e4, pit\u00e4\u00e4 salkun riskit hallinnassa ja antaa parhaiden sijoitusten kasvaa riitt\u00e4v\u00e4n pitk\u00e4\u00e4n.<\/p>\n<p>Artikkelissa esitelty salkku ja yksitt\u00e4iset osakkeet ovat esimerkkej\u00e4, eiv\u00e4t sijoitussuosituksia. Historiallinen tuotto ei ole tae tulevasta kehityksest\u00e4.<\/p>\n","protected":false},"excerpt":{"rendered":"Timo esitteli alkuvuonna sijoitusstrategian, jolla p\u00e4\u00e4see pitk\u00e4ll\u00e4 aikav\u00e4lill\u00e4 korkeisiin tuottoihin. Strategian tavoitteena on hy\u00f6dynt\u00e4\u00e4 kasvuyhti\u00f6iden tuottopotentiaalia. J\u00e4senwebinaarissa palataan&hellip;\n","protected":false},"author":2,"featured_media":339596,"comment_status":"","ping_status":"","sticky":false,"template":"","format":"standard","meta":{"footnotes":"","_share_on_mastodon":"0"},"categories":[76],"tags":[79,77,33,31,30,4278,25771,23927,32,78,27320,41904],"class_list":["post-339595","post","type-post","status-publish","format-standard","has-post-thumbnail","category-talous","tag-business","tag-economy","tag-fi","tag-finland","tag-finnish","tag-osakkeet","tag-sijoittajan-valinnat","tag-sijoitusideat","tag-suomi","tag-talous","tag-webinaari","tag-webinaaritallenne"],"share_on_mastodon":{"url":"https:\/\/pubeurope.com\/@fi\/117201639000094616","error":""},"_links":{"self":[{"href":"https:\/\/www.europesays.com\/fi\/wp-json\/wp\/v2\/posts\/339595","targetHints":{"allow":["GET"]}}],"collection":[{"href":"https:\/\/www.europesays.com\/fi\/wp-json\/wp\/v2\/posts"}],"about":[{"href":"https:\/\/www.europesays.com\/fi\/wp-json\/wp\/v2\/types\/post"}],"author":[{"embeddable":true,"href":"https:\/\/www.europesays.com\/fi\/wp-json\/wp\/v2\/users\/2"}],"replies":[{"embeddable":true,"href":"https:\/\/www.europesays.com\/fi\/wp-json\/wp\/v2\/comments?post=339595"}],"version-history":[{"count":0,"href":"https:\/\/www.europesays.com\/fi\/wp-json\/wp\/v2\/posts\/339595\/revisions"}],"wp:featuredmedia":[{"embeddable":true,"href":"https:\/\/www.europesays.com\/fi\/wp-json\/wp\/v2\/media\/339596"}],"wp:attachment":[{"href":"https:\/\/www.europesays.com\/fi\/wp-json\/wp\/v2\/media?parent=339595"}],"wp:term":[{"taxonomy":"category","embeddable":true,"href":"https:\/\/www.europesays.com\/fi\/wp-json\/wp\/v2\/categories?post=339595"},{"taxonomy":"post_tag","embeddable":true,"href":"https:\/\/www.europesays.com\/fi\/wp-json\/wp\/v2\/tags?post=339595"}],"curies":[{"name":"wp","href":"https:\/\/api.w.org\/{rel}","templated":true}]}}