{"id":339603,"date":"2026-09-02T13:31:13","date_gmt":"2026-09-02T13:31:13","guid":{"rendered":"https:\/\/www.europesays.com\/fi\/339603\/"},"modified":"2026-09-02T13:31:13","modified_gmt":"2026-09-02T13:31:13","slug":"sara-chafak-ja-joakim-vigelius-riitelevat-somessa-maahanmuutosta","status":"publish","type":"post","link":"https:\/\/www.europesays.com\/fi\/339603\/","title":{"rendered":"Sara Chafak ja Joakim Vigelius riitelev\u00e4t somessa maahanmuutosta"},"content":{"rendered":"<p>Sara Chafak ja Joakin Vigelius k\u00e4yv\u00e4t kiivasta keskustelua maahanmuutosta.<\/p>\n<p class=\"article-body mb-(--paragraph-margin-b) px-nof-16\">Yritt\u00e4j\u00e4 <a class=\"font-bold underline-offset-[0.12em] [text-decoration:var(--person-link-text-decoration)] [text-decoration-color:var(--person-link-text-decoration-color)]!\" href=\"https:\/\/www.is.fi\/haku\/?query=Sara%20Chafak\" rel=\"nofollow noopener\" target=\"_blank\">Sara Chafak<\/a>, 35, ja perussuomalaisten toinen varapuheenjohtaja, kansanedustaja <a class=\"font-bold underline-offset-[0.12em] [text-decoration:var(--person-link-text-decoration)] [text-decoration-color:var(--person-link-text-decoration-color)]!\" href=\"https:\/\/www.is.fi\/haku\/?query=Joakim%20Vigelius\" rel=\"nofollow noopener\" target=\"_blank\">Joakim Vigelius<\/a>, 29, ovat k\u00e4yneet kiivasta keskustelua Instagramissa maahanmuutosta.<\/p>\n<p class=\"article-body mb-(--paragraph-margin-b) px-nof-16\">Kaikki alkoi Vigeliuksen <a class=\"underline underline-offset-[0.12em] [text-decoration-thickness:var(--generic-link-underline-thickness)] [text-decoration-color:var(--generic-link-underline-color)] [text-decoration-skip-ink:var(--generic-link-underline-skip-ink)] break-words\" href=\"https:\/\/www.instagram.com\/p\/DcO_YIXKoFU\/\" rel=\"nofollow noopener\" target=\"_blank\">Instagram-julkaisusta<\/a>, jossa h\u00e4n puhuu islaminuskosta ja maahanmuutosta. Julkaisussa on video Iltalehden Ukkola-ohjelmasta, jossa Vigelius on ollut puhumassa maahanmuutosta.<\/p>\n<p class=\"article-body mb-(--paragraph-margin-b) px-nof-16\">\u2013 Suurimmat maahanmuuton ongelmat liittyv\u00e4t maahanmuuttoon islamilaisista kehitysmaista, Vigelius kirjoittaa videon ohessa.<\/p>\n<p><img decoding=\"async\" src=\"https:\/\/www.europesays.com\/fi\/wp-content\/uploads\/2026\/09\/1788355871_265_468.jpg\" alt=\"\" class=\"_Img_1rerz_1\" style=\"aspect-ratio:1920\/1440\" loading=\"eager\"\/><\/p>\n<p class=\"font-(family-name:--picture-caption-font-family) text-(length:--picture-caption-font-size) leading-(--picture-caption-leading) font-(--picture-caption-font-weight) text-(color:--picture-caption-color) picture-with-caption__caption picture-with-caption__caption--default-full\">Kuva:\u00a0Mikko Suutarinen<\/p>\n<p class=\"article-body mb-(--paragraph-margin-b) px-nof-16\">Lis\u00e4ksi Vigelius kirjoittaa \u201dsen olevan tilastollinen tosiasia, ei syy loukkaantua\u201d. Chafak kirjoitti Vigeliukselle julkaisun kommenttikent\u00e4ss\u00e4. Chafakin mukaan julkaisu on esimerkki siit\u00e4, miten \u201dtilastoja voi k\u00e4ytt\u00e4\u00e4 poliittisen narratiivin koristeena\u201d.<\/p>\n<p class=\"article-body mb-(--paragraph-margin-b) px-nof-16\">\u2013 Tilastot mittaavat syntyper\u00e4\u00e4, ik\u00e4\u00e4, sukupuolta, ty\u00f6llisyytt\u00e4 ja rikosep\u00e4ilyj\u00e4 \u2013 eiv\u00e4t \u201dislamin vaikutusta\u201d. Silti niist\u00e4 hyp\u00e4t\u00e4\u00e4n suoraan johtop\u00e4\u00e4t\u00f6kseen, ett\u00e4 islam liittyy olennaisesti kotoutumisen ongelmiin, Chafak kirjoittaa.<\/p>\n<p class=\"article-body mb-(--paragraph-margin-b) px-nof-16\">Chafakin mukaan esimerkiksi pakkoavioliitto ei ole islamin vaatimus.<\/p>\n<p class=\"article-body mb-(--paragraph-margin-b) px-nof-16\">\u2013 N\u00e4it\u00e4 ilmi\u00f6it\u00e4 voidaan ja pit\u00e4\u00e4 vastustaa, mutta niiden niputtaminen \u201dislamin ongelmiksi\u201d ei tee v\u00e4itteest\u00e4 faktaa. Jos politiikka perustuu faktoihin, kannattaa ensin opetella erottamaan uskonto, kulttuuri, syntyper\u00e4 ja tilastollinen korrelaatio toisistaan. Tilastojen lukeminen on eri asia kuin niiden ymm\u00e4rt\u00e4minen.<\/p>\n<p><img decoding=\"async\" src=\"https:\/\/www.europesays.com\/fi\/wp-content\/uploads\/2026\/09\/1788355873_892_468.jpg\" alt=\"\" class=\"_Img_1rerz_1\" style=\"aspect-ratio:1810\/1920\" loading=\"eager\"\/><\/p>\n<p class=\"font-(family-name:--picture-caption-font-family) text-(length:--picture-caption-font-size) leading-(--picture-caption-leading) font-(--picture-caption-font-weight) text-(color:--picture-caption-color) picture-with-caption__caption picture-with-caption__caption--default-full\">Kuva:\u00a0Jonna \u00d6hrnberg<\/p>\n<p class=\"article-body mb-(--paragraph-margin-b) px-nof-16\">Kommentin seurauksena Chafak ja Vigelius ovat p\u00e4\u00e4tyneet keskelle sanaharkkaa.<\/p>\n<p class=\"article-body mb-(--paragraph-margin-b) px-nof-16\">\u2013 Kuten videolla totean, islaminuskoisista maista tulleet ylikorostuvat monissa kielteisiss\u00e4 tilastoissa. Kuten videolla my\u00f6skin totean, islam olennaisesti liittyy moniin kotoutumisen ongelmiin \u2013 ei ainoana tekij\u00e4n\u00e4, mutta yhten\u00e4 olennaisena, Vigelius vastaa Chafakille.<\/p>\n<p class=\"article-body mb-(--paragraph-margin-b) px-nof-16\">Chafak ei j\u00e4\u00e4 tilanteessa sanattomaksi.<\/p>\n<p class=\"article-body mb-(--paragraph-margin-b) px-nof-16\">\u2013 T\u00e4ss\u00e4 on juuri se ongelma, kun puhutaan \u201dislamin olennaisesta vaikutuksesta\u201d ilman, ett\u00e4 pystyt\u00e4\u00e4n osoittamaan kausaalista yhteytt\u00e4, tehd\u00e4\u00e4n poliittinen johtop\u00e4\u00e4t\u00f6s tilastosta. Ja kun siihen viel\u00e4 liitet\u00e4\u00e4n kulttuurisia ilmi\u00f6it\u00e4 kuten silpominen ja pakkoavioliitot, rakennetaan kuvaa uskonnosta, joka ei vastaa todellisuutta.<\/p>\n<p class=\"article-body mb-(--paragraph-margin-b) px-nof-16\">Chafak toteaa pit\u00e4v\u00e4ns\u00e4 muslimina Vigeliuksen retoriikkaa vastuuttomana.<\/p>\n<p class=\"article-body mb-(--paragraph-margin-b) px-nof-16\">\u2013 Ongelmat eiv\u00e4t katoa niit\u00e4 kielt\u00e4m\u00e4ll\u00e4, mutta niit\u00e4 ei my\u00f6sk\u00e4\u00e4n ratkaista tekem\u00e4ll\u00e4 miljoonista ihmisist\u00e4 yksi stereotypia, Chafak jatkaa kommentointia.<\/p>\n<p class=\"article-body mb-(--paragraph-margin-b) px-nof-16\">Vigelius kommentoi, etteiv\u00e4t esimerkiksi terrorismi ja radikalisaatio koske h\u00e4nen mielest\u00e4\u00e4n jokaista islaminuskoista. H\u00e4nen mielest\u00e4\u00e4n ne ovat silti \u201dolennaisia islamiin liittyvi\u00e4 ongelmia l\u00e4nsimaissa\u201d.<\/p>\n<p class=\"article-body mb-(--paragraph-margin-b) px-nof-16\">\u2013 Jos haluat puhua ongelmista, puhutaan niiden oikeilla nimill\u00e4 ja tutkitaan niiden todelliset syyt. Kokonaista uskontoa ei voi k\u00e4ytt\u00e4\u00e4 yhteiskunnallisten ongelmien yleisselitt\u00e4j\u00e4n\u00e4 ja kutsua sit\u00e4 samalla faktaksi, Chafak kommentoi.<\/p>\n<p class=\"article-body mb-(--paragraph-margin-b) px-nof-16\">Vigelius ei mielest\u00e4\u00e4n ole \u201dmilloinkaan kuvannut islamia ainoana tekij\u00e4n\u00e4 n\u00e4iden ongelmien taustalla\u201d.<\/p>\n<p class=\"article-body mb-(--paragraph-margin-b) px-nof-16\">\u2013 Taloudelliset ja sosiaaliset ongelmat kumpuavat monesta. Se ei ole mik\u00e4\u00e4n syy j\u00e4tt\u00e4\u00e4 mainitsematta sit\u00e4 tosiasiaa, ett\u00e4 my\u00f6s islamilla on osansa monien ulkomaalaistaustaisten l\u00e4nsimaihin kotoutumisen ongelmissa.<\/p>\n<p class=\"article-body mb-(--paragraph-margin-b) px-nof-16\">Chafakin mielest\u00e4 on vaarallista, jos yhteiskunnan ongelmia \u201dniputetaan maahanmuuttajien tai islamin syyksi\u201d.<\/p>\n<p class=\"article-body mb-(--paragraph-margin-b) px-nof-16\">\u2013 Kotoutuminenkin on kaksisuuntainen prosessi: ihmisell\u00e4 on vastuu oppia kieli, tehd\u00e4 ty\u00f6t\u00e4 ja noudattaa yhteiskunnan s\u00e4\u00e4nt\u00f6j\u00e4, mutta my\u00f6s yhteiskunnalla on vastuu siit\u00e4, ett\u00e4 kotoutumisen edellytykset ovat olemassa, Chafak kirjoittaa.<\/p>\n<p class=\"article-body mb-(--paragraph-margin-b) px-nof-16\">Vigelius kommentoi aihetta lis\u00e4\u00e4.<\/p>\n<p class=\"article-body mb-(--paragraph-margin-b) px-nof-16\">\u2013 Maahanmuuttoon ja ep\u00e4onnistuneeseen kotoutumiseen liittyvien ongelmien esille tuominen ja ratkaisujen tarjoaminen ei ole mitenk\u00e4\u00e4n pois muiden asioiden samanaikaisesta ratkaisemisesta. P\u00e4invastoin, h\u00e4n kirjoittaa.<\/p>\n<p class=\"article-body mb-(--paragraph-margin-b) px-nof-16\">Chafak kehottaa Vigeliusta tarkastelemaan hallituksen toimia leikkausten suhteen. Chafak kommentoi, ett\u00e4 \u201dpoliitikon teht\u00e4v\u00e4 on tarjota ratkaisuja ongelmiin, ei lietsoa vastakkainasettelua ihmisten v\u00e4lille\u201d.<\/p>\n<p class=\"article-body mb-(--paragraph-margin-b) px-nof-16\">\u2013 Hallitus leikkaa jatkuvasti suomalaisilta, kirist\u00e4\u00e4 toimeentuloa ja tekee veroratkaisuja, joiden vaikutukset osuvat ihmisiin eri tavoin. Kansa voi huonosti. Silti keskustelua ohjataan jatkuvasti siihen, kuka t\u00e4nne on tullut ja mist\u00e4 h\u00e4n tulee.<\/p>\n<p><script async src=\"\/\/www.instagram.com\/embed.js\"><\/script><\/p>\n","protected":false},"excerpt":{"rendered":"Sara Chafak ja Joakin Vigelius k\u00e4yv\u00e4t kiivasta keskustelua maahanmuutosta. Yritt\u00e4j\u00e4 Sara Chafak, 35, ja perussuomalaisten toinen varapuheenjohtaja, kansanedustaja&hellip;\n","protected":false},"author":2,"featured_media":339604,"comment_status":"","ping_status":"","sticky":false,"template":"","format":"standard","meta":{"footnotes":"","_share_on_mastodon":"0"},"categories":[136],"tags":[407,137,33,31,30,34,408,32,109],"class_list":["post-339603","post","type-post","status-publish","format-standard","has-post-thumbnail","category-julkkikset","tag-celebrities","tag-entertainment","tag-fi","tag-finland","tag-finnish","tag-ilta-sanomat","tag-julkkikset","tag-suomi","tag-viihde"],"share_on_mastodon":{"url":"https:\/\/pubeurope.com\/@fi\/117201698297228303","error":""},"_links":{"self":[{"href":"https:\/\/www.europesays.com\/fi\/wp-json\/wp\/v2\/posts\/339603","targetHints":{"allow":["GET"]}}],"collection":[{"href":"https:\/\/www.europesays.com\/fi\/wp-json\/wp\/v2\/posts"}],"about":[{"href":"https:\/\/www.europesays.com\/fi\/wp-json\/wp\/v2\/types\/post"}],"author":[{"embeddable":true,"href":"https:\/\/www.europesays.com\/fi\/wp-json\/wp\/v2\/users\/2"}],"replies":[{"embeddable":true,"href":"https:\/\/www.europesays.com\/fi\/wp-json\/wp\/v2\/comments?post=339603"}],"version-history":[{"count":0,"href":"https:\/\/www.europesays.com\/fi\/wp-json\/wp\/v2\/posts\/339603\/revisions"}],"wp:featuredmedia":[{"embeddable":true,"href":"https:\/\/www.europesays.com\/fi\/wp-json\/wp\/v2\/media\/339604"}],"wp:attachment":[{"href":"https:\/\/www.europesays.com\/fi\/wp-json\/wp\/v2\/media?parent=339603"}],"wp:term":[{"taxonomy":"category","embeddable":true,"href":"https:\/\/www.europesays.com\/fi\/wp-json\/wp\/v2\/categories?post=339603"},{"taxonomy":"post_tag","embeddable":true,"href":"https:\/\/www.europesays.com\/fi\/wp-json\/wp\/v2\/tags?post=339603"}],"curies":[{"name":"wp","href":"https:\/\/api.w.org\/{rel}","templated":true}]}}