{"id":339621,"date":"2026-09-02T13:58:13","date_gmt":"2026-09-02T13:58:13","guid":{"rendered":"https:\/\/www.europesays.com\/fi\/339621\/"},"modified":"2026-09-02T13:58:13","modified_gmt":"2026-09-02T13:58:13","slug":"taidetestaajat-sai-35-miljoonaa-euroa-se-mahdollistaa-2027-2028-yhden-taidevierailun-jokaiselle-kahdeksasluokkalaiselle","status":"publish","type":"post","link":"https:\/\/www.europesays.com\/fi\/339621\/","title":{"rendered":"Taidetestaajat sai 3,5 miljoonaa euroa \u2013 Se mahdollistaa 2027\u20132028 yhden taidevierailun jokaiselle kahdeksasluokkalaiselle"},"content":{"rendered":"<p>    <img decoding=\"async\" class=\"responsive-image article__image-image lozad\"   src=\"https:\/\/www.europesays.com\/fi\/wp-content\/uploads\/2026\/09\/kjYnuVHCnWEUAJYd0vMPrCXSyYo78e8vktFgPXIvLS-0LoKko8I5OFvcSDFkvRbJo-4sSKL_3t6kruslQkZHZZJeTXGORRJilHvk.jpeg\" alt=\"Taidetestaajat-vierailut ovat kahdeksasluokkalaisten ja taidetoimijoiden keskin\u00e4isi\u00e4 kohtaamisen hetki\u00e4. Kuvassa taidetestaajia Oulun taidemuseossa muutama vuosi sitten.\"\/><\/p>\n<p>\n                Taidetestaajat-vierailut ovat kahdeksasluokkalaisten ja taidetoimijoiden keskin\u00e4isi\u00e4 kohtaamisen hetki\u00e4. Kuvassa taidetestaajia Oulun taidemuseossa muutama vuosi sitten.\n              <\/p>\n<p>\n                Kuva: Sanna Krook\n              <\/p>\n<p class=\"article__paragraph\">\n      Valtioneuvosto ilmoitti budjettiriihen tiedotustilaisuudessa 1. syyskuuta 3,5 miljoonan euron m\u00e4\u00e4r\u00e4rahasta Taidetestaajat-toiminnalle lukuvuodelle 2027\u20132028.\n    <\/p>\n<p class=\"article__paragraph\">\n      Rahoitus mahdollistaa seuraavan lukuvuonna yhden taidevierailun jokaiselle kahdeksasluokkalaiselle nykyisen kahden sijaan.\n    <\/p>\n<p class=\"article__paragraph\">\n      \u2013\u202fEnsi lukuvuoden ohjelmahaku ja koulujen ilmoittautuminen on paljon helpompi j\u00e4rjest\u00e4\u00e4, kun meill\u00e4 on tieto \u00a0rahoituksesta jo syyskuun alussa joulukuun sijaan, Taidetestaajat-ohjelman p\u00e4\u00e4llikk\u00f6 Joonas Keskinen sanoo.<\/p>\n<p>    Tilaa Kaleva Digi ensimm\u00e4iset 2 kk yhteens\u00e4 9,90 \u20ac<\/p>\n","protected":false},"excerpt":{"rendered":"Taidetestaajat-vierailut ovat kahdeksasluokkalaisten ja taidetoimijoiden keskin\u00e4isi\u00e4 kohtaamisen hetki\u00e4. Kuvassa taidetestaajia Oulun taidemuseossa muutama vuosi sitten. Kuva: Sanna Krook&hellip;\n","protected":false},"author":2,"featured_media":339622,"comment_status":"","ping_status":"","sticky":false,"template":"","format":"standard","meta":{"footnotes":"","_share_on_mastodon":"0"},"categories":[135],"tags":[389,387,388,390,137,33,31,30,32,394,393,391,392,109],"class_list":["post-339621","post","type-post","status-publish","format-standard","has-post-thumbnail","category-taiteet-ja-suunnittelu","tag-arts","tag-arts-and-design","tag-artsanddesign","tag-design","tag-entertainment","tag-fi","tag-finland","tag-finnish","tag-suomi","tag-suunnittelu","tag-taiteet","tag-taiteet-ja-suunnittelu","tag-taiteetsuunnittelu","tag-viihde"],"share_on_mastodon":{"url":"https:\/\/pubeurope.com\/@fi\/117201804580389176","error":""},"_links":{"self":[{"href":"https:\/\/www.europesays.com\/fi\/wp-json\/wp\/v2\/posts\/339621","targetHints":{"allow":["GET"]}}],"collection":[{"href":"https:\/\/www.europesays.com\/fi\/wp-json\/wp\/v2\/posts"}],"about":[{"href":"https:\/\/www.europesays.com\/fi\/wp-json\/wp\/v2\/types\/post"}],"author":[{"embeddable":true,"href":"https:\/\/www.europesays.com\/fi\/wp-json\/wp\/v2\/users\/2"}],"replies":[{"embeddable":true,"href":"https:\/\/www.europesays.com\/fi\/wp-json\/wp\/v2\/comments?post=339621"}],"version-history":[{"count":0,"href":"https:\/\/www.europesays.com\/fi\/wp-json\/wp\/v2\/posts\/339621\/revisions"}],"wp:featuredmedia":[{"embeddable":true,"href":"https:\/\/www.europesays.com\/fi\/wp-json\/wp\/v2\/media\/339622"}],"wp:attachment":[{"href":"https:\/\/www.europesays.com\/fi\/wp-json\/wp\/v2\/media?parent=339621"}],"wp:term":[{"taxonomy":"category","embeddable":true,"href":"https:\/\/www.europesays.com\/fi\/wp-json\/wp\/v2\/categories?post=339621"},{"taxonomy":"post_tag","embeddable":true,"href":"https:\/\/www.europesays.com\/fi\/wp-json\/wp\/v2\/tags?post=339621"}],"curies":[{"name":"wp","href":"https:\/\/api.w.org\/{rel}","templated":true}]}}