{"id":339625,"date":"2026-09-02T14:05:14","date_gmt":"2026-09-02T14:05:14","guid":{"rendered":"https:\/\/www.europesays.com\/fi\/339625\/"},"modified":"2026-09-02T14:05:14","modified_gmt":"2026-09-02T14:05:14","slug":"martina-aitolehti-ei-niele-esko-eerikaisen-vaitteita-olet-tosi-vaarassa","status":"publish","type":"post","link":"https:\/\/www.europesays.com\/fi\/339625\/","title":{"rendered":"Martina Aitolehti ei niele Esko Eerik\u00e4isen v\u00e4itteit\u00e4: \u201dOlet tosi v\u00e4\u00e4r\u00e4ss\u00e4\u201d"},"content":{"rendered":"<p>Aitolehti kohtaa Nanna Karalahden nyrkkeilykeh\u00e4ss\u00e4 12. syyskuuta.<\/p>\n<p><img decoding=\"async\" src=\"https:\/\/www.europesays.com\/fi\/wp-content\/uploads\/2026\/09\/1788357913_980_468.jpg\" alt=\"Esko Eerik\u00e4inen ja Martina Aitolehti pit\u00e4v\u00e4t Martina &amp; Esko -podcastia. Kuva vuodelta 2024.\" class=\"_Img_1rerz_1\" style=\"aspect-ratio:1920\/1080\" loading=\"eager\"\/><\/p>\n<p class=\"font-(family-name:--picture-caption-font-family) text-(length:--picture-caption-font-size) leading-(--picture-caption-leading) font-(--picture-caption-font-weight) text-(color:--picture-caption-color)\">Esko Eerik\u00e4inen ja Martina Aitolehti pit\u00e4v\u00e4t Martina &amp; Esko -podcastia. Kuva vuodelta 2024. Kuva:\u00a0Jussi Eskola<\/p>\n<p>Lue tiivistelm\u00e4<\/p>\n<p class=\"article-body mb-(--paragraph-margin-b) px-nof-16 sndp-summary-bullet-point-font\">Mediapersoona Martina Aitolehti tyrm\u00e4\u00e4 ex-miehens\u00e4 Esko Eerik\u00e4isen v\u00e4itteet nyrkkeilyottelun motiiveistaan.<\/p>\n<p class=\"article-body mb-(--paragraph-margin-b) px-nof-16 sndp-summary-bullet-point-font\">Aitolehti kohtaa Nanna Karalahden 12. syyskuuta Immu Fight Night -nyrkkeilyillassa.<\/p>\n<p class=\"article-body mb-(--paragraph-margin-b) px-nof-16 sndp-summary-bullet-point-font\">Eerik\u00e4inen v\u00e4itt\u00e4\u00e4 Martina &amp; Esko -podcastissa, ett\u00e4 Aitolehti haluaa n\u00e4ytt\u00e4\u00e4 muille. Aitolehti ei v\u00e4itett\u00e4 niele.<\/p>\n<p class=\"article-body mb-(--paragraph-margin-b) px-nof-16\">Mediapersoona <a class=\"font-bold underline-offset-[0.12em] [text-decoration:var(--person-link-text-decoration)] [text-decoration-color:var(--person-link-text-decoration-color)]!\" href=\"https:\/\/www.is.fi\/haku\/?query=Martina%20Aitolehti\" rel=\"nofollow noopener\" target=\"_blank\">Martina Aitolehti<\/a> tyrm\u00e4\u00e4 <a class=\"font-bold underline-offset-[0.12em] [text-decoration:var(--person-link-text-decoration)] [text-decoration-color:var(--person-link-text-decoration-color)]!\" href=\"https:\/\/www.is.fi\/haku\/?query=Esko%20Eerik%C3%A4isen\" rel=\"nofollow noopener\" target=\"_blank\">Esko Eerik\u00e4isen<\/a> v\u00e4itteet liittyen Aitolehden tulevaan nyrkkeilyotteluun.<\/p>\n<p class=\"article-body mb-(--paragraph-margin-b) px-nof-16\">Nelonen Media tiedotti tiistaina, ett\u00e4 mediapersoonat ja hyvinvointialan vaikuttajat Aitolehti ja <a class=\"font-bold underline-offset-[0.12em] [text-decoration:var(--person-link-text-decoration)] [text-decoration-color:var(--person-link-text-decoration-color)]!\" href=\"https:\/\/www.is.fi\/haku\/?query=Nanna%20Karalahti\" rel=\"nofollow noopener\" target=\"_blank\">Nanna Karalahti<\/a> kohtaavat 12. syyskuuta nyrkkeilykeh\u00e4ss\u00e4 Immu Fight Night -illassa.<\/p>\n<p class=\"article-body mb-(--paragraph-margin-b) px-nof-16\">Aitolehden ja Karalahden kohtaaminen oli puheenaiheena my\u00f6s Aitolehden ja h\u00e4nen entisen aviomiehens\u00e4 Eerik\u00e4isen <a class=\"underline underline-offset-[0.12em] [text-decoration-thickness:var(--generic-link-underline-thickness)] [text-decoration-color:var(--generic-link-underline-color)] [text-decoration-skip-ink:var(--generic-link-underline-skip-ink)] break-words\" href=\"https:\/\/podimo.com\/fi\/shows\/martina-ja-esko\" rel=\"nofollow noopener\" target=\"_blank\">Martina &amp; Esko -podcastin<\/a> keskiviikon jaksossa.<\/p>\n<p class=\"article-body mb-(--paragraph-margin-b) px-nof-16\">Aitolehti sanoi motivaation erilaisiin tempauksiin kumpuavan halusta haastaa itsens\u00e4. Sellaisena h\u00e4n n\u00e4kee my\u00f6s nyrkkeilyottelun.<\/p>\n<p class=\"article-body mb-(--paragraph-margin-b) px-nof-16\">\u2013 T\u00e4m\u00e4 on haaste ja urheilusuoritus muiden joukossa. Ihan siis sata pinnaa.<\/p>\n<p class=\"article-body mb-(--paragraph-margin-b) px-nof-16\">\u2013 En ole l\u00e4htenyt tekem\u00e4\u00e4n uimahyppyj\u00e4 sen takia, ett\u00e4 saan siit\u00e4 huomiota. En ole l\u00e4htenyt Erikoisjoukkoihin sen takia, ett\u00e4 haluan huomiota. En ole l\u00e4htenyt Atlantin yli sen takia, ett\u00e4 saisin huomiota. Olen l\u00e4htenyt sataprosenttisesti itseni vuoksi, Aitolehti totesi.<\/p>\n<p><img decoding=\"async\" src=\"https:\/\/www.europesays.com\/fi\/wp-content\/uploads\/2026\/09\/1788357914_915_468.jpg\" alt=\"Yst\u00e4vykset Nanna Karalahti ja Martina Aitolehti kohtaavat nyrkkeilykeh\u00e4ss\u00e4.\" class=\"_Img_1rerz_1\" style=\"aspect-ratio:1920\/1280\" loading=\"eager\"\/><\/p>\n<p class=\"font-(family-name:--picture-caption-font-family) text-(length:--picture-caption-font-size) leading-(--picture-caption-leading) font-(--picture-caption-font-weight) text-(color:--picture-caption-color) picture-with-caption__caption picture-with-caption__caption--default-full\">Yst\u00e4vykset Nanna Karalahti ja Martina Aitolehti kohtaavat nyrkkeilykeh\u00e4ss\u00e4. Kuva:\u00a0Lassi Rinne<\/p>\n<p class=\"article-body mb-(--paragraph-margin-b) px-nof-16\">Eerik\u00e4inen on puolestaan sit\u00e4 mielt\u00e4, ett\u00e4 Aitolehden motivaationa on halu n\u00e4ytt\u00e4\u00e4 muille.<\/p>\n<p class=\"article-body mb-(--paragraph-margin-b) px-nof-16\">\u2013 Kyll\u00e4 min\u00e4 sinut sen verran hyvin tunnen. Voit sanoa, ett\u00e4 t\u00e4m\u00e4 on dissausta, mutta v\u00e4it\u00e4n, ett\u00e4 siin\u00e4 on my\u00f6skin sit\u00e4, ett\u00e4 nautit siit\u00e4, ett\u00e4 saat n\u00e4ytt\u00e4\u00e4. Sinulla on pakko n\u00e4ytt\u00e4\u00e4 ihmisille, Eerik\u00e4inen sanoi.<\/p>\n<p class=\"article-body mb-(--paragraph-margin-b) px-nof-16\">T\u00e4t\u00e4 v\u00e4itett\u00e4 Aitolehti ei niele, vaan keskustelu ottaa hetkess\u00e4 lis\u00e4\u00e4 kierroksia.<\/p>\n<p class=\"article-body mb-(--paragraph-margin-b) px-nof-16\">\u2013 Esko, olet tosi v\u00e4\u00e4r\u00e4ss\u00e4. En mene sinne keh\u00e4\u00e4n sen takia, ett\u00e4 nyt haluan n\u00e4ytt\u00e4\u00e4 kaikille. Se on minulle haaste. Haluan katsoa, mihin t\u00e4m\u00e4 fysiikka ja mihin min\u00e4 kykenen.<\/p>\n<p class=\"article-body mb-(--paragraph-margin-b) px-nof-16\">\u2013 Minulla on ihan hirve\u00e4sti t\u00f6it\u00e4 viel\u00e4 edess\u00e4. Olen treenannut aivan vitusti, ihan \u00e4lytt\u00f6mi\u00e4 sparreja ja monta treeni\u00e4 p\u00e4iv\u00e4ss\u00e4. Mihin fysiikkani paukkuu? Mihin korvien v\u00e4li riitt\u00e4\u00e4?<\/p>\n<p class=\"article-body mb-(--paragraph-margin-b) px-nof-16\">Yksi motivaatioon vaikuttava tekij\u00e4 lienee my\u00f6s raha.<\/p>\n<p class=\"article-body mb-(--paragraph-margin-b) px-nof-16\">IS:n <a class=\"underline underline-offset-[0.12em] [text-decoration-thickness:var(--generic-link-underline-thickness)] [text-decoration-color:var(--generic-link-underline-color)] [text-decoration-skip-ink:var(--generic-link-underline-skip-ink)] break-words\" href=\"https:\/\/www.is.fi\/nyrkkeily\/art-2000012233751.html\" rel=\"nofollow noopener\" target=\"_blank\">haastattelemien <\/a>kamppailualan asiantuntijoiden arvion mukaan Aitolehden ja Karalahden palkkiot kohoavat kymmeniintuhansiin euroihin.<\/p>\n<p class=\"article-body mb-(--paragraph-margin-b) px-nof-16\">Aitolehti puolestaan antoi ymm\u00e4rt\u00e4\u00e4 tuoreessa Instagram-p\u00e4ivityksess\u00e4\u00e4n, ett\u00e4 h\u00e4nen palkkionsa rikkoisi per\u00e4ti 100\u202f000 euron rajan.<\/p>\n<p class=\"article-body mb-(--paragraph-margin-b) px-nof-16\">\u2013\u2009Helvetinmoinen fysiikka syntym\u00e4lahjana ja kuusinumeroinen tilisiirto. 12.9. kalenteriin, Aitolehti kirjoitti elokuun lopulla.<\/p>\n<p class=\"nof-ui-body-medium break-words mb-(--paragraph-margin-b) px-nof-16\">Ilta-Sanomat ja Nelonen Media kuuluvat Sanoma Media Finlandiin.<\/p>\n","protected":false},"excerpt":{"rendered":"Aitolehti kohtaa Nanna Karalahden nyrkkeilykeh\u00e4ss\u00e4 12. syyskuuta. Esko Eerik\u00e4inen ja Martina Aitolehti pit\u00e4v\u00e4t Martina &amp; Esko -podcastia. Kuva&hellip;\n","protected":false},"author":2,"featured_media":339626,"comment_status":"","ping_status":"","sticky":false,"template":"","format":"standard","meta":{"footnotes":"","_share_on_mastodon":"0"},"categories":[130],"tags":[137,33,31,30,34,32,109],"class_list":["post-339625","post","type-post","status-publish","format-standard","has-post-thumbnail","category-viihde","tag-entertainment","tag-fi","tag-finland","tag-finnish","tag-ilta-sanomat","tag-suomi","tag-viihde"],"share_on_mastodon":{"url":"https:\/\/pubeurope.com\/@fi\/117201832086857479","error":""},"_links":{"self":[{"href":"https:\/\/www.europesays.com\/fi\/wp-json\/wp\/v2\/posts\/339625","targetHints":{"allow":["GET"]}}],"collection":[{"href":"https:\/\/www.europesays.com\/fi\/wp-json\/wp\/v2\/posts"}],"about":[{"href":"https:\/\/www.europesays.com\/fi\/wp-json\/wp\/v2\/types\/post"}],"author":[{"embeddable":true,"href":"https:\/\/www.europesays.com\/fi\/wp-json\/wp\/v2\/users\/2"}],"replies":[{"embeddable":true,"href":"https:\/\/www.europesays.com\/fi\/wp-json\/wp\/v2\/comments?post=339625"}],"version-history":[{"count":0,"href":"https:\/\/www.europesays.com\/fi\/wp-json\/wp\/v2\/posts\/339625\/revisions"}],"wp:featuredmedia":[{"embeddable":true,"href":"https:\/\/www.europesays.com\/fi\/wp-json\/wp\/v2\/media\/339626"}],"wp:attachment":[{"href":"https:\/\/www.europesays.com\/fi\/wp-json\/wp\/v2\/media?parent=339625"}],"wp:term":[{"taxonomy":"category","embeddable":true,"href":"https:\/\/www.europesays.com\/fi\/wp-json\/wp\/v2\/categories?post=339625"},{"taxonomy":"post_tag","embeddable":true,"href":"https:\/\/www.europesays.com\/fi\/wp-json\/wp\/v2\/tags?post=339625"}],"curies":[{"name":"wp","href":"https:\/\/api.w.org\/{rel}","templated":true}]}}